{"id":3291,"date":"2017-03-05T12:26:32","date_gmt":"2017-03-05T11:26:32","guid":{"rendered":"http:\/\/blogsaverroes.juntadeandalucia.es\/orientacionalmeria\/?p=3291"},"modified":"2017-03-14T13:19:28","modified_gmt":"2017-03-14T12:19:28","slug":"plazo-de-escolarizacion-para-el-curso-2017-2018","status":"publish","type":"post","link":"https:\/\/blogsaverroes.juntadeandalucia.es\/orientacionalmeria\/plazo-de-escolarizacion-para-el-curso-2017-2018\/","title":{"rendered":"Plazo de escolarizaci\u00f3n para el curso 2017-2018"},"content":{"rendered":"<p style=\"text-align: justify\"><a href=\"http:\/\/blogsaverroes.juntadeandalucia.es\/orientacionalmeria\/files\/2017\/03\/20170301_Escolarizaci\u00f3n.jpg\"><img loading=\"lazy\" decoding=\"async\" class=\" wp-image-3292 alignleft\" src=\"http:\/\/blogsaverroes.juntadeandalucia.es\/orientacionalmeria\/files\/2017\/03\/20170301_Escolarizaci\u00f3n-300x155.jpg\" alt=\"\" height=\"137\" width=\"265\" srcset=\"https:\/\/blogsaverroes.juntadeandalucia.es\/orientacionalmeria\/files\/2017\/03\/20170301_Escolarizaci\u00f3n-300x155.jpg 300w, https:\/\/blogsaverroes.juntadeandalucia.es\/orientacionalmeria\/files\/2017\/03\/20170301_Escolarizaci\u00f3n-24x12.jpg 24w, https:\/\/blogsaverroes.juntadeandalucia.es\/orientacionalmeria\/files\/2017\/03\/20170301_Escolarizaci\u00f3n-36x19.jpg 36w, https:\/\/blogsaverroes.juntadeandalucia.es\/orientacionalmeria\/files\/2017\/03\/20170301_Escolarizaci\u00f3n-48x25.jpg 48w, https:\/\/blogsaverroes.juntadeandalucia.es\/orientacionalmeria\/files\/2017\/03\/20170301_Escolarizaci\u00f3n.jpg 581w\" sizes=\"(max-width: 265px) 100vw, 265px\" \/><\/a>Durante todo el mes de marzo permanecer\u00e1 abierto el plazo para la presentaci\u00f3n de solicitudes de admisi\u00f3n en los centros sostenidos con fondos p\u00fablicos para las ense\u00f1anzas de Educaci\u00f3n Infantil (segundo ciclo), Educaci\u00f3n Primaria, Educaci\u00f3n Especial, Educaci\u00f3n Secundaria Obligatoria (ESO) y Bachillerato. Se inicia de este modo el proceso de escolarizaci\u00f3n en el que participan todos los ni\u00f1os y ni\u00f1as que se incorporan por primera vez al sistema educativo, tanto en centros p\u00fablicos como concertados, as\u00ed como el alumnado que cambie de centro escolar.<\/p>\n<p style=\"text-align: justify\"><span style=\"font-size: 10pt\"><a href=\"http:\/\/blogsaverroes.juntadeandalucia.es\/orientacionalmeria\/files\/2013\/05\/enlace-web.jpg\"><img loading=\"lazy\" decoding=\"async\" class=\" wp-image-1152 alignleft\" src=\"http:\/\/blogsaverroes.juntadeandalucia.es\/orientacionalmeria\/files\/2013\/05\/enlace-web.jpg\" alt=\"\" height=\"22\" width=\"22\" srcset=\"https:\/\/blogsaverroes.juntadeandalucia.es\/orientacionalmeria\/files\/2013\/05\/enlace-web.jpg 38w, https:\/\/blogsaverroes.juntadeandalucia.es\/orientacionalmeria\/files\/2013\/05\/enlace-web-24x24.jpg 24w, https:\/\/blogsaverroes.juntadeandalucia.es\/orientacionalmeria\/files\/2013\/05\/enlace-web-36x36.jpg 36w\" sizes=\"(max-width: 22px) 100vw, 22px\" \/><\/a><a id=\"yui_patched_v3_11_0_1_1488712886483_1184\" title=\"Instrucciones sobre los procedimientos de admisi\u00f3n y matriculaci\u00f3n del alumnado para el curso escolar 2017\/18\" href=\"http:\/\/www.juntadeandalucia.es\/educacion\/portals\/web\/ced\/normativa\/-\/normativas\/detalle\/instrucciones-de-27-de-febrero-de-2017-de-la-viceconsejeria-sobre-los-procedimientos-de-admision-y-matriculacion-del\" target=\"_blank\">Instrucciones sobre los procedimientos de admisi\u00f3n y matriculaci\u00f3n del alumnado para el curso escolar 2017\/18 <\/a><\/span><\/p>\n","protected":false},"excerpt":{"rendered":"<p>Durante todo el mes de marzo permanecer\u00e1 abierto el plazo para la presentaci\u00f3n de solicitudes de admisi\u00f3n en los centros sostenidos con fondos p\u00fablicos para las ense\u00f1anzas de Educaci\u00f3n Infantil (segundo ciclo), Educaci\u00f3n Primaria,&#46;&#46;&#46;<\/p>\n","protected":false},"author":4749,"featured_media":0,"comment_status":"closed","ping_status":"open","sticky":false,"template":"","format":"standard","meta":{"ngg_post_thumbnail":0,"footnotes":""},"categories":[1],"tags":[],"aioseo_notices":[],"_links":{"self":[{"href":"https:\/\/blogsaverroes.juntadeandalucia.es\/orientacionalmeria\/wp-json\/wp\/v2\/posts\/3291"}],"collection":[{"href":"https:\/\/blogsaverroes.juntadeandalucia.es\/orientacionalmeria\/wp-json\/wp\/v2\/posts"}],"about":[{"href":"https:\/\/blogsaverroes.juntadeandalucia.es\/orientacionalmeria\/wp-json\/wp\/v2\/types\/post"}],"author":[{"embeddable":true,"href":"https:\/\/blogsaverroes.juntadeandalucia.es\/orientacionalmeria\/wp-json\/wp\/v2\/users\/4749"}],"replies":[{"embeddable":true,"href":"https:\/\/blogsaverroes.juntadeandalucia.es\/orientacionalmeria\/wp-json\/wp\/v2\/comments?post=3291"}],"version-history":[{"count":5,"href":"https:\/\/blogsaverroes.juntadeandalucia.es\/orientacionalmeria\/wp-json\/wp\/v2\/posts\/3291\/revisions"}],"predecessor-version":[{"id":3682,"href":"https:\/\/blogsaverroes.juntadeandalucia.es\/orientacionalmeria\/wp-json\/wp\/v2\/posts\/3291\/revisions\/3682"}],"wp:attachment":[{"href":"https:\/\/blogsaverroes.juntadeandalucia.es\/orientacionalmeria\/wp-json\/wp\/v2\/media?parent=3291"}],"wp:term":[{"taxonomy":"category","embeddable":true,"href":"https:\/\/blogsaverroes.juntadeandalucia.es\/orientacionalmeria\/wp-json\/wp\/v2\/categories?post=3291"},{"taxonomy":"post_tag","embeddable":true,"href":"https:\/\/blogsaverroes.juntadeandalucia.es\/orientacionalmeria\/wp-json\/wp\/v2\/tags?post=3291"}],"curies":[{"name":"wp","href":"https:\/\/api.w.org\/{rel}","templated":true}]}}