{"id":4041,"date":"2018-02-21T20:15:20","date_gmt":"2018-02-21T19:15:20","guid":{"rendered":"http:\/\/blogsaverroes.juntadeandalucia.es\/orientacionalmeria\/?p=4041"},"modified":"2018-02-22T20:59:55","modified_gmt":"2018-02-22T19:59:55","slug":"guia-para-la-orientacion-educativa-alumnado-con-retraso-en-el-lenguaje-y-tel","status":"publish","type":"post","link":"https:\/\/blogsaverroes.juntadeandalucia.es\/orientacionalmeria\/guia-para-la-orientacion-educativa-alumnado-con-retraso-en-el-lenguaje-y-tel\/","title":{"rendered":"Gu\u00eda para la orientaci\u00f3n educativa: alumnado con retraso en el lenguaje y TEL"},"content":{"rendered":"<p style=\"text-align: justify\"><a href=\"https:\/\/blogsaverroes.juntadeandalucia.es\/orientacionalmeria\/files\/2016\/11\/Guia-TEL-y-RL-1.pdf\" target=\"_blank\" rel=\"noopener\"><img loading=\"lazy\" decoding=\"async\" class=\" wp-image-4061 alignleft\" src=\"https:\/\/blogsaverroes.juntadeandalucia.es\/orientacionalmeria\/files\/2018\/02\/Gu\u00eda-2018-portada-232x300.jpg\" alt=\"\" width=\"96\" height=\"124\" srcset=\"https:\/\/blogsaverroes.juntadeandalucia.es\/orientacionalmeria\/files\/2018\/02\/Gu\u00eda-2018-portada-232x300.jpg 232w, https:\/\/blogsaverroes.juntadeandalucia.es\/orientacionalmeria\/files\/2018\/02\/Gu\u00eda-2018-portada-19x24.jpg 19w, https:\/\/blogsaverroes.juntadeandalucia.es\/orientacionalmeria\/files\/2018\/02\/Gu\u00eda-2018-portada-28x36.jpg 28w, https:\/\/blogsaverroes.juntadeandalucia.es\/orientacionalmeria\/files\/2018\/02\/Gu\u00eda-2018-portada-37x48.jpg 37w, https:\/\/blogsaverroes.juntadeandalucia.es\/orientacionalmeria\/files\/2018\/02\/Gu\u00eda-2018-portada.jpg 300w\" sizes=\"(max-width: 96px) 100vw, 96px\" \/><\/a><span style=\"font-size: 12pt\">Disponible en nuestra web la Gu\u00eda para la atenci\u00f3n al alumnado con retrasos en el lenguaje y trastornos espec\u00edficos del lenguaje, que se ha presentado en las \u00faltimas reuniones t\u00e9cnicas de orientaci\u00f3n educativa. <\/span><\/p>\n<p style=\"text-align: justify\"><span style=\"font-size: 12pt\">Se puede bajar, en formato, pdf desde el apartado \u00abpublicaciones\u00bb del men\u00fa principal o clicando sobre la imagen que ilustra esta entrada<\/span><\/p>\n<p>&nbsp;<\/p>\n","protected":false},"excerpt":{"rendered":"<p>Disponible en nuestra web la Gu\u00eda para la atenci\u00f3n al alumnado con retrasos en el lenguaje y trastornos espec\u00edficos del lenguaje, que se ha presentado en las \u00faltimas reuniones t\u00e9cnicas de orientaci\u00f3n educativa. Se&#46;&#46;&#46;<\/p>\n","protected":false},"author":4749,"featured_media":0,"comment_status":"closed","ping_status":"open","sticky":false,"template":"","format":"standard","meta":{"ngg_post_thumbnail":0,"footnotes":""},"categories":[4,1016585],"tags":[],"aioseo_notices":[],"_links":{"self":[{"href":"https:\/\/blogsaverroes.juntadeandalucia.es\/orientacionalmeria\/wp-json\/wp\/v2\/posts\/4041"}],"collection":[{"href":"https:\/\/blogsaverroes.juntadeandalucia.es\/orientacionalmeria\/wp-json\/wp\/v2\/posts"}],"about":[{"href":"https:\/\/blogsaverroes.juntadeandalucia.es\/orientacionalmeria\/wp-json\/wp\/v2\/types\/post"}],"author":[{"embeddable":true,"href":"https:\/\/blogsaverroes.juntadeandalucia.es\/orientacionalmeria\/wp-json\/wp\/v2\/users\/4749"}],"replies":[{"embeddable":true,"href":"https:\/\/blogsaverroes.juntadeandalucia.es\/orientacionalmeria\/wp-json\/wp\/v2\/comments?post=4041"}],"version-history":[{"count":8,"href":"https:\/\/blogsaverroes.juntadeandalucia.es\/orientacionalmeria\/wp-json\/wp\/v2\/posts\/4041\/revisions"}],"predecessor-version":[{"id":4062,"href":"https:\/\/blogsaverroes.juntadeandalucia.es\/orientacionalmeria\/wp-json\/wp\/v2\/posts\/4041\/revisions\/4062"}],"wp:attachment":[{"href":"https:\/\/blogsaverroes.juntadeandalucia.es\/orientacionalmeria\/wp-json\/wp\/v2\/media?parent=4041"}],"wp:term":[{"taxonomy":"category","embeddable":true,"href":"https:\/\/blogsaverroes.juntadeandalucia.es\/orientacionalmeria\/wp-json\/wp\/v2\/categories?post=4041"},{"taxonomy":"post_tag","embeddable":true,"href":"https:\/\/blogsaverroes.juntadeandalucia.es\/orientacionalmeria\/wp-json\/wp\/v2\/tags?post=4041"}],"curies":[{"name":"wp","href":"https:\/\/api.w.org\/{rel}","templated":true}]}}