{"id":4163,"date":"2018-05-22T10:44:20","date_gmt":"2018-05-22T09:44:20","guid":{"rendered":"http:\/\/blogsaverroes.juntadeandalucia.es\/orientacionalmeria\/?p=4163"},"modified":"2018-05-22T10:44:20","modified_gmt":"2018-05-22T09:44:20","slug":"guia-de-adaptaciones-para-alumnado-con-dificultades-de-lectura-escritura-y-dislexia","status":"publish","type":"post","link":"https:\/\/blogsaverroes.juntadeandalucia.es\/orientacionalmeria\/guia-de-adaptaciones-para-alumnado-con-dificultades-de-lectura-escritura-y-dislexia\/","title":{"rendered":"Gu\u00eda de adaptaciones para alumnado con dificultades de lectura, escritura y dislexia"},"content":{"rendered":"<p style=\"text-align: justify\">Publicamos esta gu\u00eda con el fin de orientar sobre las medidas de atenci\u00f3n a la diversidad para el alumnado con dificultades en la lectura y escritura. \u00c9sta consta de dos partes:<br \/>\nLa <strong>primera parte<\/strong> de la gu\u00eda va dirigida a orientar a la tutor\u00eda o profesorado de \u00e1rea o materia sobre el alumnado al que se le han detectado los primeros indicadores de dificultades en lectura escritura de lengua (o incluso matem\u00e1ticas); tambi\u00e9n va dirigida hacia aquel alumnado que ha sido evaluado por el profesional de orientaci\u00f3n educativa, constando exclusivamente su informe de evaluaci\u00f3n psicopedag\u00f3gica en SENECA, aunque no figure en el censo n.e.a.e del sistema SENECA, debido a que no presenta dificultades relevantes ni desfase curricular, pudi\u00e9ndose encauzar su atenci\u00f3n en medidas generales de atenci\u00f3n a la diversidad.<br \/>\nLa <strong>segunda parte<\/strong> va dirigida al alumnado que dispone de evaluaci\u00f3n psicopedag\u00f3gica y registrado en el censo de S\u00c9NECA por presentar necesidades espec\u00edficas de apoyo educativo por dislexia (N.E.A.E), y que necesita la medida espec\u00edfica de \u201cAdaptaci\u00f3n curricular no significativa\u201d (ACNS).<\/p>\n<p>La gu\u00eda se puede bajar en la opci\u00f3n \u00abPublicaciones\u00bb apartado \u00abCuadernos de Orientaci\u00f3n\u00bb o bien a trav\u00e9s de este mismo enlace&nbsp;\u00ab<a href=\"https:\/\/blogsaverroes.juntadeandalucia.es\/orientacionalmeria\/files\/2016\/11\/ACS-no-significativas-1.pdf\">Dificultades de aprendizaje: Adaptaciones para alumnado con dificultades de lectura, escritura y dislexia\u00bb<\/a><\/p>\n","protected":false},"excerpt":{"rendered":"<p>Publicamos esta gu\u00eda con el fin de orientar sobre las medidas de atenci\u00f3n a la diversidad para el alumnado con dificultades en la lectura y escritura. \u00c9sta consta de dos partes: La primera parte&#46;&#46;&#46;<\/p>\n","protected":false},"author":4749,"featured_media":0,"comment_status":"closed","ping_status":"open","sticky":false,"template":"","format":"standard","meta":{"ngg_post_thumbnail":0,"footnotes":""},"categories":[4,1016585],"tags":[],"aioseo_notices":[],"_links":{"self":[{"href":"https:\/\/blogsaverroes.juntadeandalucia.es\/orientacionalmeria\/wp-json\/wp\/v2\/posts\/4163"}],"collection":[{"href":"https:\/\/blogsaverroes.juntadeandalucia.es\/orientacionalmeria\/wp-json\/wp\/v2\/posts"}],"about":[{"href":"https:\/\/blogsaverroes.juntadeandalucia.es\/orientacionalmeria\/wp-json\/wp\/v2\/types\/post"}],"author":[{"embeddable":true,"href":"https:\/\/blogsaverroes.juntadeandalucia.es\/orientacionalmeria\/wp-json\/wp\/v2\/users\/4749"}],"replies":[{"embeddable":true,"href":"https:\/\/blogsaverroes.juntadeandalucia.es\/orientacionalmeria\/wp-json\/wp\/v2\/comments?post=4163"}],"version-history":[{"count":1,"href":"https:\/\/blogsaverroes.juntadeandalucia.es\/orientacionalmeria\/wp-json\/wp\/v2\/posts\/4163\/revisions"}],"predecessor-version":[{"id":4164,"href":"https:\/\/blogsaverroes.juntadeandalucia.es\/orientacionalmeria\/wp-json\/wp\/v2\/posts\/4163\/revisions\/4164"}],"wp:attachment":[{"href":"https:\/\/blogsaverroes.juntadeandalucia.es\/orientacionalmeria\/wp-json\/wp\/v2\/media?parent=4163"}],"wp:term":[{"taxonomy":"category","embeddable":true,"href":"https:\/\/blogsaverroes.juntadeandalucia.es\/orientacionalmeria\/wp-json\/wp\/v2\/categories?post=4163"},{"taxonomy":"post_tag","embeddable":true,"href":"https:\/\/blogsaverroes.juntadeandalucia.es\/orientacionalmeria\/wp-json\/wp\/v2\/tags?post=4163"}],"curies":[{"name":"wp","href":"https:\/\/api.w.org\/{rel}","templated":true}]}}