{"id":4240,"date":"2018-07-02T09:36:54","date_gmt":"2018-07-02T08:36:54","guid":{"rendered":"https:\/\/blogsaverroes.juntadeandalucia.es\/orientacionalmeria\/?p=4240"},"modified":"2018-07-02T09:43:43","modified_gmt":"2018-07-02T08:43:43","slug":"programas-especificos-de-formacion-profesional-basica","status":"publish","type":"post","link":"https:\/\/blogsaverroes.juntadeandalucia.es\/orientacionalmeria\/programas-especificos-de-formacion-profesional-basica\/","title":{"rendered":"Programas Espec\u00edficos de Formaci\u00f3n Profesional B\u00e1sica"},"content":{"rendered":"<p style=\"text-align: justify\">Los Programas Espec\u00edficos de Formaci\u00f3n Profesional est\u00e1n dirigidos a alumnado con necesidades educativas especiales, que teniendo un nivel de autonom\u00eda personal y social que le permita tener expectativas razonables de inserci\u00f3n laboral, no pueda integrarse en un ciclo formativo de Formaci\u00f3n Profesional B\u00e1sica, cuente con un desfase curricular que haga inviable la obtenci\u00f3n del t\u00edtulo de Graduado en Educaci\u00f3n Secundaria Obligatoria o el t\u00edtulo Profesional B\u00e1sico, y pueda alcanzar cualificaciones profesionales asociadas al perfil profesional del t\u00edtulo.<\/p>\n<p style=\"text-align: justify\">La Delegaci\u00f3n Territorial de Educaci\u00f3n en Almer\u00eda, a trav\u00e9s de una resoluci\u00f3n, regula los criterios y el procedimiento de admisi\u00f3n del alumnado que acceda a los programas espec\u00edficos de formaci\u00f3n profesional b\u00e1sica en los centros docentes p\u00fablicos de la provincia de Almer\u00eda, para el curso 2018\/2019.<\/p>\n<p id=\"aui_3_2_0_1128\" class=\"titulo_detalle\" style=\"text-align: justify\"><a href=\"https:\/\/blogsaverroes.juntadeandalucia.es\/orientacionalmeria\/files\/2013\/05\/ppt_icon.png\"><img loading=\"lazy\" decoding=\"async\" class=\" wp-image-1186 alignleft\" src=\"https:\/\/blogsaverroes.juntadeandalucia.es\/orientacionalmeria\/files\/2013\/05\/ppt_icon.png\" alt=\"\" width=\"15\" height=\"15\" srcset=\"https:\/\/blogsaverroes.juntadeandalucia.es\/orientacionalmeria\/files\/2013\/05\/ppt_icon.png 38w, https:\/\/blogsaverroes.juntadeandalucia.es\/orientacionalmeria\/files\/2013\/05\/ppt_icon-24x24.png 24w, https:\/\/blogsaverroes.juntadeandalucia.es\/orientacionalmeria\/files\/2013\/05\/ppt_icon-36x36.png 36w\" sizes=\"(max-width: 15px) 100vw, 15px\" \/><\/a><a href=\"http:\/\/portal.ced.junta-andalucia.es\/educacion\/webportal\/abaco-portlet\/content\/6584d6ce-6e9f-459c-a623-78999c553ad6\" target=\"_blank\" rel=\"noopener\">Acceso a la Resoluci\u00f3n&nbsp;<\/a><\/p>\n<p><a href=\"https:\/\/blogsaverroes.juntadeandalucia.es\/orientacionalmeria\/files\/2013\/05\/ppt_icon.png\"><img loading=\"lazy\" decoding=\"async\" class=\" wp-image-1186 alignleft\" src=\"https:\/\/blogsaverroes.juntadeandalucia.es\/orientacionalmeria\/files\/2013\/05\/ppt_icon.png\" alt=\"\" width=\"15\" height=\"15\" srcset=\"https:\/\/blogsaverroes.juntadeandalucia.es\/orientacionalmeria\/files\/2013\/05\/ppt_icon.png 38w, https:\/\/blogsaverroes.juntadeandalucia.es\/orientacionalmeria\/files\/2013\/05\/ppt_icon-24x24.png 24w, https:\/\/blogsaverroes.juntadeandalucia.es\/orientacionalmeria\/files\/2013\/05\/ppt_icon-36x36.png 36w\" sizes=\"(max-width: 15px) 100vw, 15px\" \/><\/a><a title=\"Visualizar el documento Se abre en una nueva ventana\" href=\"http:\/\/portal.ced.junta-andalucia.es\/educacion\/webportal\/abaco-portlet\/content\/ed7a7b6b-2eaf-4229-bb4c-08d3f4f1e7a3\" target=\"_blank\" rel=\"noopener\">Solicitud<\/a><\/p>\n","protected":false},"excerpt":{"rendered":"<p>Los Programas Espec\u00edficos de Formaci\u00f3n Profesional est\u00e1n dirigidos a alumnado con necesidades educativas especiales, que teniendo un nivel de autonom\u00eda personal y social que le permita tener expectativas razonables de inserci\u00f3n laboral, no pueda&#46;&#46;&#46;<\/p>\n","protected":false},"author":4749,"featured_media":0,"comment_status":"closed","ping_status":"open","sticky":false,"template":"","format":"standard","meta":{"ngg_post_thumbnail":0,"footnotes":""},"categories":[1],"tags":[],"aioseo_notices":[],"_links":{"self":[{"href":"https:\/\/blogsaverroes.juntadeandalucia.es\/orientacionalmeria\/wp-json\/wp\/v2\/posts\/4240"}],"collection":[{"href":"https:\/\/blogsaverroes.juntadeandalucia.es\/orientacionalmeria\/wp-json\/wp\/v2\/posts"}],"about":[{"href":"https:\/\/blogsaverroes.juntadeandalucia.es\/orientacionalmeria\/wp-json\/wp\/v2\/types\/post"}],"author":[{"embeddable":true,"href":"https:\/\/blogsaverroes.juntadeandalucia.es\/orientacionalmeria\/wp-json\/wp\/v2\/users\/4749"}],"replies":[{"embeddable":true,"href":"https:\/\/blogsaverroes.juntadeandalucia.es\/orientacionalmeria\/wp-json\/wp\/v2\/comments?post=4240"}],"version-history":[{"count":8,"href":"https:\/\/blogsaverroes.juntadeandalucia.es\/orientacionalmeria\/wp-json\/wp\/v2\/posts\/4240\/revisions"}],"predecessor-version":[{"id":4248,"href":"https:\/\/blogsaverroes.juntadeandalucia.es\/orientacionalmeria\/wp-json\/wp\/v2\/posts\/4240\/revisions\/4248"}],"wp:attachment":[{"href":"https:\/\/blogsaverroes.juntadeandalucia.es\/orientacionalmeria\/wp-json\/wp\/v2\/media?parent=4240"}],"wp:term":[{"taxonomy":"category","embeddable":true,"href":"https:\/\/blogsaverroes.juntadeandalucia.es\/orientacionalmeria\/wp-json\/wp\/v2\/categories?post=4240"},{"taxonomy":"post_tag","embeddable":true,"href":"https:\/\/blogsaverroes.juntadeandalucia.es\/orientacionalmeria\/wp-json\/wp\/v2\/tags?post=4240"}],"curies":[{"name":"wp","href":"https:\/\/api.w.org\/{rel}","templated":true}]}}