{"id":5314,"date":"2022-04-22T09:39:35","date_gmt":"2022-04-22T08:39:35","guid":{"rendered":"https:\/\/blogsaverroes.juntadeandalucia.es\/orientacionalmeria\/?p=5314"},"modified":"2022-04-22T09:47:22","modified_gmt":"2022-04-22T08:47:22","slug":"5314-2","status":"publish","type":"post","link":"https:\/\/blogsaverroes.juntadeandalucia.es\/orientacionalmeria\/5314-2\/","title":{"rendered":"Convocatoria Pruebas de Acceso a Ciclos Formativos"},"content":{"rendered":"<p align=\"center\"><a href=\"https:\/\/juntadeandalucia.es\/boja\/2022\/76\/23#:~:text=Educaci%C3%B3n%20y%20Deporte-,Resoluci%C3%B3n%20de%2018%20de%20abril%20de%202022%2C%20de%20la%20Direcci%C3%B3n,de%202017%20que%20las%20regula.\"><b>Convocatoria Pruebas de Acceso <\/b><b>a los ciclos formativos de grado medio y superior<\/b><\/a><\/p>\n<table width=\"100%\" cellspacing=\"0\" cellpadding=\"2\">\n<colgroup>\n<col width=\"128*\"\/>\n<col width=\"128*\"\/> <\/colgroup>\n<tbody>\n<tr valign=\"top\" bgcolor=\"#81d41a\">\n<td style=\"background: transparent\" width=\"50%\">\n<p align=\"center\"><b>Hito<\/b><\/p>\n<\/td>\n<td style=\"background: transparent\" width=\"50%\">\n<p align=\"center\"><b>Plazo<\/b><\/p>\n<\/td>\n<\/tr>\n<tr valign=\"top\" bgcolor=\"#afd095\">\n<td style=\"background: transparent\" width=\"50%\">Plazo de inscripci\u00f3n convocatoria<\/td>\n<td style=\"background: transparent\" width=\"50%\">Del <b>25 de abril al 6 de mayo <\/b>de 2022<\/td>\n<\/tr>\n<tr valign=\"top\" bgcolor=\"#afd095\">\n<td style=\"background: transparent\" width=\"50%\">Publicaci\u00f3n de la relaci\u00f3n provisional de aspirantes admitidos y excluidos<\/td>\n<td style=\"background: transparent\" width=\"50%\">23 de mayo de 2022<\/td>\n<\/tr>\n<tr valign=\"top\" bgcolor=\"#afd095\">\n<td style=\"background: transparent\" width=\"50%\">Reclamaciones a la relaci\u00f3n provisional de personas admitidas y excluidas<\/td>\n<td style=\"background: transparent\" width=\"50%\">Del 24 al 26 de mayo de 2022<\/td>\n<\/tr>\n<tr valign=\"top\" bgcolor=\"#afd095\">\n<td style=\"background: transparent\" width=\"50%\">Publicaci\u00f3n de la relaci\u00f3n definitiva de aspirantes admitidos y excluidos<\/td>\n<td style=\"background: transparent\" width=\"50%\">27 de mayo de 2022<\/td>\n<\/tr>\n<tr valign=\"top\" bgcolor=\"#afd095\">\n<td style=\"background: transparent\" width=\"50%\">Realizaci\u00f3n de las pruebas<\/td>\n<td style=\"background: transparent\" width=\"50%\">Del <b>30 de mayo al 10 de junio<\/b> de 2022<\/td>\n<\/tr>\n<tr valign=\"top\" bgcolor=\"#afd095\">\n<td style=\"background: transparent\" width=\"50%\">Publicaci\u00f3n del acta con los resultados de las pruebas de acceso a los ciclos formativos<\/td>\n<td style=\"background: transparent\" width=\"50%\">15 de junio de 2022<\/td>\n<\/tr>\n<tr valign=\"top\" bgcolor=\"#afd095\">\n<td style=\"background: transparent\" width=\"50%\" height=\"26\">Reclamaci\u00f3n a la calificaci\u00f3n<\/td>\n<td style=\"background: transparent\" width=\"50%\">Del 16 al 17 de junio de 2022<\/td>\n<\/tr>\n<tr valign=\"top\" bgcolor=\"#afd095\">\n<td style=\"background: transparent\" width=\"50%\">Publicaci\u00f3n del acta con los resultados definitivos de las pruebas de acceso a los ciclos formativos.<\/td>\n<td style=\"background: transparent\" width=\"50%\"><b>20 de junio<\/b> de 2022<\/td>\n<\/tr>\n<\/tbody>\n<\/table>\n<p align=\"justify\"><span style=\"font-size: xx-small\"><span style=\"font-family: Arial-ItalicMT, serif\"><i>Resoluci\u00f3n de 18 de abril de 2022, de la Direcci\u00f3n General de Formaci\u00f3n <\/i><\/span><span style=\"font-family: Arial-ItalicMT, serif\"><i>Profesional, por la que se convocan las pruebas de acceso a los ciclos formativos de grado medio y grado superior de formaci\u00f3n profesional en el <\/i><\/span><span style=\"font-family: Arial-ItalicMT, serif\"><i>curso 2021\/2022, en virtud de la Orden de 21 de febrero de 2017 que las regula.<\/i><\/span><\/span><\/p>\n<p>&nbsp;<\/p>\n","protected":false},"excerpt":{"rendered":"<p>Convocatoria Pruebas de Acceso a los ciclos formativos de grado medio y superior Hito Plazo Plazo de inscripci\u00f3n convocatoria Del 25 de abril al 6 de mayo de 2022 Publicaci\u00f3n de la relaci\u00f3n provisional&#46;&#46;&#46;<\/p>\n","protected":false},"author":4749,"featured_media":5317,"comment_status":"closed","ping_status":"open","sticky":false,"template":"","format":"standard","meta":{"ngg_post_thumbnail":0,"footnotes":""},"categories":[8609],"tags":[],"aioseo_notices":[],"_links":{"self":[{"href":"https:\/\/blogsaverroes.juntadeandalucia.es\/orientacionalmeria\/wp-json\/wp\/v2\/posts\/5314"}],"collection":[{"href":"https:\/\/blogsaverroes.juntadeandalucia.es\/orientacionalmeria\/wp-json\/wp\/v2\/posts"}],"about":[{"href":"https:\/\/blogsaverroes.juntadeandalucia.es\/orientacionalmeria\/wp-json\/wp\/v2\/types\/post"}],"author":[{"embeddable":true,"href":"https:\/\/blogsaverroes.juntadeandalucia.es\/orientacionalmeria\/wp-json\/wp\/v2\/users\/4749"}],"replies":[{"embeddable":true,"href":"https:\/\/blogsaverroes.juntadeandalucia.es\/orientacionalmeria\/wp-json\/wp\/v2\/comments?post=5314"}],"version-history":[{"count":4,"href":"https:\/\/blogsaverroes.juntadeandalucia.es\/orientacionalmeria\/wp-json\/wp\/v2\/posts\/5314\/revisions"}],"predecessor-version":[{"id":5319,"href":"https:\/\/blogsaverroes.juntadeandalucia.es\/orientacionalmeria\/wp-json\/wp\/v2\/posts\/5314\/revisions\/5319"}],"wp:featuredmedia":[{"embeddable":true,"href":"https:\/\/blogsaverroes.juntadeandalucia.es\/orientacionalmeria\/wp-json\/wp\/v2\/media\/5317"}],"wp:attachment":[{"href":"https:\/\/blogsaverroes.juntadeandalucia.es\/orientacionalmeria\/wp-json\/wp\/v2\/media?parent=5314"}],"wp:term":[{"taxonomy":"category","embeddable":true,"href":"https:\/\/blogsaverroes.juntadeandalucia.es\/orientacionalmeria\/wp-json\/wp\/v2\/categories?post=5314"},{"taxonomy":"post_tag","embeddable":true,"href":"https:\/\/blogsaverroes.juntadeandalucia.es\/orientacionalmeria\/wp-json\/wp\/v2\/tags?post=5314"}],"curies":[{"name":"wp","href":"https:\/\/api.w.org\/{rel}","templated":true}]}}