{"id":1342,"date":"2023-06-07T18:08:24","date_gmt":"2023-06-07T17:08:24","guid":{"rendered":"https:\/\/blogsaverroes.juntadeandalucia.es\/orientacionpjm\/?p=1342"},"modified":"2023-06-07T18:08:24","modified_gmt":"2023-06-07T17:08:24","slug":"viaje-a-aguilas-y-playita","status":"publish","type":"post","link":"https:\/\/blogsaverroes.juntadeandalucia.es\/orientacionpjm\/viaje-a-aguilas-y-playita\/","title":{"rendered":"Viaje a \u00c1guilas y playita"},"content":{"rendered":"<p><a href=\"https:\/\/blogsaverroes.juntadeandalucia.es\/orientacionpjm\/impulsa\/inshot_20230607_183552137\/\" rel=\"attachment wp-att-1313\"><img loading=\"lazy\" decoding=\"async\" class=\"alignnone size-medium wp-image-1313\" src=\"https:\/\/blogsaverroes.juntadeandalucia.es\/orientacionpjm\/files\/2023\/06\/InShot_20230607_183552137-300x300.jpg\" alt=\"\" width=\"300\" height=\"300\" srcset=\"https:\/\/blogsaverroes.juntadeandalucia.es\/orientacionpjm\/files\/2023\/06\/InShot_20230607_183552137-300x300.jpg 300w, https:\/\/blogsaverroes.juntadeandalucia.es\/orientacionpjm\/files\/2023\/06\/InShot_20230607_183552137-1024x1024.jpg 1024w, https:\/\/blogsaverroes.juntadeandalucia.es\/orientacionpjm\/files\/2023\/06\/InShot_20230607_183552137-150x150.jpg 150w, https:\/\/blogsaverroes.juntadeandalucia.es\/orientacionpjm\/files\/2023\/06\/InShot_20230607_183552137-768x768.jpg 768w, https:\/\/blogsaverroes.juntadeandalucia.es\/orientacionpjm\/files\/2023\/06\/InShot_20230607_183552137-1536x1536.jpg 1536w, https:\/\/blogsaverroes.juntadeandalucia.es\/orientacionpjm\/files\/2023\/06\/InShot_20230607_183552137.jpg 1600w\" sizes=\"(max-width: 300px) 100vw, 300px\" \/><\/a> <a href=\"https:\/\/blogsaverroes.juntadeandalucia.es\/orientacionpjm\/impulsa\/logo\/\" rel=\"attachment wp-att-1071\"><img loading=\"lazy\" decoding=\"async\" class=\"alignnone size-medium wp-image-1071\" src=\"https:\/\/blogsaverroes.juntadeandalucia.es\/orientacionpjm\/files\/2023\/05\/logo-300x182.png\" alt=\"\" width=\"300\" height=\"182\" srcset=\"https:\/\/blogsaverroes.juntadeandalucia.es\/orientacionpjm\/files\/2023\/05\/logo-300x182.png 300w, https:\/\/blogsaverroes.juntadeandalucia.es\/orientacionpjm\/files\/2023\/05\/logo-1024x620.png 1024w, https:\/\/blogsaverroes.juntadeandalucia.es\/orientacionpjm\/files\/2023\/05\/logo-768x465.png 768w, https:\/\/blogsaverroes.juntadeandalucia.es\/orientacionpjm\/files\/2023\/05\/logo.png 1301w\" sizes=\"(max-width: 300px) 100vw, 300px\" \/><\/a><\/p>\n<p>Por motivos meteorol\u00f3gicos, el viaje programado a \u00c1guilas y la playa ha sido reprogramado para el 22 de junio. Se subir\u00e1n todas las&nbsp; fotos y descripci\u00f3n al d\u00eda siguiente de su realizaci\u00f3n.&nbsp;<\/p>\n<p>Financiado por el Programa IMPULSA INNOVACI\u00d3N<\/p>\n","protected":false},"excerpt":{"rendered":"<p>Por motivos meteorol\u00f3gicos, el viaje programado a \u00c1guilas y la playa ha sido reprogramado para el 22 de junio. Se subir\u00e1n todas las&nbsp; fotos y&hellip;<\/p>\n","protected":false},"author":6069,"featured_media":0,"comment_status":"open","ping_status":"open","sticky":false,"template":"","format":"standard","meta":{"ngg_post_thumbnail":0,"footnotes":""},"categories":[11909],"tags":[],"aioseo_notices":[],"_links":{"self":[{"href":"https:\/\/blogsaverroes.juntadeandalucia.es\/orientacionpjm\/wp-json\/wp\/v2\/posts\/1342"}],"collection":[{"href":"https:\/\/blogsaverroes.juntadeandalucia.es\/orientacionpjm\/wp-json\/wp\/v2\/posts"}],"about":[{"href":"https:\/\/blogsaverroes.juntadeandalucia.es\/orientacionpjm\/wp-json\/wp\/v2\/types\/post"}],"author":[{"embeddable":true,"href":"https:\/\/blogsaverroes.juntadeandalucia.es\/orientacionpjm\/wp-json\/wp\/v2\/users\/6069"}],"replies":[{"embeddable":true,"href":"https:\/\/blogsaverroes.juntadeandalucia.es\/orientacionpjm\/wp-json\/wp\/v2\/comments?post=1342"}],"version-history":[{"count":1,"href":"https:\/\/blogsaverroes.juntadeandalucia.es\/orientacionpjm\/wp-json\/wp\/v2\/posts\/1342\/revisions"}],"predecessor-version":[{"id":1343,"href":"https:\/\/blogsaverroes.juntadeandalucia.es\/orientacionpjm\/wp-json\/wp\/v2\/posts\/1342\/revisions\/1343"}],"wp:attachment":[{"href":"https:\/\/blogsaverroes.juntadeandalucia.es\/orientacionpjm\/wp-json\/wp\/v2\/media?parent=1342"}],"wp:term":[{"taxonomy":"category","embeddable":true,"href":"https:\/\/blogsaverroes.juntadeandalucia.es\/orientacionpjm\/wp-json\/wp\/v2\/categories?post=1342"},{"taxonomy":"post_tag","embeddable":true,"href":"https:\/\/blogsaverroes.juntadeandalucia.es\/orientacionpjm\/wp-json\/wp\/v2\/tags?post=1342"}],"curies":[{"name":"wp","href":"https:\/\/api.w.org\/{rel}","templated":true}]}}