{"id":1352,"date":"2024-05-21T18:49:12","date_gmt":"2024-05-21T17:49:12","guid":{"rendered":"https:\/\/blogsaverroes.juntadeandalucia.es\/orientacionpjm\/?p=1352"},"modified":"2024-05-21T18:58:00","modified_gmt":"2024-05-21T17:58:00","slug":"iv-encuentro-de-formacion-profesional-artes-plasticas-y-diseno-de-andalucia-oriental","status":"publish","type":"post","link":"https:\/\/blogsaverroes.juntadeandalucia.es\/orientacionpjm\/iv-encuentro-de-formacion-profesional-artes-plasticas-y-diseno-de-andalucia-oriental\/","title":{"rendered":"IV Encuentro de Formaci\u00f3n Profesional, Artes Pl\u00e1sticas y Dise\u00f1o de Andaluc\u00eda Oriental"},"content":{"rendered":"<p>Los d\u00edas 17 y 18 de abril, hemos celebrado en el IES Pedro Jim\u00e9nez Montoya. Esto supone un despliegue de recursos, esfuerzo y trabajo durante bastante tiempo, imprescindible para que esto salga adelante.&nbsp;<\/p>\n<div>\n<div>Ya es el IV Encuentro de formaci\u00f3n profesional que organizamos, y el \u00e9xito y participaci\u00f3n es cada vez mayor, acudiendo a exponer centros de las Comarcas de Baza y Huescar, varias zonas de la provincia de Almer\u00eda (Valle de Almanzora y Velez&nbsp;Rubio), Pozo Alc\u00f3n de Jaez y Guadix. Y de todas estas zonas nos ha visitado alumnado de 4\u00ba de ESO, bachillerato y ciclos formativos, entre otros, llegando a casi 2000 asistentes en dos d\u00edas.&nbsp;<\/div>\n<div>&nbsp;<\/div>\n<div>Con este Encuentro nos planteamos varios objetivos:&nbsp;<\/div>\n<div>&nbsp;<\/div>\n<div>&#8211; Por un lado, dar a conocer toda la oferta de la zona a nuestro alumnado y cualquier otra persona que podr\u00eda estar interesada en esta formaci\u00f3n.&nbsp;<\/div>\n<div>&#8211; Por otro lado, que cada centro pueda mostrar su oferta, darse a conocer y poner en valor la formaci\u00f3n profesional, que se ha convertido en la opci\u00f3n formativa con m\u00e1s salidas profesionales.&nbsp;<\/div>\n<div>&#8211; Y, por \u00faltimo, establecer lazos con el tejido empresarial de la zona, en que nuestro alumnado realice la formaci\u00f3n DUAL, pr\u00e1cticas y posterior incorporaci\u00f3n al mundo laboral.&nbsp;<\/div>\n<div>&nbsp;<\/div>\n<div>Todo ello lo hemos podido mostrar tanto en los distintos stands, talleres realizados, charlas, d\u00eda del empresariado, demostraciones, degustaciones, etc<\/div>\n<div>&nbsp;<\/div>\n<div>Consideramos que ha sido un \u00e9xito.&nbsp;<\/div>\n<\/div>\n<div>&nbsp;<\/div>\n<div>\n<p>Gracias a todas las personas y entidades colaboradoras, entre las que quiero destacar el apoyo de Caixabank Dualiza y FPEmpresa, que con su apoyo, nos permiten mejorar este evento y hacer que llegue m\u00e1s y mejor.<\/p>\n<p><iframe loading=\"lazy\" title=\"IV Encuentro de Formaci\u00f3n Profesional, Artes Pl\u00e1sticas y Dise\u00f1o de Andaluc\u00eda Oriental.\" width=\"843\" height=\"474\" src=\"https:\/\/www.youtube.com\/embed\/6Ho34bmuyHM?feature=oembed\" frameborder=\"0\" allow=\"accelerometer; autoplay; clipboard-write; encrypted-media; gyroscope; picture-in-picture; web-share\" referrerpolicy=\"strict-origin-when-cross-origin\" allowfullscreen><\/iframe><\/p>\n<p><iframe class=\"wp-embedded-content\" sandbox=\"allow-scripts\" security=\"restricted\" title=\"FORMACION PROFESIONAL\" frameborder='0' width='1200' height='675' src='https:\/\/view.genially.com\/66140d54257abe001486d83d#?secret=VirhOTeDzR' data-secret='VirhOTeDzR' scrolling='yes'><\/iframe><\/p>\n<\/div>\n","protected":false},"excerpt":{"rendered":"<p>Los d\u00edas 17 y 18 de abril, hemos celebrado en el IES Pedro Jim\u00e9nez Montoya. Esto supone un despliegue de recursos, esfuerzo y trabajo durante&hellip;<\/p>\n","protected":false},"author":6069,"featured_media":0,"comment_status":"open","ping_status":"open","sticky":false,"template":"","format":"standard","meta":{"ngg_post_thumbnail":0,"footnotes":""},"categories":[12586,1347981],"tags":[],"aioseo_notices":[],"_links":{"self":[{"href":"https:\/\/blogsaverroes.juntadeandalucia.es\/orientacionpjm\/wp-json\/wp\/v2\/posts\/1352"}],"collection":[{"href":"https:\/\/blogsaverroes.juntadeandalucia.es\/orientacionpjm\/wp-json\/wp\/v2\/posts"}],"about":[{"href":"https:\/\/blogsaverroes.juntadeandalucia.es\/orientacionpjm\/wp-json\/wp\/v2\/types\/post"}],"author":[{"embeddable":true,"href":"https:\/\/blogsaverroes.juntadeandalucia.es\/orientacionpjm\/wp-json\/wp\/v2\/users\/6069"}],"replies":[{"embeddable":true,"href":"https:\/\/blogsaverroes.juntadeandalucia.es\/orientacionpjm\/wp-json\/wp\/v2\/comments?post=1352"}],"version-history":[{"count":3,"href":"https:\/\/blogsaverroes.juntadeandalucia.es\/orientacionpjm\/wp-json\/wp\/v2\/posts\/1352\/revisions"}],"predecessor-version":[{"id":1355,"href":"https:\/\/blogsaverroes.juntadeandalucia.es\/orientacionpjm\/wp-json\/wp\/v2\/posts\/1352\/revisions\/1355"}],"wp:attachment":[{"href":"https:\/\/blogsaverroes.juntadeandalucia.es\/orientacionpjm\/wp-json\/wp\/v2\/media?parent=1352"}],"wp:term":[{"taxonomy":"category","embeddable":true,"href":"https:\/\/blogsaverroes.juntadeandalucia.es\/orientacionpjm\/wp-json\/wp\/v2\/categories?post=1352"},{"taxonomy":"post_tag","embeddable":true,"href":"https:\/\/blogsaverroes.juntadeandalucia.es\/orientacionpjm\/wp-json\/wp\/v2\/tags?post=1352"}],"curies":[{"name":"wp","href":"https:\/\/api.w.org\/{rel}","templated":true}]}}