{"id":1485,"date":"2024-05-30T18:40:00","date_gmt":"2024-05-30T17:40:00","guid":{"rendered":"https:\/\/blogsaverroes.juntadeandalucia.es\/orientacionpjm\/?p=1485"},"modified":"2024-05-30T18:40:01","modified_gmt":"2024-05-30T17:40:01","slug":"ampliamos-nuestro-rincon-de-igualdad-en-la-biblioteca","status":"publish","type":"post","link":"https:\/\/blogsaverroes.juntadeandalucia.es\/orientacionpjm\/ampliamos-nuestro-rincon-de-igualdad-en-la-biblioteca\/","title":{"rendered":"Ampliamos nuestro Rinc\u00f3n de Igualdad en la biblioteca."},"content":{"rendered":"<p style=\"text-align: center\"><a href=\"https:\/\/blogsaverroes.juntadeandalucia.es\/orientacionpjm\/coeducacion\/banner-tres-logos-1\/\" rel=\"attachment wp-att-958\"><img loading=\"lazy\" decoding=\"async\" class=\"alignnone wp-image-958 size-large\" src=\"https:\/\/blogsaverroes.juntadeandalucia.es\/orientacionpjm\/files\/2023\/05\/Banner-tres-logos-1-1024x173.jpg\" alt=\"\" width=\"843\" height=\"142\" srcset=\"https:\/\/blogsaverroes.juntadeandalucia.es\/orientacionpjm\/files\/2023\/05\/Banner-tres-logos-1-1024x173.jpg 1024w, https:\/\/blogsaverroes.juntadeandalucia.es\/orientacionpjm\/files\/2023\/05\/Banner-tres-logos-1-300x51.jpg 300w, https:\/\/blogsaverroes.juntadeandalucia.es\/orientacionpjm\/files\/2023\/05\/Banner-tres-logos-1-768x129.jpg 768w, https:\/\/blogsaverroes.juntadeandalucia.es\/orientacionpjm\/files\/2023\/05\/Banner-tres-logos-1.jpg 1175w\" sizes=\"(max-width: 843px) 100vw, 843px\" \/><\/a><\/p>\n<p>El Pacto de Estado contra la violencia de g\u00e9nero, nos permite ampliar un poquito nuestro Rinc\u00f3n de igualdad de la Biblioteca.&nbsp;<\/p>\n<p>Las adquisiciones han sido las siguientes:&nbsp;<\/p>\n<ol>\n<li>El Programa de Valores y Educaci\u00f3n Emocional Talentum (del 1 al 4), con el fin de ahondar para el pr\u00f3ximo curso en este aspecto que llevamos tiempo detectando que necesita que se trabaje. Por lo que las tutor\u00edas para el pr\u00f3ximo curso se centrar\u00e1n especialmente en estos aprendizajes.&nbsp;<\/li>\n<\/ol>\n<p><a href=\"https:\/\/blogsaverroes.juntadeandalucia.es\/orientacionpjm\/ampliamos-nuestro-rincon-de-igualdad-en-la-biblioteca\/talentum-l1-2\/\" rel=\"attachment wp-att-1492\"><img loading=\"lazy\" decoding=\"async\" class=\"size-medium wp-image-1492 aligncenter\" src=\"https:\/\/blogsaverroes.juntadeandalucia.es\/orientacionpjm\/files\/2024\/05\/TALENTUM-L1-2-212x300.jpg\" alt=\"\" width=\"212\" height=\"300\" srcset=\"https:\/\/blogsaverroes.juntadeandalucia.es\/orientacionpjm\/files\/2024\/05\/TALENTUM-L1-2-212x300.jpg 212w, https:\/\/blogsaverroes.juntadeandalucia.es\/orientacionpjm\/files\/2024\/05\/TALENTUM-L1-2-724x1024.jpg 724w, https:\/\/blogsaverroes.juntadeandalucia.es\/orientacionpjm\/files\/2024\/05\/TALENTUM-L1-2-768x1086.jpg 768w, https:\/\/blogsaverroes.juntadeandalucia.es\/orientacionpjm\/files\/2024\/05\/TALENTUM-L1-2.jpg 1024w\" sizes=\"(max-width: 212px) 100vw, 212px\" \/><\/a><a href=\"https:\/\/blogsaverroes.juntadeandalucia.es\/orientacionpjm\/ampliamos-nuestro-rincon-de-igualdad-en-la-biblioteca\/talentum-2\/\" rel=\"attachment wp-att-1490\"><img loading=\"lazy\" decoding=\"async\" class=\"size-medium wp-image-1490 aligncenter\" src=\"https:\/\/blogsaverroes.juntadeandalucia.es\/orientacionpjm\/files\/2024\/05\/talentum-2-228x300.png\" alt=\"\" width=\"228\" height=\"300\" srcset=\"https:\/\/blogsaverroes.juntadeandalucia.es\/orientacionpjm\/files\/2024\/05\/talentum-2-228x300.png 228w, https:\/\/blogsaverroes.juntadeandalucia.es\/orientacionpjm\/files\/2024\/05\/talentum-2.png 543w\" sizes=\"(max-width: 228px) 100vw, 228px\" \/><\/a><\/p>\n<p><a href=\"https:\/\/blogsaverroes.juntadeandalucia.es\/orientacionpjm\/ampliamos-nuestro-rincon-de-igualdad-en-la-biblioteca\/talentum-3\/\" rel=\"attachment wp-att-1491\"><img loading=\"lazy\" decoding=\"async\" class=\"size-medium wp-image-1491 aligncenter\" src=\"https:\/\/blogsaverroes.juntadeandalucia.es\/orientacionpjm\/files\/2024\/05\/talentum-3-223x300.png\" alt=\"\" width=\"223\" height=\"300\" srcset=\"https:\/\/blogsaverroes.juntadeandalucia.es\/orientacionpjm\/files\/2024\/05\/talentum-3-223x300.png 223w, https:\/\/blogsaverroes.juntadeandalucia.es\/orientacionpjm\/files\/2024\/05\/talentum-3.png 529w\" sizes=\"(max-width: 223px) 100vw, 223px\" \/><\/a><a href=\"https:\/\/blogsaverroes.juntadeandalucia.es\/orientacionpjm\/ampliamos-nuestro-rincon-de-igualdad-en-la-biblioteca\/31cbifdeuhl-_ac_uf8941000_ql80_\/\" rel=\"attachment wp-att-1487\"><img loading=\"lazy\" decoding=\"async\" class=\"size-medium wp-image-1487 aligncenter\" src=\"https:\/\/blogsaverroes.juntadeandalucia.es\/orientacionpjm\/files\/2024\/05\/31cBIFDEuhL._AC_UF8941000_QL80_-209x300.jpg\" alt=\"\" width=\"209\" height=\"300\" srcset=\"https:\/\/blogsaverroes.juntadeandalucia.es\/orientacionpjm\/files\/2024\/05\/31cBIFDEuhL._AC_UF8941000_QL80_-209x300.jpg 209w, https:\/\/blogsaverroes.juntadeandalucia.es\/orientacionpjm\/files\/2024\/05\/31cBIFDEuhL._AC_UF8941000_QL80_.jpg 696w\" sizes=\"(max-width: 209px) 100vw, 209px\" \/><\/a><\/p>\n<p>Adem\u00e1s, hemos adquirido esta maravilla de libro. Os copio la sinopsis, para que os hag\u00e1is una idea&#8230;espero que guste.&nbsp;<\/p>\n<p><em>Femina sapiens, es como una peque\u00f1a broma que nos sirve para poner en evidencia una cuesti\u00f3n: \u00bfpor qu\u00e9 cuando se reconstruye la prehistoria solo se habla de hombres? \u00bfPor qu\u00e9 no hacer ciencia focalizando las investigaciones tambi\u00e9n en los restos arqueol\u00f3gicos de mujeres, que se han hallado en gran cantidad?<\/em><\/p>\n<p><em>Este libro es un gran \u00e1lbum familiar que te permitir\u00e1 averiguar qui\u00e9nes fueron tus tataratataratataratatara\u2026 abuelas y abuelos. Un retrato s\u00faper entretenido y riguroso sobre la evoluci\u00f3n del Homo sapiens desde la perspectiva de las f\u00e9minas.<\/em><\/p>\n<p><em>Te presentamos a algunas de tus parientes: Ardi, que pasaba tanto tiempo en los \u00e1rboles como caminando; Lucy, la abuela m\u00e1s famosa; la Se\u00f1ora Ples, la Chica de la Gran Dolina y Benjamina, la m\u00e1s querida, entre otras docenas de historias que te encantar\u00e1n.<\/em><\/p>\n<p><a href=\"https:\/\/blogsaverroes.juntadeandalucia.es\/orientacionpjm\/ampliamos-nuestro-rincon-de-igualdad-en-la-biblioteca\/71gndfkq6l-_ac_uf8941000_ql80_\/\" rel=\"attachment wp-att-1488\"><img loading=\"lazy\" decoding=\"async\" class=\"size-medium wp-image-1488 aligncenter\" src=\"https:\/\/blogsaverroes.juntadeandalucia.es\/orientacionpjm\/files\/2024\/05\/71GnDfkQ6L._AC_UF8941000_QL80_-264x300.jpg\" alt=\"\" width=\"264\" height=\"300\" srcset=\"https:\/\/blogsaverroes.juntadeandalucia.es\/orientacionpjm\/files\/2024\/05\/71GnDfkQ6L._AC_UF8941000_QL80_-264x300.jpg 264w, https:\/\/blogsaverroes.juntadeandalucia.es\/orientacionpjm\/files\/2024\/05\/71GnDfkQ6L._AC_UF8941000_QL80_-768x873.jpg 768w, https:\/\/blogsaverroes.juntadeandalucia.es\/orientacionpjm\/files\/2024\/05\/71GnDfkQ6L._AC_UF8941000_QL80_.jpg 880w\" sizes=\"(max-width: 264px) 100vw, 264px\" \/><\/a>&nbsp;<\/p>\n","protected":false},"excerpt":{"rendered":"<p>El Pacto de Estado contra la violencia de g\u00e9nero, nos permite ampliar un poquito nuestro Rinc\u00f3n de igualdad de la Biblioteca.&nbsp; Las adquisiciones han sido&hellip;<\/p>\n","protected":false},"author":6069,"featured_media":0,"comment_status":"open","ping_status":"open","sticky":false,"template":"","format":"standard","meta":{"ngg_post_thumbnail":0,"footnotes":""},"categories":[9963],"tags":[],"aioseo_notices":[],"_links":{"self":[{"href":"https:\/\/blogsaverroes.juntadeandalucia.es\/orientacionpjm\/wp-json\/wp\/v2\/posts\/1485"}],"collection":[{"href":"https:\/\/blogsaverroes.juntadeandalucia.es\/orientacionpjm\/wp-json\/wp\/v2\/posts"}],"about":[{"href":"https:\/\/blogsaverroes.juntadeandalucia.es\/orientacionpjm\/wp-json\/wp\/v2\/types\/post"}],"author":[{"embeddable":true,"href":"https:\/\/blogsaverroes.juntadeandalucia.es\/orientacionpjm\/wp-json\/wp\/v2\/users\/6069"}],"replies":[{"embeddable":true,"href":"https:\/\/blogsaverroes.juntadeandalucia.es\/orientacionpjm\/wp-json\/wp\/v2\/comments?post=1485"}],"version-history":[{"count":3,"href":"https:\/\/blogsaverroes.juntadeandalucia.es\/orientacionpjm\/wp-json\/wp\/v2\/posts\/1485\/revisions"}],"predecessor-version":[{"id":1494,"href":"https:\/\/blogsaverroes.juntadeandalucia.es\/orientacionpjm\/wp-json\/wp\/v2\/posts\/1485\/revisions\/1494"}],"wp:attachment":[{"href":"https:\/\/blogsaverroes.juntadeandalucia.es\/orientacionpjm\/wp-json\/wp\/v2\/media?parent=1485"}],"wp:term":[{"taxonomy":"category","embeddable":true,"href":"https:\/\/blogsaverroes.juntadeandalucia.es\/orientacionpjm\/wp-json\/wp\/v2\/categories?post=1485"},{"taxonomy":"post_tag","embeddable":true,"href":"https:\/\/blogsaverroes.juntadeandalucia.es\/orientacionpjm\/wp-json\/wp\/v2\/tags?post=1485"}],"curies":[{"name":"wp","href":"https:\/\/api.w.org\/{rel}","templated":true}]}}