{"id":536,"date":"2020-04-14T09:43:33","date_gmt":"2020-04-14T08:43:33","guid":{"rendered":"https:\/\/blogsaverroes.juntadeandalucia.es\/orientacionpjm\/?p=536"},"modified":"2020-04-14T09:43:33","modified_gmt":"2020-04-14T08:43:33","slug":"suspendidos-los-plazos-de-pruebas-de-acceso-a-los-ciclos-formativos","status":"publish","type":"post","link":"https:\/\/blogsaverroes.juntadeandalucia.es\/orientacionpjm\/suspendidos-los-plazos-de-pruebas-de-acceso-a-los-ciclos-formativos\/","title":{"rendered":"Suspendidos los plazos de pruebas de acceso a los ciclos formativos."},"content":{"rendered":"<header class=\"entry-header cf\">\n<h1 class=\"entry-title\"><a href=\"https:\/\/blogsaverroes.juntadeandalucia.es\/orientacionpjm\/suspendidos-los-plazos-de-pruebas-de-acceso-a-los-ciclos-formativos\/148864-ouizab-266\/\" rel=\"attachment wp-att-537\"><img loading=\"lazy\" decoding=\"async\" class=\" wp-image-537 aligncenter\" src=\"https:\/\/blogsaverroes.juntadeandalucia.es\/orientacionpjm\/files\/2020\/04\/148864-OUIZAB-266-300x300.jpg\" alt=\"\" width=\"241\" height=\"241\" srcset=\"https:\/\/blogsaverroes.juntadeandalucia.es\/orientacionpjm\/files\/2020\/04\/148864-OUIZAB-266-300x300.jpg 300w, https:\/\/blogsaverroes.juntadeandalucia.es\/orientacionpjm\/files\/2020\/04\/148864-OUIZAB-266-150x150.jpg 150w, https:\/\/blogsaverroes.juntadeandalucia.es\/orientacionpjm\/files\/2020\/04\/148864-OUIZAB-266-768x768.jpg 768w, https:\/\/blogsaverroes.juntadeandalucia.es\/orientacionpjm\/files\/2020\/04\/148864-OUIZAB-266-1024x1024.jpg 1024w, https:\/\/blogsaverroes.juntadeandalucia.es\/orientacionpjm\/files\/2020\/04\/148864-OUIZAB-266-100x100.jpg 100w, https:\/\/blogsaverroes.juntadeandalucia.es\/orientacionpjm\/files\/2020\/04\/148864-OUIZAB-266-24x24.jpg 24w, https:\/\/blogsaverroes.juntadeandalucia.es\/orientacionpjm\/files\/2020\/04\/148864-OUIZAB-266-36x36.jpg 36w, https:\/\/blogsaverroes.juntadeandalucia.es\/orientacionpjm\/files\/2020\/04\/148864-OUIZAB-266-48x48.jpg 48w, https:\/\/blogsaverroes.juntadeandalucia.es\/orientacionpjm\/files\/2020\/04\/148864-OUIZAB-266.jpg 1600w\" sizes=\"(max-width: 241px) 100vw, 241px\" \/><\/a><\/h1>\n<\/header>\n<div class=\"entry-content cf\">\n<p style=\"text-align: justify\">En virtud de lo dispuesto en el apartado 1 de la disposici\u00f3n adicional tercera del Real Decreto 463\/2020, de 14 de marzo, por el que se declara el estado de alarma para la gesti\u00f3n de la situaci\u00f3n de crisis sanitaria ocasionada por el COVID-19 que establece \u00abSe suspenden t\u00e9rminos y se interrumpen los plazos para la tramitaci\u00f3n de los procedimientos de las entidades del sector p\u00fablico. El c\u00f3mputo de los plazos se reanudar\u00e1 en el momento en que pierda vigencia el presente real decreto o, en su caso, las pr\u00f3rrogas del mismo\u00bb,&nbsp;<strong>quedan suspendidos los plazos de pruebas de acceso a los ciclos formativos, incluido el de presentaci\u00f3n de solicitudes de la convocatoria ordinaria<\/strong>, establecido del 13 al 24 de abril, en la&nbsp;<em>Resoluci\u00f3n de 13 de marzo de 2020, de la Direcci\u00f3n General de Formaci\u00f3n Profesional, por la que se convocan las pruebas de acceso a los ciclos formativos de grado medio y grado superior, en virtud de la Orden de 21 de febrero de 2017, por la que se regulan las pruebas de acceso a los ciclos formativos de formaci\u00f3n profesional de grado medio y grado superior y el curso de formaci\u00f3n espec\u00edfico<\/em>.<br \/>\n<strong>El nuevo plazo para la reanudaci\u00f3n del procedimiento se comunicar\u00e1 en el momento que pierdan vigencia las pr\u00f3rrogas del citado Real Decreto<\/strong>.<\/p>\n<\/div>\n","protected":false},"excerpt":{"rendered":"<p>En virtud de lo dispuesto en el apartado 1 de la disposici\u00f3n adicional tercera del Real Decreto 463\/2020, de 14 de marzo, por el que&hellip;<\/p>\n","protected":false},"author":6069,"featured_media":0,"comment_status":"open","ping_status":"open","sticky":false,"template":"","format":"standard","meta":{"ngg_post_thumbnail":0,"footnotes":""},"categories":[12586,1341197,1347981],"tags":[],"aioseo_notices":[],"_links":{"self":[{"href":"https:\/\/blogsaverroes.juntadeandalucia.es\/orientacionpjm\/wp-json\/wp\/v2\/posts\/536"}],"collection":[{"href":"https:\/\/blogsaverroes.juntadeandalucia.es\/orientacionpjm\/wp-json\/wp\/v2\/posts"}],"about":[{"href":"https:\/\/blogsaverroes.juntadeandalucia.es\/orientacionpjm\/wp-json\/wp\/v2\/types\/post"}],"author":[{"embeddable":true,"href":"https:\/\/blogsaverroes.juntadeandalucia.es\/orientacionpjm\/wp-json\/wp\/v2\/users\/6069"}],"replies":[{"embeddable":true,"href":"https:\/\/blogsaverroes.juntadeandalucia.es\/orientacionpjm\/wp-json\/wp\/v2\/comments?post=536"}],"version-history":[{"count":3,"href":"https:\/\/blogsaverroes.juntadeandalucia.es\/orientacionpjm\/wp-json\/wp\/v2\/posts\/536\/revisions"}],"predecessor-version":[{"id":540,"href":"https:\/\/blogsaverroes.juntadeandalucia.es\/orientacionpjm\/wp-json\/wp\/v2\/posts\/536\/revisions\/540"}],"wp:attachment":[{"href":"https:\/\/blogsaverroes.juntadeandalucia.es\/orientacionpjm\/wp-json\/wp\/v2\/media?parent=536"}],"wp:term":[{"taxonomy":"category","embeddable":true,"href":"https:\/\/blogsaverroes.juntadeandalucia.es\/orientacionpjm\/wp-json\/wp\/v2\/categories?post=536"},{"taxonomy":"post_tag","embeddable":true,"href":"https:\/\/blogsaverroes.juntadeandalucia.es\/orientacionpjm\/wp-json\/wp\/v2\/tags?post=536"}],"curies":[{"name":"wp","href":"https:\/\/api.w.org\/{rel}","templated":true}]}}