{"id":556,"date":"2020-04-21T07:39:02","date_gmt":"2020-04-21T06:39:02","guid":{"rendered":"https:\/\/blogsaverroes.juntadeandalucia.es\/orientacionpjm\/?p=556"},"modified":"2020-04-21T07:40:22","modified_gmt":"2020-04-21T06:40:22","slug":"planificar-es-la-clave","status":"publish","type":"post","link":"https:\/\/blogsaverroes.juntadeandalucia.es\/orientacionpjm\/planificar-es-la-clave\/","title":{"rendered":"Planificar es la clave"},"content":{"rendered":"<p>C\u00f3mo ya sabr\u00e9is, esta situaci\u00f3n sigue prolong\u00e1ndose y es importante, tanto para mantenerse al d\u00eda academicamente, como para lograr un bienestar f\u00edsico y emocional, tener en cuenta unas cuestiones b\u00e1sicas que os pongo a continuaci\u00f3n.&nbsp;<\/p>\n<p>Ya sab\u00e9is que la planificaci\u00f3n es la clave, ya que te hace consciente del tiempo real que necesitas y del que dispones para cada tarea, ya sea acad\u00e9mica o de otro tipo; y te permite aprovechar el tiempo.&nbsp;<\/p>\n<p>Esta situaci\u00f3n en la que nos encontramos nos roba la posibilidad de hacer muchas cosas a las que llev\u00e1bamos toda la vida acostumbrados. Sin embargo, nos brinda nuevas opciones tanto individuales como en familia. Piensa en ello y aprov\u00e9chalas.<\/p>\n<p><a href=\"https:\/\/view.genial.ly\/5e6f67ba45bfe40fc0051db9\/horizontal-infographic-review-planifica-tu-tiempo\" rel=\"attachment wp-att-557\"><img loading=\"lazy\" decoding=\"async\" class=\"aligncenter wp-image-557 size-full\" src=\"https:\/\/blogsaverroes.juntadeandalucia.es\/orientacionpjm\/files\/2020\/04\/planificaci\u00f3n-la-clave.jpg\" alt=\"\" width=\"1600\" height=\"870\" srcset=\"https:\/\/blogsaverroes.juntadeandalucia.es\/orientacionpjm\/files\/2020\/04\/planificaci\u00f3n-la-clave.jpg 1600w, https:\/\/blogsaverroes.juntadeandalucia.es\/orientacionpjm\/files\/2020\/04\/planificaci\u00f3n-la-clave-300x163.jpg 300w, https:\/\/blogsaverroes.juntadeandalucia.es\/orientacionpjm\/files\/2020\/04\/planificaci\u00f3n-la-clave-768x418.jpg 768w, https:\/\/blogsaverroes.juntadeandalucia.es\/orientacionpjm\/files\/2020\/04\/planificaci\u00f3n-la-clave-1024x557.jpg 1024w, https:\/\/blogsaverroes.juntadeandalucia.es\/orientacionpjm\/files\/2020\/04\/planificaci\u00f3n-la-clave-24x13.jpg 24w, https:\/\/blogsaverroes.juntadeandalucia.es\/orientacionpjm\/files\/2020\/04\/planificaci\u00f3n-la-clave-36x20.jpg 36w, https:\/\/blogsaverroes.juntadeandalucia.es\/orientacionpjm\/files\/2020\/04\/planificaci\u00f3n-la-clave-48x26.jpg 48w\" sizes=\"(max-width: 1600px) 100vw, 1600px\" \/><\/a><\/p>\n","protected":false},"excerpt":{"rendered":"<p>C\u00f3mo ya sabr\u00e9is, esta situaci\u00f3n sigue prolong\u00e1ndose y es importante, tanto para mantenerse al d\u00eda academicamente, como para lograr un bienestar f\u00edsico y emocional, tener&hellip;<\/p>\n","protected":false},"author":6069,"featured_media":0,"comment_status":"open","ping_status":"open","sticky":false,"template":"","format":"standard","meta":{"ngg_post_thumbnail":0,"footnotes":""},"categories":[11909],"tags":[],"aioseo_notices":[],"_links":{"self":[{"href":"https:\/\/blogsaverroes.juntadeandalucia.es\/orientacionpjm\/wp-json\/wp\/v2\/posts\/556"}],"collection":[{"href":"https:\/\/blogsaverroes.juntadeandalucia.es\/orientacionpjm\/wp-json\/wp\/v2\/posts"}],"about":[{"href":"https:\/\/blogsaverroes.juntadeandalucia.es\/orientacionpjm\/wp-json\/wp\/v2\/types\/post"}],"author":[{"embeddable":true,"href":"https:\/\/blogsaverroes.juntadeandalucia.es\/orientacionpjm\/wp-json\/wp\/v2\/users\/6069"}],"replies":[{"embeddable":true,"href":"https:\/\/blogsaverroes.juntadeandalucia.es\/orientacionpjm\/wp-json\/wp\/v2\/comments?post=556"}],"version-history":[{"count":3,"href":"https:\/\/blogsaverroes.juntadeandalucia.es\/orientacionpjm\/wp-json\/wp\/v2\/posts\/556\/revisions"}],"predecessor-version":[{"id":560,"href":"https:\/\/blogsaverroes.juntadeandalucia.es\/orientacionpjm\/wp-json\/wp\/v2\/posts\/556\/revisions\/560"}],"wp:attachment":[{"href":"https:\/\/blogsaverroes.juntadeandalucia.es\/orientacionpjm\/wp-json\/wp\/v2\/media?parent=556"}],"wp:term":[{"taxonomy":"category","embeddable":true,"href":"https:\/\/blogsaverroes.juntadeandalucia.es\/orientacionpjm\/wp-json\/wp\/v2\/categories?post=556"},{"taxonomy":"post_tag","embeddable":true,"href":"https:\/\/blogsaverroes.juntadeandalucia.es\/orientacionpjm\/wp-json\/wp\/v2\/tags?post=556"}],"curies":[{"name":"wp","href":"https:\/\/api.w.org\/{rel}","templated":true}]}}