{"id":768,"date":"2020-06-09T18:07:19","date_gmt":"2020-06-09T17:07:19","guid":{"rendered":"https:\/\/blogsaverroes.juntadeandalucia.es\/orientacionpjm\/?p=768"},"modified":"2020-11-29T17:42:47","modified_gmt":"2020-11-29T16:42:47","slug":"8-de-marzo-dia-internacional-de-la-mujer","status":"publish","type":"post","link":"https:\/\/blogsaverroes.juntadeandalucia.es\/orientacionpjm\/8-de-marzo-dia-internacional-de-la-mujer\/","title":{"rendered":"8 de marzo: D\u00eda internacional de la mujer"},"content":{"rendered":"<p style=\"text-align: center\"><a href=\"https:\/\/blogsaverroes.juntadeandalucia.es\/orientacionpjm\/coeducacion\/banner-tres-logos\/\" rel=\"attachment wp-att-592\"><img loading=\"lazy\" decoding=\"async\" class=\"alignnone wp-image-592 size-large\" src=\"https:\/\/blogsaverroes.juntadeandalucia.es\/orientacionpjm\/files\/2020\/06\/Banner-tres-logos-1024x128.jpg\" alt=\"\" width=\"525\" height=\"66\" srcset=\"https:\/\/blogsaverroes.juntadeandalucia.es\/orientacionpjm\/files\/2020\/06\/Banner-tres-logos-1024x128.jpg 1024w, https:\/\/blogsaverroes.juntadeandalucia.es\/orientacionpjm\/files\/2020\/06\/Banner-tres-logos-300x37.jpg 300w, https:\/\/blogsaverroes.juntadeandalucia.es\/orientacionpjm\/files\/2020\/06\/Banner-tres-logos-768x96.jpg 768w, https:\/\/blogsaverroes.juntadeandalucia.es\/orientacionpjm\/files\/2020\/06\/Banner-tres-logos-24x3.jpg 24w, https:\/\/blogsaverroes.juntadeandalucia.es\/orientacionpjm\/files\/2020\/06\/Banner-tres-logos-36x4.jpg 36w, https:\/\/blogsaverroes.juntadeandalucia.es\/orientacionpjm\/files\/2020\/06\/Banner-tres-logos-48x6.jpg 48w, https:\/\/blogsaverroes.juntadeandalucia.es\/orientacionpjm\/files\/2020\/06\/Banner-tres-logos.jpg 1177w\" sizes=\"(max-width: 525px) 100vw, 525px\" \/><\/a><\/p>\n<p>Con motivo de este d\u00eda, se realizan varias actuaciones en el centro.&nbsp;<\/p>\n<h2><strong>Empapelando el centro por la mujer<\/strong><\/h2>\n<p>(actividad financiada por el Pacto de Estado para la prevenci\u00f3n de la violencia de g\u00e9nero)<\/p>\n<p><a href=\"https:\/\/blogsaverroes.juntadeandalucia.es\/orientacionpjm\/8-de-marzo-dia-internacional-de-la-mujer\/20200313_112605\/\" rel=\"attachment wp-att-773\"><img loading=\"lazy\" decoding=\"async\" class=\"alignnone wp-image-773 size-full\" src=\"https:\/\/blogsaverroes.juntadeandalucia.es\/orientacionpjm\/files\/2020\/06\/20200313_112605.jpg\" alt=\"\" width=\"1600\" height=\"900\" srcset=\"https:\/\/blogsaverroes.juntadeandalucia.es\/orientacionpjm\/files\/2020\/06\/20200313_112605.jpg 1600w, https:\/\/blogsaverroes.juntadeandalucia.es\/orientacionpjm\/files\/2020\/06\/20200313_112605-300x169.jpg 300w, https:\/\/blogsaverroes.juntadeandalucia.es\/orientacionpjm\/files\/2020\/06\/20200313_112605-768x432.jpg 768w, https:\/\/blogsaverroes.juntadeandalucia.es\/orientacionpjm\/files\/2020\/06\/20200313_112605-1024x576.jpg 1024w, https:\/\/blogsaverroes.juntadeandalucia.es\/orientacionpjm\/files\/2020\/06\/20200313_112605-24x14.jpg 24w, https:\/\/blogsaverroes.juntadeandalucia.es\/orientacionpjm\/files\/2020\/06\/20200313_112605-36x20.jpg 36w, https:\/\/blogsaverroes.juntadeandalucia.es\/orientacionpjm\/files\/2020\/06\/20200313_112605-48x27.jpg 48w\" sizes=\"(max-width: 1600px) 100vw, 1600px\" \/><\/a><\/p>\n<p>Por un lado, se facilit\u00f3 a todo el profesorado del centro un documento en el que se explicaba la posibilidad de participar desde las distintas materias, escoger uno de los temas propuestos por clase o grupo, y se propone trabajarlo el siguiente modo:<\/p>\n<p>1\u00ba Elegimos tema por grupo<\/p>\n<p>2\u00ba Busco informaci\u00f3n en internet, biblioteca, \u2026 tanto por parte del alumnado directamente, como a trav\u00e9s y con la ayuda del profesorado.<\/p>\n<p>3\u00ba Una vez que se tiene claro el concepto, consecuencias, causas, caracter\u00edsticas, etc\u2026cada grupo o clase decide la manera de plasmarlo en papel continuo (ya sea tama\u00f1o poster o pancarta).<\/p>\n<p>Se puede proponer planteando al alumnado, que piensen que trabajan en una empresa de marketing o en una revista y que te piden que hagas un dise\u00f1o con el tema dado. Han de pensar la forma de que llegue al p\u00fablico, de hacerlo llamativo, con palabras clave, colores, dise\u00f1o, etc y que transmita el mensaje con claridad.<\/p>\n<p>4\u00ba Realizar el cartel o pancarta. Para ello usar papel continuo, temperas y brochas y pinceles (facilitadas por la coordinadora de igualdad y subvencionadas por el pacto por la igualdad del estado).<\/p>\n<p style=\"text-align: center\"><a href=\"https:\/\/blogsaverroes.juntadeandalucia.es\/orientacionpjm\/8-de-marzo-dia-internacional-de-la-mujer\/20200313_112826\/\" rel=\"attachment wp-att-775\"><img loading=\"lazy\" decoding=\"async\" class=\"alignnone size-medium wp-image-775\" src=\"https:\/\/blogsaverroes.juntadeandalucia.es\/orientacionpjm\/files\/2020\/06\/20200313_112826-e1591721426435-169x300.jpg\" alt=\"\" width=\"169\" height=\"300\" srcset=\"https:\/\/blogsaverroes.juntadeandalucia.es\/orientacionpjm\/files\/2020\/06\/20200313_112826-e1591721426435-169x300.jpg 169w, https:\/\/blogsaverroes.juntadeandalucia.es\/orientacionpjm\/files\/2020\/06\/20200313_112826-e1591721426435-768x1365.jpg 768w, https:\/\/blogsaverroes.juntadeandalucia.es\/orientacionpjm\/files\/2020\/06\/20200313_112826-e1591721426435-576x1024.jpg 576w, https:\/\/blogsaverroes.juntadeandalucia.es\/orientacionpjm\/files\/2020\/06\/20200313_112826-e1591721426435-14x24.jpg 14w, https:\/\/blogsaverroes.juntadeandalucia.es\/orientacionpjm\/files\/2020\/06\/20200313_112826-e1591721426435-20x36.jpg 20w, https:\/\/blogsaverroes.juntadeandalucia.es\/orientacionpjm\/files\/2020\/06\/20200313_112826-e1591721426435-27x48.jpg 27w, https:\/\/blogsaverroes.juntadeandalucia.es\/orientacionpjm\/files\/2020\/06\/20200313_112826-e1591721426435.jpg 900w\" sizes=\"(max-width: 169px) 100vw, 169px\" \/><\/a><\/p>\n<p>A continuaci\u00f3n se sugirieron una serie de conceptos sobre los que se pod\u00eda realizar:<\/p>\n<ol>\n<li>Patriarcado<\/li>\n<li>Machismo<\/li>\n<li>Feminismo<\/li>\n<li>Identidades<\/li>\n<li>Roles de g\u00e9nero<\/li>\n<li>Cosificaci\u00f3n<\/li>\n<li>Micromachismos<\/li>\n<li>Sororidad<\/li>\n<li>Techo de cristal<\/li>\n<li>Empoderamiento<\/li>\n<li>Publicidad sexista<\/li>\n<li>Publicidad machista<\/li>\n<li>Test de Bechdel<\/li>\n<li>Historia del feminismos:\n<ol>\n<li>1\u00aa Ola del feminismo<\/li>\n<li>2\u00aa Ola del feminismo<\/li>\n<li>3\u00aa Ola del feminismo<\/li>\n<li>4\u00aa Ola del feminismo<\/li>\n<\/ol>\n<\/li>\n<li>Mensajes para fomentar el empoderamiento<\/li>\n<li>Mitos del amor rom\u00e1ntico (general o por mito) y sus consecuencias nocivas.\n<ol>\n<li>Amor a primera vista<\/li>\n<li>Media naranja o predestinaci\u00f3n.<\/li>\n<li>Exclusividad<\/li>\n<li>Matrimonio como fin \u00faltimo<\/li>\n<li>Omnipotencia del amor<\/li>\n<li>Pasi\u00f3n eterna<\/li>\n<li>Celos como indicador de amor verdadero<\/li>\n<li>El amor todo lo puede<\/li>\n<li>Normalizaci\u00f3n del conflicto<\/li>\n<li>Polos opuestos se atraen<\/li>\n<li>Quien bien te quiere, te har\u00e1 llorar<\/li>\n<li>El amor verdadero lo perdona todo<\/li>\n<li>Convertir la pareja como el centro de todo, relegando lo dem\u00e1s<\/li>\n<li>Atribuci\u00f3n de la capacidad de dar la felicidad al otro (su felicidad depende de ti)<\/li>\n<li>Amor = sacrificio<\/li>\n<li>Si se ama, se debe renunciar a la intimidad<\/li>\n<\/ol>\n<\/li>\n<li>Visibilizar mujeres dentro de las distintas materias<\/li>\n<li>Diferencia entre DESEAR y CONSENTIR<\/li>\n<li>Lenguaje machista y sexista<\/li>\n<li>\u00bfC\u00f3mo perjudica el machismo a los hombres?<\/li>\n<\/ol>\n<p style=\"text-align: center\"><a href=\"https:\/\/blogsaverroes.juntadeandalucia.es\/orientacionpjm\/8-de-marzo-dia-internacional-de-la-mujer\/20200313_112704\/\" rel=\"attachment wp-att-774\"><img loading=\"lazy\" decoding=\"async\" class=\"alignnone wp-image-774 size-large\" src=\"https:\/\/blogsaverroes.juntadeandalucia.es\/orientacionpjm\/files\/2020\/06\/20200313_112704-1024x576.jpg\" alt=\"\" width=\"525\" height=\"295\" srcset=\"https:\/\/blogsaverroes.juntadeandalucia.es\/orientacionpjm\/files\/2020\/06\/20200313_112704-1024x576.jpg 1024w, https:\/\/blogsaverroes.juntadeandalucia.es\/orientacionpjm\/files\/2020\/06\/20200313_112704-300x169.jpg 300w, https:\/\/blogsaverroes.juntadeandalucia.es\/orientacionpjm\/files\/2020\/06\/20200313_112704-768x432.jpg 768w, https:\/\/blogsaverroes.juntadeandalucia.es\/orientacionpjm\/files\/2020\/06\/20200313_112704-24x14.jpg 24w, https:\/\/blogsaverroes.juntadeandalucia.es\/orientacionpjm\/files\/2020\/06\/20200313_112704-36x20.jpg 36w, https:\/\/blogsaverroes.juntadeandalucia.es\/orientacionpjm\/files\/2020\/06\/20200313_112704-48x27.jpg 48w, https:\/\/blogsaverroes.juntadeandalucia.es\/orientacionpjm\/files\/2020\/06\/20200313_112704.jpg 1600w\" sizes=\"(max-width: 525px) 100vw, 525px\" \/><\/a><\/p>\n<p>Una vez terminados, se expondr\u00edan en los pasillos del centro, en las placas met\u00e1licas instaladas en todos los pasillos del centro educativo, que permiten exponer trabajos como estos dedicados a trabajar la prevenci\u00f3n de la violencia y que han sido financiados por el Pacto por lgualdad.&nbsp;<\/p>\n<p>Solo pudieron exponerse unos pocos, debido al inicio del confinamiento que comenz\u00f3 esa misma semana, por lo que est\u00e1n a la espera de ser expuestos cuando retomemos las clases.&nbsp;<\/p>\n<h2 style=\"text-align: center\"><strong>Manifiesto por el D\u00eda de la Mujer<\/strong><\/h2>\n<p><a href=\"https:\/\/blogsaverroes.juntadeandalucia.es\/orientacionpjm\/8-de-marzo-dia-internacional-de-la-mujer\/fb_img_1583602552329\/\" rel=\"attachment wp-att-779\"><img loading=\"lazy\" decoding=\"async\" class=\"alignnone wp-image-779 size-full\" src=\"https:\/\/blogsaverroes.juntadeandalucia.es\/orientacionpjm\/files\/2020\/06\/FB_IMG_1583602552329.jpg\" alt=\"\" width=\"720\" height=\"480\" srcset=\"https:\/\/blogsaverroes.juntadeandalucia.es\/orientacionpjm\/files\/2020\/06\/FB_IMG_1583602552329.jpg 720w, https:\/\/blogsaverroes.juntadeandalucia.es\/orientacionpjm\/files\/2020\/06\/FB_IMG_1583602552329-300x200.jpg 300w, https:\/\/blogsaverroes.juntadeandalucia.es\/orientacionpjm\/files\/2020\/06\/FB_IMG_1583602552329-24x16.jpg 24w, https:\/\/blogsaverroes.juntadeandalucia.es\/orientacionpjm\/files\/2020\/06\/FB_IMG_1583602552329-36x24.jpg 36w, https:\/\/blogsaverroes.juntadeandalucia.es\/orientacionpjm\/files\/2020\/06\/FB_IMG_1583602552329-48x32.jpg 48w\" sizes=\"(max-width: 720px) 100vw, 720px\" \/><\/a><\/p>\n<p>Este manifiesto fue elaborado y le\u00eddo en la Plaza Mayor de Baza por alumnado de distintos grupos de 1\u00ba de ESO.&nbsp;<\/p>\n<p><span style=\"background-color: #cc99ff\">Hoy, se conmemora el&nbsp; D\u00eda de la Mujer,&nbsp; que ser\u00e1 el pr\u00f3ximo domingo 8 de Marzo, y con este motivo queremos leer un manifiesto que pretende mostrar algunos de los logros conseguidos gracias a la lucha feminista y a los que no vamos a renunciar ni dar NI UN PASO ATR\u00c1S.<\/span><\/p>\n<p><span style=\"background-color: #cc99ff\">\u201cSi eres mujer y tienes derecho a \u2026<\/span><\/p>\n<ul>\n<li><span style=\"background-color: #cc99ff\">\u2026<strong>votar<\/strong>, agrad\u00e9ceselo al feminismo.<\/span><\/li>\n<li><span style=\"background-color: #cc99ff\">\u2026tener el mismo <strong>salario al de un hombre<\/strong>por hacer el mismo trabajo, agrad\u00e9ceselo al feminismo.<\/span><\/li>\n<li><span style=\"background-color: #cc99ff\">\u201c<strong>ir a la Universidad en lugar de dejar los estudios<\/strong>despu\u00e9s del bachillerato para que tus hermanos puedan estudiar pues \u201ct\u00fa de todos modos simplemente vas a casarte\u201d, agrad\u00e9ceselo al feminismo.<\/span><\/li>\n<li><span style=\"background-color: #cc99ff\">Divorciarte, agrad\u00e9ceselo al feminismo.<\/span><\/li>\n<li><span style=\"background-color: #cc99ff\"><strong>solicitar cualquier emple<\/strong>o, agrad\u00e9ceselo al feminismo.<\/span><\/li>\n<li><span style=\"background-color: #cc99ff\"><strong>recibir y dar informaci\u00f3n sobre control de la fertilidad sin ir a la c\u00e1rcel<\/strong>por ello, agrad\u00e9ceselo al feminismo.<\/span><\/li>\n<li><span style=\"background-color: #cc99ff\">Ser<strong> m\u00e9dica, abogada, pastora, ingeniera, jueza, legisladora<\/strong>,\u2026 agrad\u00e9ceselo al feminismo.<\/span><\/li>\n<li><span style=\"background-color: #cc99ff\"><strong>usar pantalones<\/strong>sin ser excomulgada de tu iglesia o sacada del pueblo, agrad\u00e9ceselo al feminismo.<\/span><\/li>\n<li><span style=\"background-color: #cc99ff\">Que a<strong> tu jefe le est\u00e9 prohibido presionarte<\/strong>a que te acuestes con \u00e9l, agrad\u00e9ceselo al feminismo.<\/span><\/li>\n<li><span style=\"background-color: #cc99ff\">\u201c<strong>montar un negocio y puedes obtener un pr\u00e9stamo usando s\u00f3lo tu nombre (sin necesidad que lo autorice tu padre, hermano o marido)\u201d<\/strong>agrad\u00e9ceselo al feminismo.<\/span><\/li>\n<li><span style=\"background-color: #cc99ff\">Poseer cosas en <strong>propiedad y exclusivamente tuyas,<\/strong>&nbsp;agrad\u00e9ceselo al feminismo.<\/span><\/li>\n<li><span style=\"background-color: #cc99ff\">obtener<strong> la custodia de tus hijas e hijos tras un divorcio<\/strong>o una separaci\u00f3n, agrad\u00e9ceselo al feminismo.<\/span><\/li>\n<li><span style=\"background-color: #cc99ff\">Denunciar y que se ejerza la justicia si \u201c<strong>Tu pareja te golpea, porque esto es ilegal<\/strong>y la polic\u00eda lo detiene en vez de sermonearte sobre c\u00f3mo ser una mejor esposa, agrad\u00e9ceselo al feminismo.<\/span><\/li>\n<li><span style=\"background-color: #cc99ff\">\u201c<strong>casarte y que tus derechos humanos civiles no desaparezcan<\/strong>dentro de los derechos de tu esposo, agrad\u00e9ceselo al feminismo.<\/span><\/li>\n<li><span style=\"background-color: #cc99ff\">poder<strong> escoger ser madre cuando quieras o no serlo<\/strong>y no seg\u00fan los dictados de un esposo o un violador, agrad\u00e9ceselo al feminismo.<\/span><\/li>\n<\/ul>\n<p><span style=\"background-color: #cc99ff\">\u2026estos y muchos m\u00e1s son los logros conseguidos hasta el momento, sin embargo, la brecha social, econ\u00f3mica y pol\u00edtica, aunque ante la ley no exista, sigue latente\u2026por lo que el movimiento feminista seguir\u00e1 adelante hasta que la igualdad sea real\u2026y, por supuesto, no daremos NI UN PASO ATR\u00c1S en lo que ya hemos conseguido.<\/span><\/p>\n<p>Adem\u00e1s, un grupo de alumnos cant\u00f3 varias canciones preparadas para este d\u00eda.&nbsp;<\/p>\n<p><a href=\"https:\/\/blogsaverroes.juntadeandalucia.es\/orientacionpjm\/8-de-marzo-dia-internacional-de-la-mujer\/fb_img_1583602531947\/\" rel=\"attachment wp-att-778\"><img loading=\"lazy\" decoding=\"async\" class=\"alignnone wp-image-778 size-full\" src=\"https:\/\/blogsaverroes.juntadeandalucia.es\/orientacionpjm\/files\/2020\/06\/FB_IMG_1583602531947.jpg\" alt=\"\" width=\"720\" height=\"480\" srcset=\"https:\/\/blogsaverroes.juntadeandalucia.es\/orientacionpjm\/files\/2020\/06\/FB_IMG_1583602531947.jpg 720w, https:\/\/blogsaverroes.juntadeandalucia.es\/orientacionpjm\/files\/2020\/06\/FB_IMG_1583602531947-300x200.jpg 300w, https:\/\/blogsaverroes.juntadeandalucia.es\/orientacionpjm\/files\/2020\/06\/FB_IMG_1583602531947-24x16.jpg 24w, https:\/\/blogsaverroes.juntadeandalucia.es\/orientacionpjm\/files\/2020\/06\/FB_IMG_1583602531947-36x24.jpg 36w, https:\/\/blogsaverroes.juntadeandalucia.es\/orientacionpjm\/files\/2020\/06\/FB_IMG_1583602531947-48x32.jpg 48w\" sizes=\"(max-width: 720px) 100vw, 720px\" \/><\/a>&nbsp;<\/p>\n<p><a href=\"https:\/\/blogsaverroes.juntadeandalucia.es\/orientacionpjm\/coeducacion\/banner-tres-logos\/\" rel=\"attachment wp-att-592\"><img loading=\"lazy\" decoding=\"async\" class=\"aligncenter wp-image-592 \" src=\"https:\/\/blogsaverroes.juntadeandalucia.es\/orientacionpjm\/files\/2020\/06\/Banner-tres-logos.jpg\" alt=\"\" width=\"612\" height=\"77\" srcset=\"https:\/\/blogsaverroes.juntadeandalucia.es\/orientacionpjm\/files\/2020\/06\/Banner-tres-logos.jpg 1177w, https:\/\/blogsaverroes.juntadeandalucia.es\/orientacionpjm\/files\/2020\/06\/Banner-tres-logos-300x37.jpg 300w, https:\/\/blogsaverroes.juntadeandalucia.es\/orientacionpjm\/files\/2020\/06\/Banner-tres-logos-768x96.jpg 768w, https:\/\/blogsaverroes.juntadeandalucia.es\/orientacionpjm\/files\/2020\/06\/Banner-tres-logos-1024x128.jpg 1024w, https:\/\/blogsaverroes.juntadeandalucia.es\/orientacionpjm\/files\/2020\/06\/Banner-tres-logos-24x3.jpg 24w, https:\/\/blogsaverroes.juntadeandalucia.es\/orientacionpjm\/files\/2020\/06\/Banner-tres-logos-36x4.jpg 36w, https:\/\/blogsaverroes.juntadeandalucia.es\/orientacionpjm\/files\/2020\/06\/Banner-tres-logos-48x6.jpg 48w\" sizes=\"(max-width: 612px) 100vw, 612px\" \/><\/a><\/p>\n<p>&nbsp;<\/p>\n","protected":false},"excerpt":{"rendered":"<p>Con motivo de este d\u00eda, se realizan varias actuaciones en el centro.&nbsp; Empapelando el centro por la mujer (actividad financiada por el Pacto de Estado&hellip;<\/p>\n","protected":false},"author":6069,"featured_media":0,"comment_status":"open","ping_status":"open","sticky":false,"template":"","format":"standard","meta":{"ngg_post_thumbnail":0,"footnotes":""},"categories":[286,9963,11909],"tags":[],"aioseo_notices":[],"_links":{"self":[{"href":"https:\/\/blogsaverroes.juntadeandalucia.es\/orientacionpjm\/wp-json\/wp\/v2\/posts\/768"}],"collection":[{"href":"https:\/\/blogsaverroes.juntadeandalucia.es\/orientacionpjm\/wp-json\/wp\/v2\/posts"}],"about":[{"href":"https:\/\/blogsaverroes.juntadeandalucia.es\/orientacionpjm\/wp-json\/wp\/v2\/types\/post"}],"author":[{"embeddable":true,"href":"https:\/\/blogsaverroes.juntadeandalucia.es\/orientacionpjm\/wp-json\/wp\/v2\/users\/6069"}],"replies":[{"embeddable":true,"href":"https:\/\/blogsaverroes.juntadeandalucia.es\/orientacionpjm\/wp-json\/wp\/v2\/comments?post=768"}],"version-history":[{"count":4,"href":"https:\/\/blogsaverroes.juntadeandalucia.es\/orientacionpjm\/wp-json\/wp\/v2\/posts\/768\/revisions"}],"predecessor-version":[{"id":821,"href":"https:\/\/blogsaverroes.juntadeandalucia.es\/orientacionpjm\/wp-json\/wp\/v2\/posts\/768\/revisions\/821"}],"wp:attachment":[{"href":"https:\/\/blogsaverroes.juntadeandalucia.es\/orientacionpjm\/wp-json\/wp\/v2\/media?parent=768"}],"wp:term":[{"taxonomy":"category","embeddable":true,"href":"https:\/\/blogsaverroes.juntadeandalucia.es\/orientacionpjm\/wp-json\/wp\/v2\/categories?post=768"},{"taxonomy":"post_tag","embeddable":true,"href":"https:\/\/blogsaverroes.juntadeandalucia.es\/orientacionpjm\/wp-json\/wp\/v2\/tags?post=768"}],"curies":[{"name":"wp","href":"https:\/\/api.w.org\/{rel}","templated":true}]}}