{"id":784,"date":"2020-06-09T19:05:31","date_gmt":"2020-06-09T18:05:31","guid":{"rendered":"https:\/\/blogsaverroes.juntadeandalucia.es\/orientacionpjm\/?p=784"},"modified":"2020-11-29T17:37:47","modified_gmt":"2020-11-29T16:37:47","slug":"dia-internacional-contra-la-violencia-de-genero","status":"publish","type":"post","link":"https:\/\/blogsaverroes.juntadeandalucia.es\/orientacionpjm\/dia-internacional-contra-la-violencia-de-genero\/","title":{"rendered":"D\u00eda internacional contra la violencia de g\u00e9nero"},"content":{"rendered":"<p>Con motivo del D\u00eda internacional contra la violencia de g\u00e9nero, se han realizado varias actividades, tanto en las distintas materias, como en las sesiones de tutor\u00eda y otras complementarias.&nbsp;<\/p>\n<p>A continuaci\u00f3n expongo algunas de ellas<\/p>\n<h2 style=\"text-align: center\"><strong>MANIFIESTO CONTRA LA VIOLENCIA DE G\u00c9NERO<\/strong><\/h2>\n<p style=\"text-align: center\"><a href=\"https:\/\/blogsaverroes.juntadeandalucia.es\/orientacionpjm\/dia-internacional-contra-la-violencia-de-genero\/20191126_133356\/\" rel=\"attachment wp-att-795\"><img loading=\"lazy\" decoding=\"async\" class=\"alignnone size-medium wp-image-795\" src=\"https:\/\/blogsaverroes.juntadeandalucia.es\/orientacionpjm\/files\/2020\/06\/20191126_133356-300x169.jpg\" alt=\"\" width=\"300\" height=\"169\" srcset=\"https:\/\/blogsaverroes.juntadeandalucia.es\/orientacionpjm\/files\/2020\/06\/20191126_133356-300x169.jpg 300w, https:\/\/blogsaverroes.juntadeandalucia.es\/orientacionpjm\/files\/2020\/06\/20191126_133356-768x432.jpg 768w, https:\/\/blogsaverroes.juntadeandalucia.es\/orientacionpjm\/files\/2020\/06\/20191126_133356-1024x576.jpg 1024w, https:\/\/blogsaverroes.juntadeandalucia.es\/orientacionpjm\/files\/2020\/06\/20191126_133356-24x14.jpg 24w, https:\/\/blogsaverroes.juntadeandalucia.es\/orientacionpjm\/files\/2020\/06\/20191126_133356-36x20.jpg 36w, https:\/\/blogsaverroes.juntadeandalucia.es\/orientacionpjm\/files\/2020\/06\/20191126_133356-48x27.jpg 48w, https:\/\/blogsaverroes.juntadeandalucia.es\/orientacionpjm\/files\/2020\/06\/20191126_133356.jpg 1600w\" sizes=\"(max-width: 300px) 100vw, 300px\" \/><\/a><\/p>\n<p>Este fue elaborado por las alumnas del CFGM de APSD<\/p>\n<div style=\"width: 640px;\" class=\"wp-video\"><!--[if lt IE 9]><script>document.createElement('video');<\/script><![endif]-->\n<video class=\"wp-video-shortcode\" id=\"video-784-1\" width=\"640\" height=\"480\" preload=\"metadata\" controls=\"controls\"><source type=\"video\/mp4\" src=\"https:\/\/blogsaverroes.juntadeandalucia.es\/orientacionpjm\/files\/2020\/06\/Dia-contra-la-violencia-de-genero-3.mp4?_=1\" \/><a href=\"https:\/\/blogsaverroes.juntadeandalucia.es\/orientacionpjm\/files\/2020\/06\/Dia-contra-la-violencia-de-genero-3.mp4\">https:\/\/blogsaverroes.juntadeandalucia.es\/orientacionpjm\/files\/2020\/06\/Dia-contra-la-violencia-de-genero-3.mp4<\/a><\/video><\/div>\n<p>Se realizaron 3 lecturas del mismo; una en el centro educativo, en que se dedic\u00f3 un recreo a ello.&nbsp;<\/p>\n<p>Una segunda vez en el Sal\u00f3n ideal de Baza<\/p>\n<p>Una tercer en la Cadena Ser de Baza<\/p>\n<h2 style=\"text-align: center\"><strong>Toc Toc Buenos tratos<\/strong><\/h2>\n<p>Actividad realizada con material elaborado por el Equipo T\u00e9cnico Provincial de Granada de OEP.&nbsp;<\/p>\n<p>La actividad consiste en realiza colgadores de puertas con mensajes que fomenten los buenos tratos.&nbsp;<\/p>\n<table>\n<tbody>\n<tr>\n<td><a href=\"https:\/\/blogsaverroes.juntadeandalucia.es\/orientacionpjm\/dia-internacional-contra-la-violencia-de-genero\/20191126_115211-2\/\" rel=\"attachment wp-att-788\"><img loading=\"lazy\" decoding=\"async\" class=\"alignnone size-medium wp-image-788\" src=\"https:\/\/blogsaverroes.juntadeandalucia.es\/orientacionpjm\/files\/2020\/06\/20191126_115211-300x169.jpg\" alt=\"\" width=\"300\" height=\"169\" srcset=\"https:\/\/blogsaverroes.juntadeandalucia.es\/orientacionpjm\/files\/2020\/06\/20191126_115211-300x169.jpg 300w, https:\/\/blogsaverroes.juntadeandalucia.es\/orientacionpjm\/files\/2020\/06\/20191126_115211-768x432.jpg 768w, https:\/\/blogsaverroes.juntadeandalucia.es\/orientacionpjm\/files\/2020\/06\/20191126_115211-1024x576.jpg 1024w, https:\/\/blogsaverroes.juntadeandalucia.es\/orientacionpjm\/files\/2020\/06\/20191126_115211-24x14.jpg 24w, https:\/\/blogsaverroes.juntadeandalucia.es\/orientacionpjm\/files\/2020\/06\/20191126_115211-36x20.jpg 36w, https:\/\/blogsaverroes.juntadeandalucia.es\/orientacionpjm\/files\/2020\/06\/20191126_115211-48x27.jpg 48w, https:\/\/blogsaverroes.juntadeandalucia.es\/orientacionpjm\/files\/2020\/06\/20191126_115211.jpg 1600w\" sizes=\"(max-width: 300px) 100vw, 300px\" \/><\/a><\/td>\n<td><a href=\"https:\/\/blogsaverroes.juntadeandalucia.es\/orientacionpjm\/dia-internacional-contra-la-violencia-de-genero\/20191126_115501-2\/\" rel=\"attachment wp-att-789\"><img loading=\"lazy\" decoding=\"async\" class=\"alignnone size-medium wp-image-789\" src=\"https:\/\/blogsaverroes.juntadeandalucia.es\/orientacionpjm\/files\/2020\/06\/20191126_115501-300x169.jpg\" alt=\"\" width=\"300\" height=\"169\" srcset=\"https:\/\/blogsaverroes.juntadeandalucia.es\/orientacionpjm\/files\/2020\/06\/20191126_115501-300x169.jpg 300w, https:\/\/blogsaverroes.juntadeandalucia.es\/orientacionpjm\/files\/2020\/06\/20191126_115501-768x432.jpg 768w, https:\/\/blogsaverroes.juntadeandalucia.es\/orientacionpjm\/files\/2020\/06\/20191126_115501-1024x576.jpg 1024w, https:\/\/blogsaverroes.juntadeandalucia.es\/orientacionpjm\/files\/2020\/06\/20191126_115501-24x14.jpg 24w, https:\/\/blogsaverroes.juntadeandalucia.es\/orientacionpjm\/files\/2020\/06\/20191126_115501-36x20.jpg 36w, https:\/\/blogsaverroes.juntadeandalucia.es\/orientacionpjm\/files\/2020\/06\/20191126_115501-48x27.jpg 48w, https:\/\/blogsaverroes.juntadeandalucia.es\/orientacionpjm\/files\/2020\/06\/20191126_115501.jpg 1600w\" sizes=\"(max-width: 300px) 100vw, 300px\" \/><\/a><\/td>\n<\/tr>\n<tr>\n<td><a href=\"https:\/\/blogsaverroes.juntadeandalucia.es\/orientacionpjm\/dia-internacional-contra-la-violencia-de-genero\/20191126_115914-2\/\" rel=\"attachment wp-att-790\"><img loading=\"lazy\" decoding=\"async\" class=\"alignnone size-medium wp-image-790\" src=\"https:\/\/blogsaverroes.juntadeandalucia.es\/orientacionpjm\/files\/2020\/06\/20191126_115914-300x169.jpg\" alt=\"\" width=\"300\" height=\"169\" srcset=\"https:\/\/blogsaverroes.juntadeandalucia.es\/orientacionpjm\/files\/2020\/06\/20191126_115914-300x169.jpg 300w, https:\/\/blogsaverroes.juntadeandalucia.es\/orientacionpjm\/files\/2020\/06\/20191126_115914-768x432.jpg 768w, https:\/\/blogsaverroes.juntadeandalucia.es\/orientacionpjm\/files\/2020\/06\/20191126_115914-1024x576.jpg 1024w, https:\/\/blogsaverroes.juntadeandalucia.es\/orientacionpjm\/files\/2020\/06\/20191126_115914-24x14.jpg 24w, https:\/\/blogsaverroes.juntadeandalucia.es\/orientacionpjm\/files\/2020\/06\/20191126_115914-36x20.jpg 36w, https:\/\/blogsaverroes.juntadeandalucia.es\/orientacionpjm\/files\/2020\/06\/20191126_115914-48x27.jpg 48w, https:\/\/blogsaverroes.juntadeandalucia.es\/orientacionpjm\/files\/2020\/06\/20191126_115914.jpg 1600w\" sizes=\"(max-width: 300px) 100vw, 300px\" \/><\/a><\/td>\n<td><a href=\"https:\/\/blogsaverroes.juntadeandalucia.es\/orientacionpjm\/dia-internacional-contra-la-violencia-de-genero\/20191126_120421-2\/\" rel=\"attachment wp-att-791\"><img loading=\"lazy\" decoding=\"async\" class=\"alignnone size-medium wp-image-791\" src=\"https:\/\/blogsaverroes.juntadeandalucia.es\/orientacionpjm\/files\/2020\/06\/20191126_120421-300x169.jpg\" alt=\"\" width=\"300\" height=\"169\" srcset=\"https:\/\/blogsaverroes.juntadeandalucia.es\/orientacionpjm\/files\/2020\/06\/20191126_120421-300x169.jpg 300w, https:\/\/blogsaverroes.juntadeandalucia.es\/orientacionpjm\/files\/2020\/06\/20191126_120421-768x432.jpg 768w, https:\/\/blogsaverroes.juntadeandalucia.es\/orientacionpjm\/files\/2020\/06\/20191126_120421-1024x576.jpg 1024w, https:\/\/blogsaverroes.juntadeandalucia.es\/orientacionpjm\/files\/2020\/06\/20191126_120421-24x14.jpg 24w, https:\/\/blogsaverroes.juntadeandalucia.es\/orientacionpjm\/files\/2020\/06\/20191126_120421-36x20.jpg 36w, https:\/\/blogsaverroes.juntadeandalucia.es\/orientacionpjm\/files\/2020\/06\/20191126_120421-48x27.jpg 48w, https:\/\/blogsaverroes.juntadeandalucia.es\/orientacionpjm\/files\/2020\/06\/20191126_120421.jpg 1600w\" sizes=\"(max-width: 300px) 100vw, 300px\" \/><\/a><\/td>\n<\/tr>\n<tr>\n<td><a href=\"https:\/\/blogsaverroes.juntadeandalucia.es\/orientacionpjm\/dia-internacional-contra-la-violencia-de-genero\/20191126_121236-2\/\" rel=\"attachment wp-att-792\"><img loading=\"lazy\" decoding=\"async\" class=\"alignnone size-medium wp-image-792\" src=\"https:\/\/blogsaverroes.juntadeandalucia.es\/orientacionpjm\/files\/2020\/06\/20191126_121236-300x169.jpg\" alt=\"\" width=\"300\" height=\"169\" srcset=\"https:\/\/blogsaverroes.juntadeandalucia.es\/orientacionpjm\/files\/2020\/06\/20191126_121236-300x169.jpg 300w, https:\/\/blogsaverroes.juntadeandalucia.es\/orientacionpjm\/files\/2020\/06\/20191126_121236-768x432.jpg 768w, https:\/\/blogsaverroes.juntadeandalucia.es\/orientacionpjm\/files\/2020\/06\/20191126_121236-1024x576.jpg 1024w, https:\/\/blogsaverroes.juntadeandalucia.es\/orientacionpjm\/files\/2020\/06\/20191126_121236-24x14.jpg 24w, https:\/\/blogsaverroes.juntadeandalucia.es\/orientacionpjm\/files\/2020\/06\/20191126_121236-36x20.jpg 36w, https:\/\/blogsaverroes.juntadeandalucia.es\/orientacionpjm\/files\/2020\/06\/20191126_121236-48x27.jpg 48w, https:\/\/blogsaverroes.juntadeandalucia.es\/orientacionpjm\/files\/2020\/06\/20191126_121236.jpg 1600w\" sizes=\"(max-width: 300px) 100vw, 300px\" \/><\/a><\/td>\n<td><a href=\"https:\/\/blogsaverroes.juntadeandalucia.es\/orientacionpjm\/dia-internacional-contra-la-violencia-de-genero\/20191126_121237-2\/\" rel=\"attachment wp-att-793\"><img loading=\"lazy\" decoding=\"async\" class=\"alignnone size-medium wp-image-793\" src=\"https:\/\/blogsaverroes.juntadeandalucia.es\/orientacionpjm\/files\/2020\/06\/20191126_121237-300x169.jpg\" alt=\"\" width=\"300\" height=\"169\" srcset=\"https:\/\/blogsaverroes.juntadeandalucia.es\/orientacionpjm\/files\/2020\/06\/20191126_121237-300x169.jpg 300w, https:\/\/blogsaverroes.juntadeandalucia.es\/orientacionpjm\/files\/2020\/06\/20191126_121237-768x432.jpg 768w, https:\/\/blogsaverroes.juntadeandalucia.es\/orientacionpjm\/files\/2020\/06\/20191126_121237-1024x576.jpg 1024w, https:\/\/blogsaverroes.juntadeandalucia.es\/orientacionpjm\/files\/2020\/06\/20191126_121237-24x14.jpg 24w, https:\/\/blogsaverroes.juntadeandalucia.es\/orientacionpjm\/files\/2020\/06\/20191126_121237-36x20.jpg 36w, https:\/\/blogsaverroes.juntadeandalucia.es\/orientacionpjm\/files\/2020\/06\/20191126_121237-48x27.jpg 48w, https:\/\/blogsaverroes.juntadeandalucia.es\/orientacionpjm\/files\/2020\/06\/20191126_121237.jpg 1600w\" sizes=\"(max-width: 300px) 100vw, 300px\" \/><\/a><\/td>\n<\/tr>\n<tr>\n<td colspan=\"2\"><a href=\"https:\/\/blogsaverroes.juntadeandalucia.es\/orientacionpjm\/dia-internacional-contra-la-violencia-de-genero\/20191126_122419-2\/\" rel=\"attachment wp-att-794\"><img loading=\"lazy\" decoding=\"async\" class=\"alignnone size-medium wp-image-794 aligncenter\" src=\"https:\/\/blogsaverroes.juntadeandalucia.es\/orientacionpjm\/files\/2020\/06\/20191126_122419-300x169.jpg\" alt=\"\" width=\"300\" height=\"169\" srcset=\"https:\/\/blogsaverroes.juntadeandalucia.es\/orientacionpjm\/files\/2020\/06\/20191126_122419-300x169.jpg 300w, https:\/\/blogsaverroes.juntadeandalucia.es\/orientacionpjm\/files\/2020\/06\/20191126_122419-768x432.jpg 768w, https:\/\/blogsaverroes.juntadeandalucia.es\/orientacionpjm\/files\/2020\/06\/20191126_122419-1024x576.jpg 1024w, https:\/\/blogsaverroes.juntadeandalucia.es\/orientacionpjm\/files\/2020\/06\/20191126_122419-24x14.jpg 24w, https:\/\/blogsaverroes.juntadeandalucia.es\/orientacionpjm\/files\/2020\/06\/20191126_122419-36x20.jpg 36w, https:\/\/blogsaverroes.juntadeandalucia.es\/orientacionpjm\/files\/2020\/06\/20191126_122419-48x27.jpg 48w, https:\/\/blogsaverroes.juntadeandalucia.es\/orientacionpjm\/files\/2020\/06\/20191126_122419.jpg 1600w\" sizes=\"(max-width: 300px) 100vw, 300px\" \/><\/a><\/td>\n<\/tr>\n<\/tbody>\n<\/table>\n<h2 style=\"text-align: center\"><strong>Representaci\u00f3n sobre la violencia ejercida a la mujer<\/strong><\/h2>\n<p>Realizada por el alumnado de 2\u00ba de bachillerato de la asignatura de arte dram\u00e1tico, a cargo del profesor Samuel Gonz\u00e1lez<\/p>\n<div style=\"width: 843px;\" class=\"wp-video\"><video class=\"wp-video-shortcode\" id=\"video-784-2\" width=\"843\" height=\"474\" preload=\"metadata\" controls=\"controls\"><source type=\"video\/mp4\" src=\"https:\/\/blogsaverroes.juntadeandalucia.es\/orientacionpjm\/files\/2020\/06\/20191125_112312.mp4?_=2\" \/><a href=\"https:\/\/blogsaverroes.juntadeandalucia.es\/orientacionpjm\/files\/2020\/06\/20191125_112312.mp4\">https:\/\/blogsaverroes.juntadeandalucia.es\/orientacionpjm\/files\/2020\/06\/20191125_112312.mp4<\/a><\/video><\/div>\n<p>&nbsp;&nbsp; &nbsp; &nbsp; &nbsp;&nbsp;<a href=\"https:\/\/blogsaverroes.juntadeandalucia.es\/orientacionpjm\/dia-internacional-contra-la-violencia-de-genero\/img-20191125-wa0017-2\/\" rel=\"attachment wp-att-798\"><img loading=\"lazy\" decoding=\"async\" class=\"size-medium wp-image-798 aligncenter\" src=\"https:\/\/blogsaverroes.juntadeandalucia.es\/orientacionpjm\/files\/2020\/06\/IMG-20191125-WA0017-300x169.jpg\" alt=\"\" width=\"300\" height=\"169\" srcset=\"https:\/\/blogsaverroes.juntadeandalucia.es\/orientacionpjm\/files\/2020\/06\/IMG-20191125-WA0017-300x169.jpg 300w, https:\/\/blogsaverroes.juntadeandalucia.es\/orientacionpjm\/files\/2020\/06\/IMG-20191125-WA0017-768x432.jpg 768w, https:\/\/blogsaverroes.juntadeandalucia.es\/orientacionpjm\/files\/2020\/06\/IMG-20191125-WA0017-1024x576.jpg 1024w, https:\/\/blogsaverroes.juntadeandalucia.es\/orientacionpjm\/files\/2020\/06\/IMG-20191125-WA0017-2000x1134.jpg 2000w, https:\/\/blogsaverroes.juntadeandalucia.es\/orientacionpjm\/files\/2020\/06\/IMG-20191125-WA0017-24x14.jpg 24w, https:\/\/blogsaverroes.juntadeandalucia.es\/orientacionpjm\/files\/2020\/06\/IMG-20191125-WA0017-36x20.jpg 36w, https:\/\/blogsaverroes.juntadeandalucia.es\/orientacionpjm\/files\/2020\/06\/IMG-20191125-WA0017-48x27.jpg 48w, https:\/\/blogsaverroes.juntadeandalucia.es\/orientacionpjm\/files\/2020\/06\/IMG-20191125-WA0017.jpg 1600w\" sizes=\"(max-width: 300px) 100vw, 300px\" \/><\/a> <a href=\"https:\/\/blogsaverroes.juntadeandalucia.es\/orientacionpjm\/dia-internacional-contra-la-violencia-de-genero\/img-20191125-wa0022-2\/\" rel=\"attachment wp-att-799\"><img loading=\"lazy\" decoding=\"async\" class=\"size-medium wp-image-799 aligncenter\" src=\"https:\/\/blogsaverroes.juntadeandalucia.es\/orientacionpjm\/files\/2020\/06\/IMG-20191125-WA0022-300x169.jpg\" alt=\"\" width=\"300\" height=\"169\" srcset=\"https:\/\/blogsaverroes.juntadeandalucia.es\/orientacionpjm\/files\/2020\/06\/IMG-20191125-WA0022-300x169.jpg 300w, https:\/\/blogsaverroes.juntadeandalucia.es\/orientacionpjm\/files\/2020\/06\/IMG-20191125-WA0022-768x432.jpg 768w, https:\/\/blogsaverroes.juntadeandalucia.es\/orientacionpjm\/files\/2020\/06\/IMG-20191125-WA0022-1024x576.jpg 1024w, https:\/\/blogsaverroes.juntadeandalucia.es\/orientacionpjm\/files\/2020\/06\/IMG-20191125-WA0022-2000x1134.jpg 2000w, https:\/\/blogsaverroes.juntadeandalucia.es\/orientacionpjm\/files\/2020\/06\/IMG-20191125-WA0022-24x14.jpg 24w, https:\/\/blogsaverroes.juntadeandalucia.es\/orientacionpjm\/files\/2020\/06\/IMG-20191125-WA0022-36x20.jpg 36w, https:\/\/blogsaverroes.juntadeandalucia.es\/orientacionpjm\/files\/2020\/06\/IMG-20191125-WA0022-48x27.jpg 48w, https:\/\/blogsaverroes.juntadeandalucia.es\/orientacionpjm\/files\/2020\/06\/IMG-20191125-WA0022.jpg 1600w\" sizes=\"(max-width: 300px) 100vw, 300px\" \/><\/a> <a href=\"https:\/\/blogsaverroes.juntadeandalucia.es\/orientacionpjm\/dia-internacional-contra-la-violencia-de-genero\/img-20191125-wa0023-2\/\" rel=\"attachment wp-att-800\"><img loading=\"lazy\" decoding=\"async\" class=\"size-medium wp-image-800 aligncenter\" src=\"https:\/\/blogsaverroes.juntadeandalucia.es\/orientacionpjm\/files\/2020\/06\/IMG-20191125-WA0023-300x169.jpg\" alt=\"\" width=\"300\" height=\"169\" srcset=\"https:\/\/blogsaverroes.juntadeandalucia.es\/orientacionpjm\/files\/2020\/06\/IMG-20191125-WA0023-300x169.jpg 300w, https:\/\/blogsaverroes.juntadeandalucia.es\/orientacionpjm\/files\/2020\/06\/IMG-20191125-WA0023-768x432.jpg 768w, https:\/\/blogsaverroes.juntadeandalucia.es\/orientacionpjm\/files\/2020\/06\/IMG-20191125-WA0023-1024x576.jpg 1024w, https:\/\/blogsaverroes.juntadeandalucia.es\/orientacionpjm\/files\/2020\/06\/IMG-20191125-WA0023-2000x1134.jpg 2000w, https:\/\/blogsaverroes.juntadeandalucia.es\/orientacionpjm\/files\/2020\/06\/IMG-20191125-WA0023-24x14.jpg 24w, https:\/\/blogsaverroes.juntadeandalucia.es\/orientacionpjm\/files\/2020\/06\/IMG-20191125-WA0023-36x20.jpg 36w, https:\/\/blogsaverroes.juntadeandalucia.es\/orientacionpjm\/files\/2020\/06\/IMG-20191125-WA0023-48x27.jpg 48w, https:\/\/blogsaverroes.juntadeandalucia.es\/orientacionpjm\/files\/2020\/06\/IMG-20191125-WA0023.jpg 1600w\" sizes=\"(max-width: 300px) 100vw, 300px\" \/><\/a><\/p>\n<h2 style=\"text-align: center\"><strong>Performance que representa a todas y cada una de las mujeres asesinadas hasta ese momento en 2019.<\/strong><\/h2>\n<p>Realizada por el alumnado del CFGS de Educaci\u00f3n Infantil&nbsp;<\/p>\n<p style=\"text-align: center\"><a href=\"https:\/\/blogsaverroes.juntadeandalucia.es\/orientacionpjm\/dia-internacional-contra-la-violencia-de-genero\/20191126_084257-3\/\" rel=\"attachment wp-att-787\"><img loading=\"lazy\" decoding=\"async\" class=\"alignnone size-medium wp-image-787\" src=\"https:\/\/blogsaverroes.juntadeandalucia.es\/orientacionpjm\/files\/2020\/06\/20191126_084257-300x169.jpg\" alt=\"\" width=\"300\" height=\"169\" srcset=\"https:\/\/blogsaverroes.juntadeandalucia.es\/orientacionpjm\/files\/2020\/06\/20191126_084257-300x169.jpg 300w, https:\/\/blogsaverroes.juntadeandalucia.es\/orientacionpjm\/files\/2020\/06\/20191126_084257-768x432.jpg 768w, https:\/\/blogsaverroes.juntadeandalucia.es\/orientacionpjm\/files\/2020\/06\/20191126_084257-1024x576.jpg 1024w, https:\/\/blogsaverroes.juntadeandalucia.es\/orientacionpjm\/files\/2020\/06\/20191126_084257-24x14.jpg 24w, https:\/\/blogsaverroes.juntadeandalucia.es\/orientacionpjm\/files\/2020\/06\/20191126_084257-36x20.jpg 36w, https:\/\/blogsaverroes.juntadeandalucia.es\/orientacionpjm\/files\/2020\/06\/20191126_084257-48x27.jpg 48w, https:\/\/blogsaverroes.juntadeandalucia.es\/orientacionpjm\/files\/2020\/06\/20191126_084257.jpg 1600w\" sizes=\"(max-width: 300px) 100vw, 300px\" \/><\/a><\/p>\n<p>Todas estas actividades han sido realizadas usando materiales financiados por el Pacto de Estado por la Igualdad<\/p>\n<p><a href=\"https:\/\/blogsaverroes.juntadeandalucia.es\/orientacionpjm\/dia-internacional-contra-la-violencia-de-genero\/banner-tres-logos-2\/\" rel=\"attachment wp-att-818\"><img loading=\"lazy\" decoding=\"async\" class=\"aligncenter wp-image-818 size-large\" src=\"https:\/\/blogsaverroes.juntadeandalucia.es\/orientacionpjm\/files\/2020\/06\/Banner-tres-logos-1-1024x173.jpg\" alt=\"\" width=\"525\" height=\"89\" srcset=\"https:\/\/blogsaverroes.juntadeandalucia.es\/orientacionpjm\/files\/2020\/06\/Banner-tres-logos-1-1024x173.jpg 1024w, https:\/\/blogsaverroes.juntadeandalucia.es\/orientacionpjm\/files\/2020\/06\/Banner-tres-logos-1-300x51.jpg 300w, https:\/\/blogsaverroes.juntadeandalucia.es\/orientacionpjm\/files\/2020\/06\/Banner-tres-logos-1-768x129.jpg 768w, https:\/\/blogsaverroes.juntadeandalucia.es\/orientacionpjm\/files\/2020\/06\/Banner-tres-logos-1-24x4.jpg 24w, https:\/\/blogsaverroes.juntadeandalucia.es\/orientacionpjm\/files\/2020\/06\/Banner-tres-logos-1-36x6.jpg 36w, https:\/\/blogsaverroes.juntadeandalucia.es\/orientacionpjm\/files\/2020\/06\/Banner-tres-logos-1-48x8.jpg 48w, https:\/\/blogsaverroes.juntadeandalucia.es\/orientacionpjm\/files\/2020\/06\/Banner-tres-logos-1.jpg 1175w\" sizes=\"(max-width: 525px) 100vw, 525px\" \/><\/a><\/p>\n","protected":false},"excerpt":{"rendered":"<p>Con motivo del D\u00eda internacional contra la violencia de g\u00e9nero, se han realizado varias actividades, tanto en las distintas materias, como en las sesiones de&hellip;<\/p>\n","protected":false},"author":6069,"featured_media":0,"comment_status":"open","ping_status":"open","sticky":false,"template":"","format":"standard","meta":{"ngg_post_thumbnail":0,"footnotes":""},"categories":[9963],"tags":[],"aioseo_notices":[],"_links":{"self":[{"href":"https:\/\/blogsaverroes.juntadeandalucia.es\/orientacionpjm\/wp-json\/wp\/v2\/posts\/784"}],"collection":[{"href":"https:\/\/blogsaverroes.juntadeandalucia.es\/orientacionpjm\/wp-json\/wp\/v2\/posts"}],"about":[{"href":"https:\/\/blogsaverroes.juntadeandalucia.es\/orientacionpjm\/wp-json\/wp\/v2\/types\/post"}],"author":[{"embeddable":true,"href":"https:\/\/blogsaverroes.juntadeandalucia.es\/orientacionpjm\/wp-json\/wp\/v2\/users\/6069"}],"replies":[{"embeddable":true,"href":"https:\/\/blogsaverroes.juntadeandalucia.es\/orientacionpjm\/wp-json\/wp\/v2\/comments?post=784"}],"version-history":[{"count":4,"href":"https:\/\/blogsaverroes.juntadeandalucia.es\/orientacionpjm\/wp-json\/wp\/v2\/posts\/784\/revisions"}],"predecessor-version":[{"id":819,"href":"https:\/\/blogsaverroes.juntadeandalucia.es\/orientacionpjm\/wp-json\/wp\/v2\/posts\/784\/revisions\/819"}],"wp:attachment":[{"href":"https:\/\/blogsaverroes.juntadeandalucia.es\/orientacionpjm\/wp-json\/wp\/v2\/media?parent=784"}],"wp:term":[{"taxonomy":"category","embeddable":true,"href":"https:\/\/blogsaverroes.juntadeandalucia.es\/orientacionpjm\/wp-json\/wp\/v2\/categories?post=784"},{"taxonomy":"post_tag","embeddable":true,"href":"https:\/\/blogsaverroes.juntadeandalucia.es\/orientacionpjm\/wp-json\/wp\/v2\/tags?post=784"}],"curies":[{"name":"wp","href":"https:\/\/api.w.org\/{rel}","templated":true}]}}