{"id":963,"date":"2023-05-30T15:48:29","date_gmt":"2023-05-30T14:48:29","guid":{"rendered":"https:\/\/blogsaverroes.juntadeandalucia.es\/orientacionpjm\/?p=963"},"modified":"2023-05-30T15:54:02","modified_gmt":"2023-05-30T14:54:02","slug":"museo-contra-la-violencia-machista","status":"publish","type":"post","link":"https:\/\/blogsaverroes.juntadeandalucia.es\/orientacionpjm\/museo-contra-la-violencia-machista\/","title":{"rendered":"Museo Contra la Violencia Machista"},"content":{"rendered":"<p>De cara al 25 de noviembre, organizamos en el centro un concurso de puertas para todos los grupos del centro (ESO, bachillerato, FP y aula espec\u00edfica).&nbsp;<\/p>\n<p>La actividad fue organizada como un concurso, y la participaci\u00f3n fue inesperada. 35 de las 40 unidades que tenemos en el centro, participaron del mismo.&nbsp;<\/p>\n<p>Para quien lo quiera usar, dejo las indicaciones que se dieron para la organizaci\u00f3n, de tal manera que se abarcaran gran parte de los temas relacionados de una u otra forma con la violencia machista. Y lagunas fotos y videos realizados. Es imposible poner todo, porque adem\u00e1s de la propia decoraci\u00f3n de las puertas, muchos grupos incluyeron c\u00f3digos QR con enlaces a una ampliaci\u00f3n de la informaci\u00f3n, e incluso a videos elaborados por ellos mismos.&nbsp;<\/p>\n<p>Espero que os guste.&nbsp;<\/p>\n<p style=\"text-align: center\"><strong>Pincha en la siguiente imagen para acceder al documento para organizar la actividad<\/strong><\/p>\n<p><a href=\"https:\/\/docs.google.com\/document\/d\/1LVDjYiHDW7vktXDA2l916MopR8dghwux\/edit?usp=share_link&amp;ouid=114595638050664562481&amp;rtpof=true&amp;sd=true\" rel=\"attachment wp-att-964\"><img loading=\"lazy\" decoding=\"async\" class=\"alignnone size-medium wp-image-964 aligncenter\" src=\"https:\/\/blogsaverroes.juntadeandalucia.es\/orientacionpjm\/files\/2023\/05\/20221125_095000-225x300.jpg\" alt=\"\" width=\"225\" height=\"300\" srcset=\"https:\/\/blogsaverroes.juntadeandalucia.es\/orientacionpjm\/files\/2023\/05\/20221125_095000-225x300.jpg 225w, https:\/\/blogsaverroes.juntadeandalucia.es\/orientacionpjm\/files\/2023\/05\/20221125_095000-768x1024.jpg 768w, https:\/\/blogsaverroes.juntadeandalucia.es\/orientacionpjm\/files\/2023\/05\/20221125_095000-1152x1536.jpg 1152w, https:\/\/blogsaverroes.juntadeandalucia.es\/orientacionpjm\/files\/2023\/05\/20221125_095000-1536x2048.jpg 1536w, https:\/\/blogsaverroes.juntadeandalucia.es\/orientacionpjm\/files\/2023\/05\/20221125_095000-scaled.jpg 1200w\" sizes=\"(max-width: 225px) 100vw, 225px\" \/><\/a><\/p>\n<p>A continuaci\u00f3n, pod\u00e9is ver una galer\u00eda de fotos de todos los grupos participantes.<\/p>\n<p>ngg_shortcode_0_placeholder<a href=\"https:\/\/blogsaverroes.juntadeandalucia.es\/orientacionpjm\/coeducacion\/banner-tres-logos-1\/\" rel=\"attachment wp-att-958\"><img loading=\"lazy\" decoding=\"async\" class=\"aligncenter wp-image-958 size-large\" src=\"https:\/\/blogsaverroes.juntadeandalucia.es\/orientacionpjm\/files\/2023\/05\/Banner-tres-logos-1-1024x173.jpg\" alt=\"\" width=\"843\" height=\"142\" srcset=\"https:\/\/blogsaverroes.juntadeandalucia.es\/orientacionpjm\/files\/2023\/05\/Banner-tres-logos-1-1024x173.jpg 1024w, https:\/\/blogsaverroes.juntadeandalucia.es\/orientacionpjm\/files\/2023\/05\/Banner-tres-logos-1-300x51.jpg 300w, https:\/\/blogsaverroes.juntadeandalucia.es\/orientacionpjm\/files\/2023\/05\/Banner-tres-logos-1-768x129.jpg 768w, https:\/\/blogsaverroes.juntadeandalucia.es\/orientacionpjm\/files\/2023\/05\/Banner-tres-logos-1.jpg 1175w\" sizes=\"(max-width: 843px) 100vw, 843px\" \/><\/a><\/p>\n","protected":false},"excerpt":{"rendered":"<p>De cara al 25 de noviembre, organizamos en el centro un concurso de puertas para todos los grupos del centro (ESO, bachillerato, FP y aula&hellip;<\/p>\n","protected":false},"author":6069,"featured_media":0,"comment_status":"open","ping_status":"open","sticky":false,"template":"","format":"standard","meta":{"ngg_post_thumbnail":0,"footnotes":""},"categories":[11909],"tags":[],"aioseo_notices":[],"_links":{"self":[{"href":"https:\/\/blogsaverroes.juntadeandalucia.es\/orientacionpjm\/wp-json\/wp\/v2\/posts\/963"}],"collection":[{"href":"https:\/\/blogsaverroes.juntadeandalucia.es\/orientacionpjm\/wp-json\/wp\/v2\/posts"}],"about":[{"href":"https:\/\/blogsaverroes.juntadeandalucia.es\/orientacionpjm\/wp-json\/wp\/v2\/types\/post"}],"author":[{"embeddable":true,"href":"https:\/\/blogsaverroes.juntadeandalucia.es\/orientacionpjm\/wp-json\/wp\/v2\/users\/6069"}],"replies":[{"embeddable":true,"href":"https:\/\/blogsaverroes.juntadeandalucia.es\/orientacionpjm\/wp-json\/wp\/v2\/comments?post=963"}],"version-history":[{"count":3,"href":"https:\/\/blogsaverroes.juntadeandalucia.es\/orientacionpjm\/wp-json\/wp\/v2\/posts\/963\/revisions"}],"predecessor-version":[{"id":1045,"href":"https:\/\/blogsaverroes.juntadeandalucia.es\/orientacionpjm\/wp-json\/wp\/v2\/posts\/963\/revisions\/1045"}],"wp:attachment":[{"href":"https:\/\/blogsaverroes.juntadeandalucia.es\/orientacionpjm\/wp-json\/wp\/v2\/media?parent=963"}],"wp:term":[{"taxonomy":"category","embeddable":true,"href":"https:\/\/blogsaverroes.juntadeandalucia.es\/orientacionpjm\/wp-json\/wp\/v2\/categories?post=963"},{"taxonomy":"post_tag","embeddable":true,"href":"https:\/\/blogsaverroes.juntadeandalucia.es\/orientacionpjm\/wp-json\/wp\/v2\/tags?post=963"}],"curies":[{"name":"wp","href":"https:\/\/api.w.org\/{rel}","templated":true}]}}