{"id":1006,"date":"2022-04-25T08:18:10","date_gmt":"2022-04-25T08:18:10","guid":{"rendered":"https:\/\/blogsaverroes.juntadeandalucia.es\/orientacionvegademar\/?p=1006"},"modified":"2022-04-25T08:18:10","modified_gmt":"2022-04-25T08:18:10","slug":"jovenes-promesas-del-ies-vega-de-mar-2021-2022","status":"publish","type":"post","link":"https:\/\/blogsaverroes.juntadeandalucia.es\/orientacionvegademar\/2022\/04\/25\/jovenes-promesas-del-ies-vega-de-mar-2021-2022\/","title":{"rendered":"J\u00f3venes promesas del IES Vega de Mar 2021\/2022"},"content":{"rendered":"<p><img loading=\"lazy\" decoding=\"async\" class=\"wp-image-1007 aligncenter\" src=\"https:\/\/blogsaverroes.juntadeandalucia.es\/orientacionvegademar\/files\/2022\/04\/pexels-andrew-4226393-300x200.jpg\" alt=\"\" width=\"578\" height=\"385\" srcset=\"https:\/\/blogsaverroes.juntadeandalucia.es\/orientacionvegademar\/files\/2022\/04\/pexels-andrew-4226393-300x200.jpg 300w, https:\/\/blogsaverroes.juntadeandalucia.es\/orientacionvegademar\/files\/2022\/04\/pexels-andrew-4226393-1024x681.jpg 1024w, https:\/\/blogsaverroes.juntadeandalucia.es\/orientacionvegademar\/files\/2022\/04\/pexels-andrew-4226393-768x511.jpg 768w, https:\/\/blogsaverroes.juntadeandalucia.es\/orientacionvegademar\/files\/2022\/04\/pexels-andrew-4226393-1536x1021.jpg 1536w, https:\/\/blogsaverroes.juntadeandalucia.es\/orientacionvegademar\/files\/2022\/04\/pexels-andrew-4226393-2048x1362.jpg 2048w\" sizes=\"(max-width: 578px) 100vw, 578px\" \/><\/p>\n<p><strong><u>BASES<\/u><\/strong><\/p>\n<p>El IES Vega de Mar, de San Pedro Alc\u00e1ntara, con la finalidad de dar a conocer y valorar las actividades extraescolares que realiza nuestro alumnado, organizar\u00e1 a final de curso el acto <strong>\u201cJ\u00f3venes Promesas del IES Vega de Mar 2021\/2022\u201d<\/strong>, en la que ser\u00e1n destacadas las <strong>facetas art\u00edsticas, culturales, deportivas o de cualquier otra \u00edndole<\/strong> que realizan nuestro alumnado, ya sea de manera individual o colectiva.<\/p>\n<p><strong><u>PARTICIPANTES<\/u><\/strong><\/p>\n<ul>\n<li>Podr\u00e1 participar todo el alumnado matriculado en el IES Vega de Mar que realice alguna actividad digna de menci\u00f3n y que sea aprobada por el jurado.<\/li>\n<li>Los candidatos o candaditas de cada grupo ser\u00e1n propuestos al tutor o tutora, que recoger\u00e1 en qu\u00e9 actividad destaca el alumnado propuesto, as\u00ed como ampliar\u00e1 toda la informaci\u00f3n rese\u00f1able.<\/li>\n<li>Asimismo, los Departamentos did\u00e1cticos podr\u00e1n proponer las candidaturas de alumnado que consideren oportuno.<\/li>\n<li>Tambi\u00e9n, el alumnado a iniciativa propia, podr\u00e1 proponer a otros compa\u00f1eros o compa\u00f1eras cuando lo considere oportuno, informando al correspondiente tutor o tutora, al profesorado o a Vicedirecci\u00f3n.<\/li>\n<li>Las listas con todas las candidaturas ser\u00e1n entregadas a Vicedirecci\u00f3n para que se proceda a su estudio y aceptaci\u00f3n por parte del jurado.<\/li>\n<\/ul>\n<p><strong><u>JURADO<\/u><\/strong><\/p>\n<p>Estar\u00e1 compuesto por miembros del Consejo Escolar que representen a todos los sectores de la Comunidad educativa.<\/p>\n","protected":false},"excerpt":{"rendered":"<p>BASES El IES Vega de Mar, de San Pedro Alc\u00e1ntara, con la finalidad de dar a conocer y valorar las actividades extraescolares que realiza nuestro alumnado, organizar\u00e1 a final de curso el acto \u201cJ\u00f3venes&#46;&#46;&#46;<\/p>\n","protected":false},"author":11559,"featured_media":1007,"comment_status":"open","ping_status":"open","sticky":false,"template":"","format":"standard","meta":{"ngg_post_thumbnail":0,"footnotes":""},"categories":[19,16],"tags":[],"aioseo_notices":[],"post_mailing_queue_ids":[],"_links":{"self":[{"href":"https:\/\/blogsaverroes.juntadeandalucia.es\/orientacionvegademar\/wp-json\/wp\/v2\/posts\/1006"}],"collection":[{"href":"https:\/\/blogsaverroes.juntadeandalucia.es\/orientacionvegademar\/wp-json\/wp\/v2\/posts"}],"about":[{"href":"https:\/\/blogsaverroes.juntadeandalucia.es\/orientacionvegademar\/wp-json\/wp\/v2\/types\/post"}],"author":[{"embeddable":true,"href":"https:\/\/blogsaverroes.juntadeandalucia.es\/orientacionvegademar\/wp-json\/wp\/v2\/users\/11559"}],"replies":[{"embeddable":true,"href":"https:\/\/blogsaverroes.juntadeandalucia.es\/orientacionvegademar\/wp-json\/wp\/v2\/comments?post=1006"}],"version-history":[{"count":1,"href":"https:\/\/blogsaverroes.juntadeandalucia.es\/orientacionvegademar\/wp-json\/wp\/v2\/posts\/1006\/revisions"}],"predecessor-version":[{"id":1008,"href":"https:\/\/blogsaverroes.juntadeandalucia.es\/orientacionvegademar\/wp-json\/wp\/v2\/posts\/1006\/revisions\/1008"}],"wp:featuredmedia":[{"embeddable":true,"href":"https:\/\/blogsaverroes.juntadeandalucia.es\/orientacionvegademar\/wp-json\/wp\/v2\/media\/1007"}],"wp:attachment":[{"href":"https:\/\/blogsaverroes.juntadeandalucia.es\/orientacionvegademar\/wp-json\/wp\/v2\/media?parent=1006"}],"wp:term":[{"taxonomy":"category","embeddable":true,"href":"https:\/\/blogsaverroes.juntadeandalucia.es\/orientacionvegademar\/wp-json\/wp\/v2\/categories?post=1006"},{"taxonomy":"post_tag","embeddable":true,"href":"https:\/\/blogsaverroes.juntadeandalucia.es\/orientacionvegademar\/wp-json\/wp\/v2\/tags?post=1006"}],"curies":[{"name":"wp","href":"https:\/\/api.w.org\/{rel}","templated":true}]}}