{"id":1048,"date":"2022-05-12T06:34:27","date_gmt":"2022-05-12T06:34:27","guid":{"rendered":"https:\/\/blogsaverroes.juntadeandalucia.es\/orientacionvegademar\/?p=1048"},"modified":"2022-05-12T07:38:14","modified_gmt":"2022-05-12T07:38:14","slug":"taller-de-prevencion-de-conducta-adictiva-3o-y-4o-de-eso","status":"publish","type":"post","link":"https:\/\/blogsaverroes.juntadeandalucia.es\/orientacionvegademar\/2022\/05\/12\/taller-de-prevencion-de-conducta-adictiva-3o-y-4o-de-eso\/","title":{"rendered":"Taller de prevenci\u00f3n de conducta adictiva (3\u00ba y 4\u00ba de ESO)"},"content":{"rendered":"<p><img loading=\"lazy\" decoding=\"async\" class=\"wp-image-1047 aligncenter\" src=\"https:\/\/blogsaverroes.juntadeandalucia.es\/orientacionvegademar\/files\/2022\/05\/pexels-anna-shvets-3683077-300x200.jpg\" alt=\"\" width=\"515\" height=\"343\" srcset=\"https:\/\/blogsaverroes.juntadeandalucia.es\/orientacionvegademar\/files\/2022\/05\/pexels-anna-shvets-3683077-300x200.jpg 300w, https:\/\/blogsaverroes.juntadeandalucia.es\/orientacionvegademar\/files\/2022\/05\/pexels-anna-shvets-3683077-1024x683.jpg 1024w, https:\/\/blogsaverroes.juntadeandalucia.es\/orientacionvegademar\/files\/2022\/05\/pexels-anna-shvets-3683077-768x512.jpg 768w, https:\/\/blogsaverroes.juntadeandalucia.es\/orientacionvegademar\/files\/2022\/05\/pexels-anna-shvets-3683077-1536x1024.jpg 1536w, https:\/\/blogsaverroes.juntadeandalucia.es\/orientacionvegademar\/files\/2022\/05\/pexels-anna-shvets-3683077-2048x1365.jpg 2048w\" sizes=\"(max-width: 515px) 100vw, 515px\" \/><\/p>\n<p>Durante el mes de mayo, el alumnado del CFGS de Integraci\u00f3n Social, impartir\u00e1 un taller de prevenci\u00f3n de la conducta adictiva dirigido a 3\u00ba y 4\u00ba de ESO en el marco del Plan de Orientaci\u00f3n y Acci\u00f3n Tutorial, el Programa de Promoci\u00f3n de H\u00e1bitos de Vida Saludables Forma Joven y como parte de su formaci\u00f3n.<\/p>\n<p>El horario de los talleres en los diferentes grupos ser\u00e1:&nbsp;<\/p>\n<ul>\n<li style=\"text-align: left\"><strong>MI\u00c9RCOLES 18 DE MAYO a 3a hora (10:45 &#8211; 11:45) grupos de 4\u00ba ESO A, B, C, D y E.<\/strong><\/li>\n<li><strong>MI\u00c9RCOLES 25 DE MAYO a 4a hora (11:45 &#8211; 12:45) grupos de 3\u00ba ESO A-B (juntos en sal\u00f3n de actos), C, D, E y F.<\/strong><\/li>\n<\/ul>\n<p>Todos los talleres se realizar\u00e1n en el aula correspondiente del grupo a excepci\u00f3n del 25 de mayo que es necesario que 3\u00ba de ESO A-B acudan al sal\u00f3n de actos&nbsp;<\/p>\n","protected":false},"excerpt":{"rendered":"<p>Durante el mes de mayo, el alumnado del CFGS de Integraci\u00f3n Social, impartir\u00e1 un taller de prevenci\u00f3n de la conducta adictiva dirigido a 3\u00ba y 4\u00ba de ESO en el marco del Plan de&#46;&#46;&#46;<\/p>\n","protected":false},"author":11559,"featured_media":1047,"comment_status":"open","ping_status":"open","sticky":false,"template":"","format":"standard","meta":{"ngg_post_thumbnail":0,"footnotes":""},"categories":[20],"tags":[],"aioseo_notices":[],"post_mailing_queue_ids":[],"_links":{"self":[{"href":"https:\/\/blogsaverroes.juntadeandalucia.es\/orientacionvegademar\/wp-json\/wp\/v2\/posts\/1048"}],"collection":[{"href":"https:\/\/blogsaverroes.juntadeandalucia.es\/orientacionvegademar\/wp-json\/wp\/v2\/posts"}],"about":[{"href":"https:\/\/blogsaverroes.juntadeandalucia.es\/orientacionvegademar\/wp-json\/wp\/v2\/types\/post"}],"author":[{"embeddable":true,"href":"https:\/\/blogsaverroes.juntadeandalucia.es\/orientacionvegademar\/wp-json\/wp\/v2\/users\/11559"}],"replies":[{"embeddable":true,"href":"https:\/\/blogsaverroes.juntadeandalucia.es\/orientacionvegademar\/wp-json\/wp\/v2\/comments?post=1048"}],"version-history":[{"count":3,"href":"https:\/\/blogsaverroes.juntadeandalucia.es\/orientacionvegademar\/wp-json\/wp\/v2\/posts\/1048\/revisions"}],"predecessor-version":[{"id":1051,"href":"https:\/\/blogsaverroes.juntadeandalucia.es\/orientacionvegademar\/wp-json\/wp\/v2\/posts\/1048\/revisions\/1051"}],"wp:featuredmedia":[{"embeddable":true,"href":"https:\/\/blogsaverroes.juntadeandalucia.es\/orientacionvegademar\/wp-json\/wp\/v2\/media\/1047"}],"wp:attachment":[{"href":"https:\/\/blogsaverroes.juntadeandalucia.es\/orientacionvegademar\/wp-json\/wp\/v2\/media?parent=1048"}],"wp:term":[{"taxonomy":"category","embeddable":true,"href":"https:\/\/blogsaverroes.juntadeandalucia.es\/orientacionvegademar\/wp-json\/wp\/v2\/categories?post=1048"},{"taxonomy":"post_tag","embeddable":true,"href":"https:\/\/blogsaverroes.juntadeandalucia.es\/orientacionvegademar\/wp-json\/wp\/v2\/tags?post=1048"}],"curies":[{"name":"wp","href":"https:\/\/api.w.org\/{rel}","templated":true}]}}