{"id":881,"date":"2022-02-16T07:40:16","date_gmt":"2022-02-16T07:40:16","guid":{"rendered":"https:\/\/blogsaverroes.juntadeandalucia.es\/orientacionvegademar\/?p=881"},"modified":"2022-02-16T07:44:03","modified_gmt":"2022-02-16T07:44:03","slug":"como-tu-uma-desafio-catedra-lamarr-y-concurso-hilda-ericsson","status":"publish","type":"post","link":"https:\/\/blogsaverroes.juntadeandalucia.es\/orientacionvegademar\/2022\/02\/16\/como-tu-uma-desafio-catedra-lamarr-y-concurso-hilda-ericsson\/","title":{"rendered":"Como T\u00fa &#8211; UMA: Desaf\u00edo C\u00e1tedra Lamarr y Concurso Hilda Ericsson."},"content":{"rendered":"<p><img loading=\"lazy\" decoding=\"async\" class=\"wp-image-882 aligncenter\" src=\"https:\/\/blogsaverroes.juntadeandalucia.es\/orientacionvegademar\/files\/2022\/02\/C\u00e1tedraLamarr-300x111.jpg\" alt=\"\" width=\"830\" height=\"307\" srcset=\"https:\/\/blogsaverroes.juntadeandalucia.es\/orientacionvegademar\/files\/2022\/02\/C\u00e1tedraLamarr-300x111.jpg 300w, https:\/\/blogsaverroes.juntadeandalucia.es\/orientacionvegademar\/files\/2022\/02\/C\u00e1tedraLamarr-1024x378.jpg 1024w, https:\/\/blogsaverroes.juntadeandalucia.es\/orientacionvegademar\/files\/2022\/02\/C\u00e1tedraLamarr-768x284.jpg 768w, https:\/\/blogsaverroes.juntadeandalucia.es\/orientacionvegademar\/files\/2022\/02\/C\u00e1tedraLamarr.jpg 1378w\" sizes=\"(max-width: 830px) 100vw, 830px\" \/><\/p>\n<p>Desde el proyecto Como T\u00fa de la Universidad de M\u00e1laga nos invitan a participar en la actividad <strong>Desaf\u00edo C\u00e1tedra Lamarr y Concurso Hilda Ericsoon.<\/strong><\/p>\n<p>Se trata de un <strong>concurso de video<\/strong> que debe responder a la pregunta <strong>\u00ab\u00bfC\u00f3mo podr\u00edais mejorar el mundo a vuestro alrededor con 5G?\u00bb. <\/strong>Pueden participar las chicas individualmente o en grupos (en los que puede haber hasta un 25% de chicos). De los cursos de 3\u00ba y 4\u00ba de ESO, Bachillerato o Ciclos Formativos de Grado Medio y FPB.<\/p>\n<p>El video debe ser subido a la web <a href=\"http:\/\/catedralamarr.uma.es\">www.catedralamarr.uma.es<\/a> <b>antes del 28 de febrero de 2022<\/b>.<\/p>\n<p><strong>Premios:<\/strong> Participaci\u00f3n en un curso de iniciaci\u00f3n tecnol\u00f3gica en la Universidad de M\u00e1laga que tendr\u00e1 lugar los&nbsp;<b>viernes por la tarde de marzo y abril<\/b>. Trabajar en grupo para profundizar en sus propuestas y participar en el mes de mayo en el Concurso Hilda Ericsson. En la web y en el Instagram <strong>@<\/strong><b>catedra.lamarr <\/b>hay algunos videos que pueden servir de ejemplo.<strong> \u00a1Tambi\u00e9n se puede ganar un m\u00f3vil 5G!<\/strong><\/p>\n<p>Se puede contactar con la organizaci\u00f3n a trav\u00e9s del correo: <strong>catedralamarr@uma.es<\/strong> para cualquier ayuda o duda.<\/p>\n<p>Pod\u00e9is ver aqu\u00ed unos videos sobre el&nbsp;<a href=\"https:\/\/drive.google.com\/file\/d\/1OK6S-PyDly_u4bdevyF1snSZ9Sg9Cque\/view?usp=sharing\" target=\"_blank\" rel=\"noopener noreferrer\" data-saferedirecturl=\"https:\/\/www.google.com\/url?q=https:\/\/drive.google.com\/file\/d\/1OK6S-PyDly_u4bdevyF1snSZ9Sg9Cque\/view?usp%3Dsharing&amp;source=gmail&amp;ust=1645082870847000&amp;usg=AOvVaw2Ec24OlatL5xAC9PlsH97D\">desaf\u00edo<\/a>, incluido un&nbsp;<a href=\"https:\/\/drive.google.com\/file\/d\/1Qi8XvwGUcMarwITkqhZjaQJpDAg_x5xc\/view?usp=sharing\" target=\"_blank\" rel=\"noopener noreferrer\" data-saferedirecturl=\"https:\/\/www.google.com\/url?q=https:\/\/drive.google.com\/file\/d\/1Qi8XvwGUcMarwITkqhZjaQJpDAg_x5xc\/view?usp%3Dsharing&amp;source=gmail&amp;ust=1645082870847000&amp;usg=AOvVaw1Q3UNdV9B_RagsI9zE2TDd\">ejemplo<\/a>.<\/p>\n","protected":false},"excerpt":{"rendered":"<p>Desde el proyecto Como T\u00fa de la Universidad de M\u00e1laga nos invitan a participar en la actividad Desaf\u00edo C\u00e1tedra Lamarr y Concurso Hilda Ericsoon. Se trata de un concurso de video que debe responder&#46;&#46;&#46;<\/p>\n","protected":false},"author":11559,"featured_media":882,"comment_status":"open","ping_status":"open","sticky":false,"template":"","format":"standard","meta":{"ngg_post_thumbnail":0,"footnotes":""},"categories":[16],"tags":[],"aioseo_notices":[],"post_mailing_queue_ids":[],"_links":{"self":[{"href":"https:\/\/blogsaverroes.juntadeandalucia.es\/orientacionvegademar\/wp-json\/wp\/v2\/posts\/881"}],"collection":[{"href":"https:\/\/blogsaverroes.juntadeandalucia.es\/orientacionvegademar\/wp-json\/wp\/v2\/posts"}],"about":[{"href":"https:\/\/blogsaverroes.juntadeandalucia.es\/orientacionvegademar\/wp-json\/wp\/v2\/types\/post"}],"author":[{"embeddable":true,"href":"https:\/\/blogsaverroes.juntadeandalucia.es\/orientacionvegademar\/wp-json\/wp\/v2\/users\/11559"}],"replies":[{"embeddable":true,"href":"https:\/\/blogsaverroes.juntadeandalucia.es\/orientacionvegademar\/wp-json\/wp\/v2\/comments?post=881"}],"version-history":[{"count":3,"href":"https:\/\/blogsaverroes.juntadeandalucia.es\/orientacionvegademar\/wp-json\/wp\/v2\/posts\/881\/revisions"}],"predecessor-version":[{"id":885,"href":"https:\/\/blogsaverroes.juntadeandalucia.es\/orientacionvegademar\/wp-json\/wp\/v2\/posts\/881\/revisions\/885"}],"wp:featuredmedia":[{"embeddable":true,"href":"https:\/\/blogsaverroes.juntadeandalucia.es\/orientacionvegademar\/wp-json\/wp\/v2\/media\/882"}],"wp:attachment":[{"href":"https:\/\/blogsaverroes.juntadeandalucia.es\/orientacionvegademar\/wp-json\/wp\/v2\/media?parent=881"}],"wp:term":[{"taxonomy":"category","embeddable":true,"href":"https:\/\/blogsaverroes.juntadeandalucia.es\/orientacionvegademar\/wp-json\/wp\/v2\/categories?post=881"},{"taxonomy":"post_tag","embeddable":true,"href":"https:\/\/blogsaverroes.juntadeandalucia.es\/orientacionvegademar\/wp-json\/wp\/v2\/tags?post=881"}],"curies":[{"name":"wp","href":"https:\/\/api.w.org\/{rel}","templated":true}]}}