{"id":922,"date":"2022-03-07T08:45:57","date_gmt":"2022-03-07T08:45:57","guid":{"rendered":"https:\/\/blogsaverroes.juntadeandalucia.es\/orientacionvegademar\/?p=922"},"modified":"2022-03-07T09:17:47","modified_gmt":"2022-03-07T09:17:47","slug":"ii-jornadas-alumnae-uma","status":"publish","type":"post","link":"https:\/\/blogsaverroes.juntadeandalucia.es\/orientacionvegademar\/2022\/03\/07\/ii-jornadas-alumnae-uma\/","title":{"rendered":"II Jornadas Alumnae UMA."},"content":{"rendered":"<p dir=\"ltr\"><img loading=\"lazy\" decoding=\"async\" class=\"wp-image-923 aligncenter\" src=\"https:\/\/blogsaverroes.juntadeandalucia.es\/orientacionvegademar\/files\/2022\/03\/II-JORNADAS-ALUMNAE-300x212.jpg\" alt=\"\" width=\"537\" height=\"379\" srcset=\"https:\/\/blogsaverroes.juntadeandalucia.es\/orientacionvegademar\/files\/2022\/03\/II-JORNADAS-ALUMNAE-300x212.jpg 300w, https:\/\/blogsaverroes.juntadeandalucia.es\/orientacionvegademar\/files\/2022\/03\/II-JORNADAS-ALUMNAE-1024x724.jpg 1024w, https:\/\/blogsaverroes.juntadeandalucia.es\/orientacionvegademar\/files\/2022\/03\/II-JORNADAS-ALUMNAE-768x543.jpg 768w, https:\/\/blogsaverroes.juntadeandalucia.es\/orientacionvegademar\/files\/2022\/03\/II-JORNADAS-ALUMNAE-1536x1086.jpg 1536w, https:\/\/blogsaverroes.juntadeandalucia.es\/orientacionvegademar\/files\/2022\/03\/II-JORNADAS-ALUMNAE-2048x1448.jpg 2048w\" sizes=\"(max-width: 537px) 100vw, 537px\" \/><\/p>\n<p dir=\"ltr\">Las II Jornadas Alumnae que tendr\u00e1n lugar el pr\u00f3ximo <strong>jueves 10 de marzo.<\/strong><\/p>\n<p dir=\"ltr\">No es necesario inscribirse, el alumnado podr\u00e1 acceder clicando en el enlace de la inauguraci\u00f3n o del centro que m\u00e1s le interese. Para acceder tampoco es necesario disponer de cuenta en Microsoft Teams, pueden acceder directamente a trav\u00e9s de Internet.<\/p>\n<p dir=\"ltr\">Estas Jornadas est\u00e1n enfocadas en <strong>orientar a los estudiantes sobre las distintas salidas profesionales y sobre cuestiones relativas al sector laboral, con el fin de motivarles y aclarar posibles dudas sobre su futuro.<\/strong><\/p>\n<p dir=\"ltr\">Los ponentes ofrecer\u00e1n a los participantes distintas charlas donde hablar\u00e1n sobre las actividades que realizaron al finalizar el grado; las pr\u00e1cticas curriculares que realizaron y c\u00f3mo fue su experiencia; temas relativos al programa de movilidad Erasmus; situaci\u00f3n laboral actual, y que funciones desempe\u00f1an en su lugar de trabajo; a trav\u00e9s de qu\u00e9 medios consiguieron su empleo actual, as\u00ed como, consejos pr\u00e1cticos a la hora de cursar el grado.<\/p>\n<p dir=\"ltr\">Este evento est\u00e1 principalmente dirigido a los estudiantes de grado, pero creemos que esta informaci\u00f3n tambi\u00e9n puede ser interesante para el <strong>alumnado de 1\u00ba y 2\u00ba de bachillerato.<\/strong><\/p>\n<p dir=\"ltr\"><strong>Los alumnos y alumnas podr\u00e1n preguntar en directo sus dudas a los ponentes a trav\u00e9s del chat.<\/strong><\/p>\n<p dir=\"ltr\"><strong>Enlace<\/strong>:<a href=\"https:\/\/www.uma.es\/oficina-de-atencion-al-estudiante\/info\/133224\/ii-jornadas-alumnae\/\"> https:\/\/www.uma.es\/oficina-de-atencion-al-estudiante\/info\/133224\/ii-jornadas-alumnae\/<\/a><\/p>\n<p dir=\"ltr\"><strong>Programa de las charlas:<\/strong> <a href=\"https:\/\/blogsaverroes.juntadeandalucia.es\/orientacionvegademar\/files\/2022\/03\/II-JORNADAS-ALUMNAE-SIN-ENLACES.pdf\">II JORNADAS ALUMNAE SIN ENLACES<\/a><\/p>\n<p dir=\"ltr\">&nbsp;<\/p>\n","protected":false},"excerpt":{"rendered":"<p>Las II Jornadas Alumnae que tendr\u00e1n lugar el pr\u00f3ximo jueves 10 de marzo. No es necesario inscribirse, el alumnado podr\u00e1 acceder clicando en el enlace de la inauguraci\u00f3n o del centro que m\u00e1s le&#46;&#46;&#46;<\/p>\n","protected":false},"author":11559,"featured_media":923,"comment_status":"open","ping_status":"open","sticky":false,"template":"","format":"standard","meta":{"ngg_post_thumbnail":0,"footnotes":""},"categories":[16],"tags":[],"aioseo_notices":[],"post_mailing_queue_ids":[],"_links":{"self":[{"href":"https:\/\/blogsaverroes.juntadeandalucia.es\/orientacionvegademar\/wp-json\/wp\/v2\/posts\/922"}],"collection":[{"href":"https:\/\/blogsaverroes.juntadeandalucia.es\/orientacionvegademar\/wp-json\/wp\/v2\/posts"}],"about":[{"href":"https:\/\/blogsaverroes.juntadeandalucia.es\/orientacionvegademar\/wp-json\/wp\/v2\/types\/post"}],"author":[{"embeddable":true,"href":"https:\/\/blogsaverroes.juntadeandalucia.es\/orientacionvegademar\/wp-json\/wp\/v2\/users\/11559"}],"replies":[{"embeddable":true,"href":"https:\/\/blogsaverroes.juntadeandalucia.es\/orientacionvegademar\/wp-json\/wp\/v2\/comments?post=922"}],"version-history":[{"count":3,"href":"https:\/\/blogsaverroes.juntadeandalucia.es\/orientacionvegademar\/wp-json\/wp\/v2\/posts\/922\/revisions"}],"predecessor-version":[{"id":927,"href":"https:\/\/blogsaverroes.juntadeandalucia.es\/orientacionvegademar\/wp-json\/wp\/v2\/posts\/922\/revisions\/927"}],"wp:featuredmedia":[{"embeddable":true,"href":"https:\/\/blogsaverroes.juntadeandalucia.es\/orientacionvegademar\/wp-json\/wp\/v2\/media\/923"}],"wp:attachment":[{"href":"https:\/\/blogsaverroes.juntadeandalucia.es\/orientacionvegademar\/wp-json\/wp\/v2\/media?parent=922"}],"wp:term":[{"taxonomy":"category","embeddable":true,"href":"https:\/\/blogsaverroes.juntadeandalucia.es\/orientacionvegademar\/wp-json\/wp\/v2\/categories?post=922"},{"taxonomy":"post_tag","embeddable":true,"href":"https:\/\/blogsaverroes.juntadeandalucia.es\/orientacionvegademar\/wp-json\/wp\/v2\/tags?post=922"}],"curies":[{"name":"wp","href":"https:\/\/api.w.org\/{rel}","templated":true}]}}