{"id":10034,"date":"2021-04-19T13:00:57","date_gmt":"2021-04-19T11:00:57","guid":{"rendered":"https:\/\/blogsaverroes.juntadeandalucia.es\/orientadelegacionmalaga\/?p=10034"},"modified":"2021-04-19T13:00:57","modified_gmt":"2021-04-19T11:00:57","slug":"cursos-atencion-a-la-diversidad-abierta-inscripcion","status":"publish","type":"post","link":"https:\/\/blogsaverroes.juntadeandalucia.es\/orientadelegacionmalaga\/2021\/04\/19\/cursos-atencion-a-la-diversidad-abierta-inscripcion\/","title":{"rendered":"CURSOS ATENCI\u00d3N A LA DIVERSIDAD: ABIERTA INSCRIPCI\u00d3N"},"content":{"rendered":"<p>Abierto el plazo de inscripci\u00f3n de nueve cursos para la atenci\u00f3n educativa del alumnado con necesidades espec\u00edficas de apoyo educativo.<\/p>\n<p><b>CURSOS ATENCI\u00d3N A LA DIVERSIDAD CEP ANDALUC\u00cdA MAYO-JUNIO 2021<!-- NOMBRE DEL CARTEL --><\/b><\/p>\n<p>Regionales, dirigidos a todo el profesorado de Andaluc\u00eda (<a href=\"https:\/\/blogsaverroes.juntadeandalucia.es\/orientadelegacionmalaga\/files\/2021\/04\/Cursos-de-atenci\u00f3n-a-la-diversidad-cep-andaluc\u00eda-mayo-junio-2021.pdf\" target=\"_blank\" rel=\"noopener noreferrer\">Mayor informaci\u00f3n<\/a>)<!-- En letras peque\u00f1itas debajo. \n\nComo hay 9 cursos, puedes poner cada nombre con 9 cajitas. Busca un dibujo de cada tema --><\/p>\n<ul>\n<li><span style=\"font-family: NewsGotT\"><span style=\"font-size: small\">ATENCI\u00d3N AL ALUMNADO CON DISCAPACIDAD F\u00cdSICA, ENFERMEDADES RARAS Y NEUROMUSCULARES EN EL AULA ORDINARIA. (CEP Jerez de la Frontera, C\u00f3digo: 219905KOE281) <!-- Busca un dibujo de cada tema. Ej. ni\u00f1o en silla de ruedas --><\/span><\/span><\/li>\n<li><span style=\"font-family: NewsGotT\"><span style=\"font-size: small\">ATENCI\u00d3N AL ALUMNADO CON DISCAPACIDAD AUDITIVA EN EL AULA ORDINARIA (CEP Cuevas- Olula, C\u00f3digo 219900KOE275 )<!-- Dibujos posibles: Lengua de signos, ni\u00f1o con aud\u00edfono.. --><\/span><\/span><\/li>\n<li><span style=\"font-family: NewsGotT\"><span style=\"font-size: small\">ATENCI\u00d3N AL ALUMNADO CON ALTAS CAPACIDADES INTELECTUALES EN EL AULA ORDINARIA (CEP C\u00f3rdoba, C\u00f3digo 219900KOE278)<\/span><\/span>\n<p><img loading=\"lazy\" decoding=\"async\" class=\"wp-image-10035 alignright\" src=\"https:\/\/blogsaverroes.juntadeandalucia.es\/orientadelegacionmalaga\/files\/2021\/04\/CARTEL-CURSOS-NEE-120x300.jpg\" alt=\"\" width=\"229\" height=\"573\" srcset=\"https:\/\/blogsaverroes.juntadeandalucia.es\/orientadelegacionmalaga\/files\/2021\/04\/CARTEL-CURSOS-NEE-120x300.jpg 120w, https:\/\/blogsaverroes.juntadeandalucia.es\/orientadelegacionmalaga\/files\/2021\/04\/CARTEL-CURSOS-NEE-410x1024.jpg 410w, https:\/\/blogsaverroes.juntadeandalucia.es\/orientadelegacionmalaga\/files\/2021\/04\/CARTEL-CURSOS-NEE-768x1920.jpg 768w, https:\/\/blogsaverroes.juntadeandalucia.es\/orientadelegacionmalaga\/files\/2021\/04\/CARTEL-CURSOS-NEE-614x1536.jpg 614w, https:\/\/blogsaverroes.juntadeandalucia.es\/orientadelegacionmalaga\/files\/2021\/04\/CARTEL-CURSOS-NEE.jpg 800w\" sizes=\"(max-width: 229px) 100vw, 229px\" \/><\/li>\n<\/ul>\n<ul>\n<li><span style=\"font-family: NewsGotT\"><span style=\"font-size: small\">ATENCI\u00d3N AL ALUMNADO CON DISCAPACIDAD INTELECTUAL EN EL AULA ORDINARIA (p.p.).<\/span><\/span><\/li>\n<li><span style=\"font-family: NewsGotT\"><span style=\"font-size: small\">ATENCI\u00d3N AL ALUMNADO CON DISCAPACIDAD VISUAL EN EL AULA ORDINARIA (p.p)<\/span><\/span><\/li>\n<li><span style=\"font-family: NewsGotT\"><span style=\"font-size: small\">ATENCI\u00d3N AL ALUMNADO TDAH EN EL AULA ORDINARIA (p.p.)<\/span><\/span><\/li>\n<li><span style=\"font-family: NewsGotT\"><span style=\"font-size: small\">ATENCI\u00d3N AL ALUMNADO QUE PRESENTA TRASTORNOS GRAVES DE CONDUCTA EN EL AULA ORDINARIA (p.p.)<\/span><\/span><\/li>\n<li><span style=\"font-family: NewsGotT\"><span style=\"font-size: small\">ATENCI\u00d3N AL ALUMNADO CON DIFICULTADES DE APRENDIZAJE EN EL AULA ORDINARIA (p.p.)<\/span><\/span><\/li>\n<li><span style=\"font-family: NewsGotT\"><span style=\"font-size: small\">ESCOLARIZACI\u00d3N COMBINADA: UNA FORMA DE INCLUIR EN LAS DIFERENTES ETAPAS EDUCATIVAS (p.p.)<\/span><\/span><\/li>\n<\/ul>\n<p>&nbsp;<\/p>\n","protected":false},"excerpt":{"rendered":"<p>Abierto el plazo de inscripci\u00f3n de nueve cursos para la atenci\u00f3n educativa del alumnado con necesidades espec\u00edficas de apoyo educativo. CURSOS ATENCI\u00d3N A LA DIVERSIDAD CEP ANDALUC\u00cdA MAYO-JUNIO 2021 Regionales, dirigidos a todo el&#46;&#46;&#46;<\/p>\n","protected":false},"author":8106,"featured_media":10035,"comment_status":"closed","ping_status":"closed","sticky":false,"template":"","format":"standard","meta":{"ngg_post_thumbnail":0,"footnotes":""},"categories":[2152337],"tags":[],"aioseo_notices":[],"_links":{"self":[{"href":"https:\/\/blogsaverroes.juntadeandalucia.es\/orientadelegacionmalaga\/wp-json\/wp\/v2\/posts\/10034"}],"collection":[{"href":"https:\/\/blogsaverroes.juntadeandalucia.es\/orientadelegacionmalaga\/wp-json\/wp\/v2\/posts"}],"about":[{"href":"https:\/\/blogsaverroes.juntadeandalucia.es\/orientadelegacionmalaga\/wp-json\/wp\/v2\/types\/post"}],"author":[{"embeddable":true,"href":"https:\/\/blogsaverroes.juntadeandalucia.es\/orientadelegacionmalaga\/wp-json\/wp\/v2\/users\/8106"}],"replies":[{"embeddable":true,"href":"https:\/\/blogsaverroes.juntadeandalucia.es\/orientadelegacionmalaga\/wp-json\/wp\/v2\/comments?post=10034"}],"version-history":[{"count":1,"href":"https:\/\/blogsaverroes.juntadeandalucia.es\/orientadelegacionmalaga\/wp-json\/wp\/v2\/posts\/10034\/revisions"}],"predecessor-version":[{"id":10037,"href":"https:\/\/blogsaverroes.juntadeandalucia.es\/orientadelegacionmalaga\/wp-json\/wp\/v2\/posts\/10034\/revisions\/10037"}],"wp:featuredmedia":[{"embeddable":true,"href":"https:\/\/blogsaverroes.juntadeandalucia.es\/orientadelegacionmalaga\/wp-json\/wp\/v2\/media\/10035"}],"wp:attachment":[{"href":"https:\/\/blogsaverroes.juntadeandalucia.es\/orientadelegacionmalaga\/wp-json\/wp\/v2\/media?parent=10034"}],"wp:term":[{"taxonomy":"category","embeddable":true,"href":"https:\/\/blogsaverroes.juntadeandalucia.es\/orientadelegacionmalaga\/wp-json\/wp\/v2\/categories?post=10034"},{"taxonomy":"post_tag","embeddable":true,"href":"https:\/\/blogsaverroes.juntadeandalucia.es\/orientadelegacionmalaga\/wp-json\/wp\/v2\/tags?post=10034"}],"curies":[{"name":"wp","href":"https:\/\/api.w.org\/{rel}","templated":true}]}}