{"id":10125,"date":"2021-05-11T12:41:39","date_gmt":"2021-05-11T10:41:39","guid":{"rendered":"https:\/\/blogsaverroes.juntadeandalucia.es\/orientadelegacionmalaga\/?p=10125"},"modified":"2021-05-11T12:43:58","modified_gmt":"2021-05-11T10:43:58","slug":"jornada-comptnte","status":"publish","type":"post","link":"https:\/\/blogsaverroes.juntadeandalucia.es\/orientadelegacionmalaga\/2021\/05\/11\/jornada-comptnte\/","title":{"rendered":"JORNADA COMPTNTE"},"content":{"rendered":"<p>JORNADA DE INCLUSI\u00d3N EDUCATIVA: comPTnte<\/p>\n<p><img loading=\"lazy\" decoding=\"async\" class=\"size-medium wp-image-10118 alignright\" src=\"https:\/\/blogsaverroes.juntadeandalucia.es\/orientadelegacionmalaga\/files\/2021\/05\/Cartel-con-QR-1-212x300.png\" alt=\"\" width=\"212\" height=\"300\" srcset=\"https:\/\/blogsaverroes.juntadeandalucia.es\/orientadelegacionmalaga\/files\/2021\/05\/Cartel-con-QR-1-212x300.png 212w, https:\/\/blogsaverroes.juntadeandalucia.es\/orientadelegacionmalaga\/files\/2021\/05\/Cartel-con-QR-1-724x1024.png 724w, https:\/\/blogsaverroes.juntadeandalucia.es\/orientadelegacionmalaga\/files\/2021\/05\/Cartel-con-QR-1-768x1086.png 768w, https:\/\/blogsaverroes.juntadeandalucia.es\/orientadelegacionmalaga\/files\/2021\/05\/Cartel-con-QR-1-1086x1536.png 1086w, https:\/\/blogsaverroes.juntadeandalucia.es\/orientadelegacionmalaga\/files\/2021\/05\/Cartel-con-QR-1-1448x2048.png 1448w, https:\/\/blogsaverroes.juntadeandalucia.es\/orientadelegacionmalaga\/files\/2021\/05\/Cartel-con-QR-1.png 1587w\" sizes=\"(max-width: 212px) 100vw, 212px\" \/><\/p>\n<p>Dirigido a todos\/as los\/as maestros\/as de Pedagog\u00eda terap\u00e9utica de M\u00e1laga.&nbsp;<\/p>\n<p>Programa de la Jornada: <a href=\"https:\/\/blogsaverroes.juntadeandalucia.es\/orientadelegacionmalaga\/files\/2021\/05\/ComPtNTES-Diptico-10-1.pdf\" target=\"_blank\" rel=\"noopener noreferrer\">ComPtNTES D\u00edptico<\/a><\/p>\n","protected":false},"excerpt":{"rendered":"<p>JORNADA DE INCLUSI\u00d3N EDUCATIVA: comPTnte Dirigido a todos\/as los\/as maestros\/as de Pedagog\u00eda terap\u00e9utica de M\u00e1laga.&nbsp; Programa de la Jornada: ComPtNTES D\u00edptico<\/p>\n","protected":false},"author":8106,"featured_media":10118,"comment_status":"closed","ping_status":"closed","sticky":false,"template":"","format":"standard","meta":{"ngg_post_thumbnail":0,"footnotes":""},"categories":[2152337],"tags":[],"aioseo_notices":[],"_links":{"self":[{"href":"https:\/\/blogsaverroes.juntadeandalucia.es\/orientadelegacionmalaga\/wp-json\/wp\/v2\/posts\/10125"}],"collection":[{"href":"https:\/\/blogsaverroes.juntadeandalucia.es\/orientadelegacionmalaga\/wp-json\/wp\/v2\/posts"}],"about":[{"href":"https:\/\/blogsaverroes.juntadeandalucia.es\/orientadelegacionmalaga\/wp-json\/wp\/v2\/types\/post"}],"author":[{"embeddable":true,"href":"https:\/\/blogsaverroes.juntadeandalucia.es\/orientadelegacionmalaga\/wp-json\/wp\/v2\/users\/8106"}],"replies":[{"embeddable":true,"href":"https:\/\/blogsaverroes.juntadeandalucia.es\/orientadelegacionmalaga\/wp-json\/wp\/v2\/comments?post=10125"}],"version-history":[{"count":2,"href":"https:\/\/blogsaverroes.juntadeandalucia.es\/orientadelegacionmalaga\/wp-json\/wp\/v2\/posts\/10125\/revisions"}],"predecessor-version":[{"id":10128,"href":"https:\/\/blogsaverroes.juntadeandalucia.es\/orientadelegacionmalaga\/wp-json\/wp\/v2\/posts\/10125\/revisions\/10128"}],"wp:featuredmedia":[{"embeddable":true,"href":"https:\/\/blogsaverroes.juntadeandalucia.es\/orientadelegacionmalaga\/wp-json\/wp\/v2\/media\/10118"}],"wp:attachment":[{"href":"https:\/\/blogsaverroes.juntadeandalucia.es\/orientadelegacionmalaga\/wp-json\/wp\/v2\/media?parent=10125"}],"wp:term":[{"taxonomy":"category","embeddable":true,"href":"https:\/\/blogsaverroes.juntadeandalucia.es\/orientadelegacionmalaga\/wp-json\/wp\/v2\/categories?post=10125"},{"taxonomy":"post_tag","embeddable":true,"href":"https:\/\/blogsaverroes.juntadeandalucia.es\/orientadelegacionmalaga\/wp-json\/wp\/v2\/tags?post=10125"}],"curies":[{"name":"wp","href":"https:\/\/api.w.org\/{rel}","templated":true}]}}