{"id":123,"date":"2013-02-07T11:48:40","date_gmt":"2013-02-07T11:48:40","guid":{"rendered":"http:\/\/www.educacionenmalaga.es\/orientamalaga\/2013\/02\/07\/asociaciones-y-federaciones-del-alumnado\/"},"modified":"2013-02-07T11:48:40","modified_gmt":"2013-02-07T11:48:40","slug":"asociaciones-y-federaciones-del-alumnado","status":"publish","type":"post","link":"https:\/\/blogsaverroes.juntadeandalucia.es\/orientadelegacionmalaga\/2013\/02\/07\/asociaciones-y-federaciones-del-alumnado\/","title":{"rendered":"Asociaciones y Federaciones del Alumnado"},"content":{"rendered":"<p style=\"text-align: justify\"><span style=\"font-size: 10pt\">Para conocer el listado de Asociaciones y Federaciones del Alumnado sigue el sigueinte enlace a la Consejer\u00eda de Educaci\u00f3n de la Junta de andaluc\u00eda:<\/span><\/p>\n<p><a href=\"http:\/\/vscripts.ced.junta-andalucia.es\/dgpie\/cece\/\"><span style=\"text-decoration: underline\">http:\/\/vscripts.ced.junta-andalucia.es\/dgpie\/cece\/<\/span><\/a><\/p>\n<p style=\"text-align: center\"><img loading=\"lazy\" decoding=\"async\" style=\"margin-top: 10px;border-width: 1px;border-style: outset\" alt=\"censo\" src=\"http:\/\/www.educacionenmalaga.es\/orientamalaga\/wp-content\/uploads\/recursos\/img\/Asesoria_Activdades\/censo.jpg\" width=\"500\" height=\"326\" \/><\/p>\n","protected":false},"excerpt":{"rendered":"<p>Para conocer el listado de Asociaciones y Federaciones del Alumnado sigue el sigueinte enlace a la Consejer\u00eda de Educaci\u00f3n de la Junta de andaluc\u00eda: http:\/\/vscripts.ced.junta-andalucia.es\/dgpie\/cece\/<\/p>\n","protected":false},"author":8106,"featured_media":0,"comment_status":"open","ping_status":"open","sticky":false,"template":"","format":"standard","meta":{"ngg_post_thumbnail":0,"footnotes":""},"categories":[2158392,11484,2154316],"tags":[],"aioseo_notices":[],"_links":{"self":[{"href":"https:\/\/blogsaverroes.juntadeandalucia.es\/orientadelegacionmalaga\/wp-json\/wp\/v2\/posts\/123"}],"collection":[{"href":"https:\/\/blogsaverroes.juntadeandalucia.es\/orientadelegacionmalaga\/wp-json\/wp\/v2\/posts"}],"about":[{"href":"https:\/\/blogsaverroes.juntadeandalucia.es\/orientadelegacionmalaga\/wp-json\/wp\/v2\/types\/post"}],"author":[{"embeddable":true,"href":"https:\/\/blogsaverroes.juntadeandalucia.es\/orientadelegacionmalaga\/wp-json\/wp\/v2\/users\/8106"}],"replies":[{"embeddable":true,"href":"https:\/\/blogsaverroes.juntadeandalucia.es\/orientadelegacionmalaga\/wp-json\/wp\/v2\/comments?post=123"}],"version-history":[{"count":0,"href":"https:\/\/blogsaverroes.juntadeandalucia.es\/orientadelegacionmalaga\/wp-json\/wp\/v2\/posts\/123\/revisions"}],"wp:attachment":[{"href":"https:\/\/blogsaverroes.juntadeandalucia.es\/orientadelegacionmalaga\/wp-json\/wp\/v2\/media?parent=123"}],"wp:term":[{"taxonomy":"category","embeddable":true,"href":"https:\/\/blogsaverroes.juntadeandalucia.es\/orientadelegacionmalaga\/wp-json\/wp\/v2\/categories?post=123"},{"taxonomy":"post_tag","embeddable":true,"href":"https:\/\/blogsaverroes.juntadeandalucia.es\/orientadelegacionmalaga\/wp-json\/wp\/v2\/tags?post=123"}],"curies":[{"name":"wp","href":"https:\/\/api.w.org\/{rel}","templated":true}]}}