{"id":1335,"date":"2013-04-29T07:25:39","date_gmt":"2013-04-29T07:25:39","guid":{"rendered":"http:\/\/www.educacionenmalaga.es\/orientamalaga\/?p=1335"},"modified":"2013-04-29T07:25:39","modified_gmt":"2013-04-29T07:25:39","slug":"tercera-jornada-de-orientacion-educativa","status":"publish","type":"post","link":"https:\/\/blogsaverroes.juntadeandalucia.es\/orientadelegacionmalaga\/2013\/04\/29\/tercera-jornada-de-orientacion-educativa\/","title":{"rendered":"Tercera Jornada de Orientaci\u00f3n Educativa"},"content":{"rendered":"<p style=\"text-align: justify\"><strong>El pasado d\u00eda 24 de abril de 2013 se celebr\u00f3 la tercera sesi\u00f3n de la Jornada de la Red Profesional de Orientaci\u00f3n Educativa de M\u00e1laga celebrada en el Sal\u00f3n de Actos de la Facultad de Derecho de M\u00e1laga.<\/strong><\/p>\n<p style=\"text-align: justify\">El pasado mi\u00e9rcoles 24 de abril participaron un total de 375 profesionales de la orientaci\u00f3n educativa de la provincia de M\u00e1laga en la Jornada de la Red de Orientaci\u00f3n de M\u00e1laga celebrada en la Facultad de Derecho.<\/p>\n<p style=\"text-align: justify\">A su apertura asisti\u00f3 el Jefe del Servicio de Ordenaci\u00f3n Educativa, David M\u00e1rquez Garc\u00eda, quien agradeci\u00f3 el esfuerzo y la implicaci\u00f3n desde los Equipos y Departamentos de Orientaci\u00f3n para la mejora de la educaci\u00f3n en la provi<a href=\"https:\/\/blogsaverroes.juntadeandalucia.es\/orientadelegacionmalaga\/files\/2013\/04\/la-foto-2.jpg\"><img loading=\"lazy\" decoding=\"async\" class=\"alignleft size-medium wp-image-1338\" alt=\"la foto 2\" src=\"http:\/\/www.educacionenmalaga.es\/orientamalaga\/files\/2013\/04\/la-foto-2-300x225.jpg\" width=\"300\" height=\"225\" srcset=\"https:\/\/blogsaverroes.juntadeandalucia.es\/orientadelegacionmalaga\/files\/2013\/04\/la-foto-2-300x225.jpg 300w, https:\/\/blogsaverroes.juntadeandalucia.es\/orientadelegacionmalaga\/files\/2013\/04\/la-foto-2.jpg 320w, https:\/\/blogsaverroes.juntadeandalucia.es\/orientadelegacionmalaga\/files\/2013\/04\/la-foto-2-24x18.jpg 24w, https:\/\/blogsaverroes.juntadeandalucia.es\/orientadelegacionmalaga\/files\/2013\/04\/la-foto-2-36x27.jpg 36w, https:\/\/blogsaverroes.juntadeandalucia.es\/orientadelegacionmalaga\/files\/2013\/04\/la-foto-2-48x36.jpg 48w\" sizes=\"(max-width: 300px) 100vw, 300px\" \/><\/a>ncia de M\u00e1laga.<\/p>\n<p style=\"text-align: justify\">El objetivo fundamental de esta tercera sesi\u00f3n ha sido destacar la importancia de la cultura emprendedora en las distintas etapas educativas, as\u00ed como dar a conocer el desarrollo de buenas pr\u00e1cticas en los centros educativos.<\/p>\n<p style=\"text-align: justify\">En la presentaci\u00f3n, la Coordinadora del \u00c1rea de Orientaci\u00f3n Vocacional y Profesional, Araceli Su\u00e1rez Mu\u00f1oz, inform\u00f3 sobre el fomento de la cultura emprendedora en el Sistema Educativo P\u00fablico de Andaluc\u00eda y resalt\u00f3 la importancia de las actuaciones que se est\u00e1n llevando a cabo desde los distintos sectores dirigidas al desarrollo de iniciativas emprendedoras.<\/p>\n<p style=\"text-align: justify\">En la primera parte intervino el Coordinador de Zona del Centro de Apoyo al Desarrollo Empresarial (CADE) destacando la importancia de la iniciativa emprendedora y, posteriormente, participaron representantes de la Delegaci\u00f3n Territorial de Salud y Bienestar Social y del Equipo de Intervenci\u00f3n Socioeducativa en relaci\u00f3n al maltrato infantil. Seguidamente se pas\u00f3 a presentar la nueva web de la Red de Orientaci\u00f3n de M\u00e1laga.<a href=\"http:\/\/www.educacionenmalaga.es\/orientamalaga\/\"><br \/>\n<\/a><\/p>\n<p style=\"text-align: justify\">La segunda parte se inici\u00f3 con uno de los proyectos de cultura emprendedora que se est\u00e1 llevando a cabo en el IES La Rosaleda. Los alumnos del centro presentaron un <em>sketch <\/em>del Teatro Did\u00e1ctico Biling\u00fce \u00abAbroad\u00bb que es un musical sobre j\u00f3venes que viajan al extranjero buscando trabajo.<\/p>\n<p style=\"text-align: justify\">A continuaci\u00f3n, participaron profesionales de la Fundaci\u00f3n Mi Mundo y docentes del CEPER \u00abIgnacio de Toledo\u00bb de Antequera, CEIP \u00abManuel Altolaguirre\u00bb, CDPEE \u00abDulce Nombre Mar\u00eda\u00bb y del IES \u00abCampanillas\u00bb de M\u00e1laga, dando a conocer las buenas pr\u00e1cticas educativas que est\u00e1n desarrollando en relaci\u00f3n a la cultura emprendedora.<\/p>\n<p style=\"text-align: justify\">En los siguientes enlaces pod\u00e9is encontrar los documentos necesarios para realizar la tarea no presencial:<\/p>\n<p><a href=\"https:\/\/blogsaverroes.juntadeandalucia.es\/orientadelegacionmalaga\/files\/2013\/04\/practica-jornada-orientacion13.pdf\">&#8211; Ficha recogida buena pr\u00e1ctica<\/a><a href=\"https:\/\/blogsaverroes.juntadeandalucia.es\/orientadelegacionmalaga\/files\/2013\/04\/practica-jornada-orientacion13.pdf\">.<\/a><\/p>\n<p><a href=\"https:\/\/blogsaverroes.juntadeandalucia.es\/orientadelegacionmalaga\/files\/2013\/04\/rellenar-encuestas.pdf\">&#8211; Encuesta final.<\/a><\/p>\n<p>La tarea se enviar\u00e1 a la siguiente direcci\u00f3n: <strong>etpoep2013@gmail.com<\/strong><\/p>\n","protected":false},"excerpt":{"rendered":"<p>El pasado d\u00eda 24 de abril de 2013 se celebr\u00f3 la tercera sesi\u00f3n de la Jornada de la Red Profesional de Orientaci\u00f3n Educativa de M\u00e1laga celebrada en el Sal\u00f3n de Actos de la Facultad&#46;&#46;&#46;<\/p>\n","protected":false},"author":8106,"featured_media":0,"comment_status":"open","ping_status":"open","sticky":false,"template":"","format":"standard","meta":{"ngg_post_thumbnail":0,"footnotes":""},"categories":[5775,2152337,11494,2154582,526,5557],"tags":[],"aioseo_notices":[],"_links":{"self":[{"href":"https:\/\/blogsaverroes.juntadeandalucia.es\/orientadelegacionmalaga\/wp-json\/wp\/v2\/posts\/1335"}],"collection":[{"href":"https:\/\/blogsaverroes.juntadeandalucia.es\/orientadelegacionmalaga\/wp-json\/wp\/v2\/posts"}],"about":[{"href":"https:\/\/blogsaverroes.juntadeandalucia.es\/orientadelegacionmalaga\/wp-json\/wp\/v2\/types\/post"}],"author":[{"embeddable":true,"href":"https:\/\/blogsaverroes.juntadeandalucia.es\/orientadelegacionmalaga\/wp-json\/wp\/v2\/users\/8106"}],"replies":[{"embeddable":true,"href":"https:\/\/blogsaverroes.juntadeandalucia.es\/orientadelegacionmalaga\/wp-json\/wp\/v2\/comments?post=1335"}],"version-history":[{"count":0,"href":"https:\/\/blogsaverroes.juntadeandalucia.es\/orientadelegacionmalaga\/wp-json\/wp\/v2\/posts\/1335\/revisions"}],"wp:attachment":[{"href":"https:\/\/blogsaverroes.juntadeandalucia.es\/orientadelegacionmalaga\/wp-json\/wp\/v2\/media?parent=1335"}],"wp:term":[{"taxonomy":"category","embeddable":true,"href":"https:\/\/blogsaverroes.juntadeandalucia.es\/orientadelegacionmalaga\/wp-json\/wp\/v2\/categories?post=1335"},{"taxonomy":"post_tag","embeddable":true,"href":"https:\/\/blogsaverroes.juntadeandalucia.es\/orientadelegacionmalaga\/wp-json\/wp\/v2\/tags?post=1335"}],"curies":[{"name":"wp","href":"https:\/\/api.w.org\/{rel}","templated":true}]}}