{"id":1640,"date":"2013-05-17T10:10:53","date_gmt":"2013-05-17T10:10:53","guid":{"rendered":"http:\/\/www.educacionenmalaga.es\/orientamalaga\/?p=1640"},"modified":"2013-05-17T10:10:53","modified_gmt":"2013-05-17T10:10:53","slug":"iniciativa-cicerone-en-velez-malaga","status":"publish","type":"post","link":"https:\/\/blogsaverroes.juntadeandalucia.es\/orientadelegacionmalaga\/2013\/05\/17\/iniciativa-cicerone-en-velez-malaga\/","title":{"rendered":"INICIATIVA CICERONE EN V\u00c9LEZ-M\u00c1LAGA"},"content":{"rendered":"<p style=\"text-align: justify\">El pasado jueves 16 de mayo, en el CEP de la Axarqu\u00eda, se firm\u00f3 el acuerdo para la Mesa\u00a0 T\u00e9cnica de Emprendimiento entre el sector socioecon\u00f3mico y\u00a0 centros educativos del municipio adem\u00e1s del EOE y CEP de dicha zona. Esta iniciativa surge ante la necesidad manifiesta de los diversos centros educativos y entidades de sensibilizar y fomentar el esp\u00edritu emprendedor en la educaci\u00f3n, sobre todo en el desarrollo de actitudes y capacidades del alumnado para el autoempleo, como alternativa a su salida profesional.\u00a0 Esta Mesa tiene como misi\u00f3n fundamental promover e impulsar, planificar, organizar, gestionar y evaluar las propuestas de acci\u00f3n que se determinen dentro de su seno en materia de promoci\u00f3n del emprendimiento.<a href=\"https:\/\/blogsaverroes.juntadeandalucia.es\/orientadelegacionmalaga\/files\/2013\/05\/Presentaci\u00f3n-Iniciativa-Cicerone-V\u00e9lez1.jpg\"><img loading=\"lazy\" decoding=\"async\" class=\"alignleft size-medium wp-image-1642\" alt=\"Presentaci\u00f3n Iniciativa Cicerone V\u00e9lez\" src=\"http:\/\/www.educacionenmalaga.es\/orientamalaga\/files\/2013\/05\/Presentaci\u00f3n-Iniciativa-Cicerone-V\u00e9lez1-300x201.jpg\" width=\"300\" height=\"201\" srcset=\"https:\/\/blogsaverroes.juntadeandalucia.es\/orientadelegacionmalaga\/files\/2013\/05\/Presentaci\u00f3n-Iniciativa-Cicerone-V\u00e9lez1-300x201.jpg 300w, https:\/\/blogsaverroes.juntadeandalucia.es\/orientadelegacionmalaga\/files\/2013\/05\/Presentaci\u00f3n-Iniciativa-Cicerone-V\u00e9lez1-768x516.jpg 768w, https:\/\/blogsaverroes.juntadeandalucia.es\/orientadelegacionmalaga\/files\/2013\/05\/Presentaci\u00f3n-Iniciativa-Cicerone-V\u00e9lez1-1024x687.jpg 1024w, https:\/\/blogsaverroes.juntadeandalucia.es\/orientadelegacionmalaga\/files\/2013\/05\/Presentaci\u00f3n-Iniciativa-Cicerone-V\u00e9lez1-24x16.jpg 24w, https:\/\/blogsaverroes.juntadeandalucia.es\/orientadelegacionmalaga\/files\/2013\/05\/Presentaci\u00f3n-Iniciativa-Cicerone-V\u00e9lez1-36x24.jpg 36w, https:\/\/blogsaverroes.juntadeandalucia.es\/orientadelegacionmalaga\/files\/2013\/05\/Presentaci\u00f3n-Iniciativa-Cicerone-V\u00e9lez1-48x32.jpg 48w\" sizes=\"(max-width: 300px) 100vw, 300px\" \/><\/a><br \/>\nEl acto fue inaugurado por el Delegado del Gobierno Andaluz en M\u00e1laga, Jos\u00e9 Luis Ruiz, adem\u00e1s de la Delegada en Educaci\u00f3n Patricia Alba, la Delegada de Econom\u00eda, Innovaci\u00f3n, Ciencia y Empleo, Marta Rueda, el Presidente de la Confederaci\u00f3n de Empresarios de M\u00e1laga, Javier Gonz\u00e1lez de Lara y el Alcalde vele\u00f1o, Francisco Delgado. Tambi\u00e9n estuvieron presente\u00a0 representantes de Centros de Apoyo y Desarrollo Empresarial (Andaluc\u00eda Emprende), Ayuntamientos, Confederaci\u00f3n de Empresarios de M\u00e1laga y Asociaciones Empresariales.<\/p>\n","protected":false},"excerpt":{"rendered":"<p>El pasado jueves 16 de mayo, en el CEP de la Axarqu\u00eda, se firm\u00f3 el acuerdo para la Mesa\u00a0 T\u00e9cnica de Emprendimiento entre el sector socioecon\u00f3mico y\u00a0 centros educativos del municipio adem\u00e1s del EOE&#46;&#46;&#46;<\/p>\n","protected":false},"author":8106,"featured_media":0,"comment_status":"closed","ping_status":"open","sticky":false,"template":"","format":"standard","meta":{"ngg_post_thumbnail":0,"footnotes":""},"categories":[526,5557],"tags":[],"aioseo_notices":[],"_links":{"self":[{"href":"https:\/\/blogsaverroes.juntadeandalucia.es\/orientadelegacionmalaga\/wp-json\/wp\/v2\/posts\/1640"}],"collection":[{"href":"https:\/\/blogsaverroes.juntadeandalucia.es\/orientadelegacionmalaga\/wp-json\/wp\/v2\/posts"}],"about":[{"href":"https:\/\/blogsaverroes.juntadeandalucia.es\/orientadelegacionmalaga\/wp-json\/wp\/v2\/types\/post"}],"author":[{"embeddable":true,"href":"https:\/\/blogsaverroes.juntadeandalucia.es\/orientadelegacionmalaga\/wp-json\/wp\/v2\/users\/8106"}],"replies":[{"embeddable":true,"href":"https:\/\/blogsaverroes.juntadeandalucia.es\/orientadelegacionmalaga\/wp-json\/wp\/v2\/comments?post=1640"}],"version-history":[{"count":0,"href":"https:\/\/blogsaverroes.juntadeandalucia.es\/orientadelegacionmalaga\/wp-json\/wp\/v2\/posts\/1640\/revisions"}],"wp:attachment":[{"href":"https:\/\/blogsaverroes.juntadeandalucia.es\/orientadelegacionmalaga\/wp-json\/wp\/v2\/media?parent=1640"}],"wp:term":[{"taxonomy":"category","embeddable":true,"href":"https:\/\/blogsaverroes.juntadeandalucia.es\/orientadelegacionmalaga\/wp-json\/wp\/v2\/categories?post=1640"},{"taxonomy":"post_tag","embeddable":true,"href":"https:\/\/blogsaverroes.juntadeandalucia.es\/orientadelegacionmalaga\/wp-json\/wp\/v2\/tags?post=1640"}],"curies":[{"name":"wp","href":"https:\/\/api.w.org\/{rel}","templated":true}]}}