{"id":2006,"date":"2013-08-28T09:46:36","date_gmt":"2013-08-28T09:46:36","guid":{"rendered":"http:\/\/www.educacionenmalaga.es\/orientamalaga\/?p=2006"},"modified":"2013-08-28T09:46:36","modified_gmt":"2013-08-28T09:46:36","slug":"2006","status":"publish","type":"post","link":"https:\/\/blogsaverroes.juntadeandalucia.es\/orientadelegacionmalaga\/2013\/08\/28\/2006\/","title":{"rendered":"Convocatoria premios anuales \u00abEDUCACIUDAD\u00bb"},"content":{"rendered":"<p style=\"text-align: justify\"><strong>Resoluci\u00f3n de 6 de mayo de 2013, de la Direcci\u00f3n General de Participaci\u00f3n y Equidad, por la que se efect\u00faa la convocatoria p\u00fablica para la concesi\u00f3n de los premios anuales \u00abEducaciudad\u00bb a los municipios distinguidos por su compromiso con la<\/strong><strong><\/strong><strong> educaci\u00f3n en Andaluc\u00eda para el a\u00f1o 2013<\/strong><\/p>\n<p style=\"text-align: justify\"><a href=\"https:\/\/blogsaverroes.juntadeandalucia.es\/orientadelegacionmalaga\/files\/2013\/08\/13.jpg\"><img loading=\"lazy\" decoding=\"async\" class=\"alignleft size-full wp-image-2022\" alt=\"13\" src=\"https:\/\/blogsaverroes.juntadeandalucia.es\/orientadelegacionmalaga\/files\/2013\/08\/13.jpg\" width=\"108\" height=\"142\" srcset=\"https:\/\/blogsaverroes.juntadeandalucia.es\/orientadelegacionmalaga\/files\/2013\/08\/13.jpg 90w, https:\/\/blogsaverroes.juntadeandalucia.es\/orientadelegacionmalaga\/files\/2013\/08\/13-18x24.jpg 18w, https:\/\/blogsaverroes.juntadeandalucia.es\/orientadelegacionmalaga\/files\/2013\/08\/13-27x36.jpg 27w, https:\/\/blogsaverroes.juntadeandalucia.es\/orientadelegacionmalaga\/files\/2013\/08\/13-36x48.jpg 36w\" sizes=\"(max-width: 108px) 100vw, 108px\" \/><\/a>En Andaluc\u00eda son abundantes las experiencias y buenas pr\u00e1cticas de numerosos ayuntamientos <strong><\/strong>preocupados por mejorar la educaci\u00f3n de sus realidades m\u00e1s inmediatas. Este compromiso de los municipios en mejorar la educaci\u00f3n ha venido ocurriendo desde hace a\u00f1os, configur\u00e1ndose la ciudad como un proyecto colectivo educador que pretende la mejora constante de la educaci\u00f3n de su ciudadan\u00eda, impuls\u00e1ndolo desde todas sus instituciones.<\/p>\n<p style=\"text-align: justify\">Por todo ello, la Consejer\u00eda de Educaci\u00f3n pone en marcha el reconocimiento \u00abEducaciudad\u00bb, con el prop\u00f3sito de estimular y difundir las buenas pr\u00e1cticas educativas desarrolladas por los municipios andaluces.<\/p>\n<p style=\"text-align: justify\"><strong>Abierto el plazo de presentaci\u00f3n de solicitud hasta el 30 de septiembre de 2013<\/strong>.<\/p>\n<p style=\"text-align: justify\">Para m\u00e1s informaci\u00f3n consulta este <a href=\"http:\/\/www.juntadeandalucia.es\/educacion\/nav\/contenido.jsp?pag=\/Contenidos\/PSE\/educaciudad\/res060513&amp;vismenu=0,0,1,1,1,1,0,0,0\">enlace<\/a>.<\/p>\n","protected":false},"excerpt":{"rendered":"<p>Resoluci\u00f3n de 6 de mayo de 2013, de la Direcci\u00f3n General de Participaci\u00f3n y Equidad, por la que se efect\u00faa la convocatoria p\u00fablica para la concesi\u00f3n de los premios anuales \u00abEducaciudad\u00bb a los municipios&#46;&#46;&#46;<\/p>\n","protected":false},"author":8106,"featured_media":0,"comment_status":"closed","ping_status":"open","sticky":false,"template":"","format":"standard","meta":{"ngg_post_thumbnail":0,"footnotes":""},"categories":[5775,2152337,526,5557],"tags":[],"aioseo_notices":[],"_links":{"self":[{"href":"https:\/\/blogsaverroes.juntadeandalucia.es\/orientadelegacionmalaga\/wp-json\/wp\/v2\/posts\/2006"}],"collection":[{"href":"https:\/\/blogsaverroes.juntadeandalucia.es\/orientadelegacionmalaga\/wp-json\/wp\/v2\/posts"}],"about":[{"href":"https:\/\/blogsaverroes.juntadeandalucia.es\/orientadelegacionmalaga\/wp-json\/wp\/v2\/types\/post"}],"author":[{"embeddable":true,"href":"https:\/\/blogsaverroes.juntadeandalucia.es\/orientadelegacionmalaga\/wp-json\/wp\/v2\/users\/8106"}],"replies":[{"embeddable":true,"href":"https:\/\/blogsaverroes.juntadeandalucia.es\/orientadelegacionmalaga\/wp-json\/wp\/v2\/comments?post=2006"}],"version-history":[{"count":0,"href":"https:\/\/blogsaverroes.juntadeandalucia.es\/orientadelegacionmalaga\/wp-json\/wp\/v2\/posts\/2006\/revisions"}],"wp:attachment":[{"href":"https:\/\/blogsaverroes.juntadeandalucia.es\/orientadelegacionmalaga\/wp-json\/wp\/v2\/media?parent=2006"}],"wp:term":[{"taxonomy":"category","embeddable":true,"href":"https:\/\/blogsaverroes.juntadeandalucia.es\/orientadelegacionmalaga\/wp-json\/wp\/v2\/categories?post=2006"},{"taxonomy":"post_tag","embeddable":true,"href":"https:\/\/blogsaverroes.juntadeandalucia.es\/orientadelegacionmalaga\/wp-json\/wp\/v2\/tags?post=2006"}],"curies":[{"name":"wp","href":"https:\/\/api.w.org\/{rel}","templated":true}]}}