{"id":2370,"date":"2013-09-30T09:32:19","date_gmt":"2013-09-30T09:32:19","guid":{"rendered":"http:\/\/www.educacionenmalaga.es\/orientamalaga\/?p=2370"},"modified":"2013-09-30T09:32:19","modified_gmt":"2013-09-30T09:32:19","slug":"pruebas-para-la-obtencion-del-titulo-de-bachiller-para-personas-mayores-de-20-anos","status":"publish","type":"post","link":"https:\/\/blogsaverroes.juntadeandalucia.es\/orientadelegacionmalaga\/2013\/09\/30\/pruebas-para-la-obtencion-del-titulo-de-bachiller-para-personas-mayores-de-20-anos\/","title":{"rendered":"Pruebas para la obtenci\u00f3n del t\u00edtulo de Bachillerato para personas mayores de 20 a\u00f1os. Convocatoria 2013."},"content":{"rendered":"<p style=\"text-align: justify\"><a href=\"https:\/\/blogsaverroes.juntadeandalucia.es\/orientadelegacionmalaga\/files\/2013\/09\/educacion-global.jpg\"><img loading=\"lazy\" decoding=\"async\" class=\"alignleft size-full wp-image-2374\" alt=\"Global Education --- Image by \u00a9 Images.com\/Corbis\" src=\"https:\/\/blogsaverroes.juntadeandalucia.es\/orientadelegacionmalaga\/files\/2013\/09\/educacion-global.jpg\" width=\"200\" height=\"180\" srcset=\"https:\/\/blogsaverroes.juntadeandalucia.es\/orientadelegacionmalaga\/files\/2013\/09\/educacion-global.jpg 200w, https:\/\/blogsaverroes.juntadeandalucia.es\/orientadelegacionmalaga\/files\/2013\/09\/educacion-global-24x22.jpg 24w, https:\/\/blogsaverroes.juntadeandalucia.es\/orientadelegacionmalaga\/files\/2013\/09\/educacion-global-36x32.jpg 36w, https:\/\/blogsaverroes.juntadeandalucia.es\/orientadelegacionmalaga\/files\/2013\/09\/educacion-global-48x43.jpg 48w\" sizes=\"(max-width: 200px) 100vw, 200px\" \/><\/a>Plazo de inscripci\u00f3n abierto para las pruebas dirigidas a la obtenci\u00f3n del t\u00edtulo de Bachiller para personas mayores de veinte a\u00f1os.<\/p>\n<p style=\"text-align: justify\">El plazo de presentaci\u00f3n de solicitudes ser\u00e1 del <strong>28 de septiembre al 16 de octubre<\/strong>, ambos incluidos.<\/p>\n<p style=\"text-align: justify\">Para el a\u00f1o 2013 se establece la realizaci\u00f3n de una \u00fanica convocatoria de pruebas para la obtenci\u00f3n del t\u00edtulo de Bachiller que tendr\u00e1 lugar en <strong>dos jornadas, los d\u00edas 16 y 23 de noviembre<\/strong>.<\/p>\n<p style=\"text-align: justify\">Las personas que deseen participar en estas pruebas deber\u00e1n formalizar su solicitud de inscripci\u00f3n conforme al modelo oficial (por duplicado), que contendr\u00e1 la oferta concreta de modalidades o v\u00edas y pruebas de materias a realizar.<\/p>\n<p style=\"text-align: justify\">Para m\u00e1s informaci\u00f3n puedes consultar los siguientes enlaces:<\/p>\n<ul>\n<li><a href=\"https:\/\/blogsaverroes.juntadeandalucia.es\/orientadelegacionmalaga\/files\/2013\/09\/acf1368b-00ac-4a2f-a32e-9d22fce1d22b.pdf\">Resoluci\u00f3n de 16 de septiembre de 2013 <\/a>.<\/li>\n<li><a href=\"http:\/\/www.juntadeandalucia.es\/educacion\/webportal\/web\/educacion-permanente\/bachillerato\">Informaci\u00f3n e inscripci\u00f3n pruebas de obtenci\u00f3n de t\u00edtulo de Bachiller 2013<\/a>.<\/li>\n<\/ul>\n<p>&nbsp;<\/p>\n<p style=\"text-align: justify\">\n","protected":false},"excerpt":{"rendered":"<p>Plazo de inscripci\u00f3n abierto para las pruebas dirigidas a la obtenci\u00f3n del t\u00edtulo de Bachiller para personas mayores de veinte a\u00f1os. El plazo de presentaci\u00f3n de solicitudes ser\u00e1 del 28 de septiembre al 16&#46;&#46;&#46;<\/p>\n","protected":false},"author":8106,"featured_media":0,"comment_status":"closed","ping_status":"open","sticky":false,"template":"","format":"standard","meta":{"ngg_post_thumbnail":0,"footnotes":""},"categories":[2158392,526,5557],"tags":[],"aioseo_notices":[],"_links":{"self":[{"href":"https:\/\/blogsaverroes.juntadeandalucia.es\/orientadelegacionmalaga\/wp-json\/wp\/v2\/posts\/2370"}],"collection":[{"href":"https:\/\/blogsaverroes.juntadeandalucia.es\/orientadelegacionmalaga\/wp-json\/wp\/v2\/posts"}],"about":[{"href":"https:\/\/blogsaverroes.juntadeandalucia.es\/orientadelegacionmalaga\/wp-json\/wp\/v2\/types\/post"}],"author":[{"embeddable":true,"href":"https:\/\/blogsaverroes.juntadeandalucia.es\/orientadelegacionmalaga\/wp-json\/wp\/v2\/users\/8106"}],"replies":[{"embeddable":true,"href":"https:\/\/blogsaverroes.juntadeandalucia.es\/orientadelegacionmalaga\/wp-json\/wp\/v2\/comments?post=2370"}],"version-history":[{"count":0,"href":"https:\/\/blogsaverroes.juntadeandalucia.es\/orientadelegacionmalaga\/wp-json\/wp\/v2\/posts\/2370\/revisions"}],"wp:attachment":[{"href":"https:\/\/blogsaverroes.juntadeandalucia.es\/orientadelegacionmalaga\/wp-json\/wp\/v2\/media?parent=2370"}],"wp:term":[{"taxonomy":"category","embeddable":true,"href":"https:\/\/blogsaverroes.juntadeandalucia.es\/orientadelegacionmalaga\/wp-json\/wp\/v2\/categories?post=2370"},{"taxonomy":"post_tag","embeddable":true,"href":"https:\/\/blogsaverroes.juntadeandalucia.es\/orientadelegacionmalaga\/wp-json\/wp\/v2\/tags?post=2370"}],"curies":[{"name":"wp","href":"https:\/\/api.w.org\/{rel}","templated":true}]}}