{"id":4766,"date":"2014-12-02T12:22:22","date_gmt":"2014-12-02T12:22:22","guid":{"rendered":"http:\/\/www.educacionenmalaga.es\/orientamalaga\/?p=4766"},"modified":"2014-12-02T12:22:22","modified_gmt":"2014-12-02T12:22:22","slug":"convocatoria-de-los-premios-educacion-y-progreso","status":"publish","type":"post","link":"https:\/\/blogsaverroes.juntadeandalucia.es\/orientadelegacionmalaga\/2014\/12\/02\/convocatoria-de-los-premios-educacion-y-progreso\/","title":{"rendered":"Convocatoria de los Premios Educaci\u00f3n y Progreso"},"content":{"rendered":"<p style=\"text-align: justify\"><a href=\"https:\/\/blogsaverroes.juntadeandalucia.es\/orientadelegacionmalaga\/files\/2014\/12\/premios2.jpg\"><img loading=\"lazy\" decoding=\"async\" class=\"alignleft size-medium wp-image-4768\" src=\"http:\/\/www.educacionenmalaga.es\/orientamalaga\/files\/2014\/12\/premios2-200x300.jpg\" alt=\"premios2\" width=\"200\" height=\"300\" \/><\/a>El objetivo de esta convocatoria es reconocer y divulgar las mejores pr\u00e1cticas desarrolladas por la educaci\u00f3n publica en nuestra Comunidad y su aportaci\u00f3n al progreso de la sociedad.<\/p>\n<p style=\"text-align: justify\">Tienes la oportunidad de presentar tu candidatura en alguna de las siguientes categor\u00edas de premio:<\/p>\n<ul>\n<li>Educaci\u00f3n Inclusiva<\/li>\n<li>Docente<\/li>\n<li>Iniciativa Social<\/li>\n<li>AMPA<\/li>\n<li>Econom\u00eda Sostenible<\/li>\n<\/ul>\n<p><strong>\u00bfC\u00f3mo participar?\u00a0<\/strong><\/p>\n<p>Para participar, debes cumplir unos requisitios, que tambi\u00e9n podr\u00e1s leer con m\u00e1s detalle en las bases.<\/p>\n<p>Para acceder a la informaci\u00f3n, <a href=\"http:\/\/premioseducacionyprogreso.es\/\">pinche aqu\u00ed<\/a>.<\/p>\n","protected":false},"excerpt":{"rendered":"<p>El objetivo de esta convocatoria es reconocer y divulgar las mejores pr\u00e1cticas desarrolladas por la educaci\u00f3n publica en nuestra Comunidad y su aportaci\u00f3n al progreso de la sociedad. Tienes la oportunidad de presentar tu&#46;&#46;&#46;<\/p>\n","protected":false},"author":8106,"featured_media":0,"comment_status":"closed","ping_status":"open","sticky":false,"template":"","format":"standard","meta":{"ngg_post_thumbnail":0,"footnotes":""},"categories":[526],"tags":[],"aioseo_notices":[],"_links":{"self":[{"href":"https:\/\/blogsaverroes.juntadeandalucia.es\/orientadelegacionmalaga\/wp-json\/wp\/v2\/posts\/4766"}],"collection":[{"href":"https:\/\/blogsaverroes.juntadeandalucia.es\/orientadelegacionmalaga\/wp-json\/wp\/v2\/posts"}],"about":[{"href":"https:\/\/blogsaverroes.juntadeandalucia.es\/orientadelegacionmalaga\/wp-json\/wp\/v2\/types\/post"}],"author":[{"embeddable":true,"href":"https:\/\/blogsaverroes.juntadeandalucia.es\/orientadelegacionmalaga\/wp-json\/wp\/v2\/users\/8106"}],"replies":[{"embeddable":true,"href":"https:\/\/blogsaverroes.juntadeandalucia.es\/orientadelegacionmalaga\/wp-json\/wp\/v2\/comments?post=4766"}],"version-history":[{"count":0,"href":"https:\/\/blogsaverroes.juntadeandalucia.es\/orientadelegacionmalaga\/wp-json\/wp\/v2\/posts\/4766\/revisions"}],"wp:attachment":[{"href":"https:\/\/blogsaverroes.juntadeandalucia.es\/orientadelegacionmalaga\/wp-json\/wp\/v2\/media?parent=4766"}],"wp:term":[{"taxonomy":"category","embeddable":true,"href":"https:\/\/blogsaverroes.juntadeandalucia.es\/orientadelegacionmalaga\/wp-json\/wp\/v2\/categories?post=4766"},{"taxonomy":"post_tag","embeddable":true,"href":"https:\/\/blogsaverroes.juntadeandalucia.es\/orientadelegacionmalaga\/wp-json\/wp\/v2\/tags?post=4766"}],"curies":[{"name":"wp","href":"https:\/\/api.w.org\/{rel}","templated":true}]}}