{"id":5919,"date":"2016-06-02T06:58:40","date_gmt":"2016-06-02T06:58:40","guid":{"rendered":"http:\/\/www.educacionenmalaga.es\/orientamalaga\/?p=5919"},"modified":"2016-06-02T06:58:40","modified_gmt":"2016-06-02T06:58:40","slug":"proyecto-leeduca","status":"publish","type":"post","link":"https:\/\/blogsaverroes.juntadeandalucia.es\/orientadelegacionmalaga\/2016\/06\/02\/proyecto-leeduca\/","title":{"rendered":"Proyecto LEEDUCA"},"content":{"rendered":"<p style=\"text-align: justify\"><a href=\"https:\/\/blogsaverroes.juntadeandalucia.es\/orientadelegacionmalaga\/files\/2016\/06\/logo1.jpg\"><img loading=\"lazy\" decoding=\"async\" class=\"alignleft wp-image-5920\" src=\"http:\/\/www.educacionenmalaga.es\/orientamalaga\/files\/2016\/06\/logo1-300x300.jpg\" alt=\"logo1\" width=\"238\" height=\"238\" srcset=\"https:\/\/blogsaverroes.juntadeandalucia.es\/orientadelegacionmalaga\/files\/2016\/06\/logo1-300x300.jpg 300w, https:\/\/blogsaverroes.juntadeandalucia.es\/orientadelegacionmalaga\/files\/2016\/06\/logo1-150x150.jpg 150w, https:\/\/blogsaverroes.juntadeandalucia.es\/orientadelegacionmalaga\/files\/2016\/06\/logo1-768x768.jpg 768w, https:\/\/blogsaverroes.juntadeandalucia.es\/orientadelegacionmalaga\/files\/2016\/06\/logo1-1024x1024.jpg 1024w, https:\/\/blogsaverroes.juntadeandalucia.es\/orientadelegacionmalaga\/files\/2016\/06\/logo1-100x100.jpg 100w, https:\/\/blogsaverroes.juntadeandalucia.es\/orientadelegacionmalaga\/files\/2016\/06\/logo1-160x160.jpg 160w, https:\/\/blogsaverroes.juntadeandalucia.es\/orientadelegacionmalaga\/files\/2016\/06\/logo1-320x320.jpg 320w, https:\/\/blogsaverroes.juntadeandalucia.es\/orientadelegacionmalaga\/files\/2016\/06\/logo1-24x24.jpg 24w, https:\/\/blogsaverroes.juntadeandalucia.es\/orientadelegacionmalaga\/files\/2016\/06\/logo1-36x36.jpg 36w, https:\/\/blogsaverroes.juntadeandalucia.es\/orientadelegacionmalaga\/files\/2016\/06\/logo1-48x48.jpg 48w\" sizes=\"(max-width: 238px) 100vw, 238px\" \/><\/a>El colectivo de maestras y maestros de Audici\u00f3n y Lenguaje de los diecinueve Equipos de Orientaci\u00f3n Educativa de M\u00e1laga y su provincia contin\u00faan trabajando en el\u00a0\u201cProyecto sobre el estudio de la conciencia fonol\u00f3gica y su repercusi\u00f3n en la lectoescritura\u201d por la geograf\u00eda andaluza, desarrollando actuaciones como las siguientes:<\/p>\n<p style=\"text-align: justify\">CEP de Jerez: <strong>\u201cJornadas sobre Conciencia Fonol\u00f3gica aplicadas a la lectura y escritura\u201d<\/strong>\u00a0D\u00edas 29 y 30 de marzo. Asistencia: 200 personas.<br \/>\nCEP de C\u00e1diz: <strong>\u201cConciencia Fonol\u00f3gica y Lectoescritura en Educaci\u00f3n Infantil \u00bfC\u00f3mo suena la letra?\u201d<\/strong> D\u00edas 13 y 14 de abril. Asistencia: 70 personas.<\/p>\n<p style=\"text-align: justify\">Adem\u00e1s, como parte del calendario de actuaciones del tercer a\u00f1o de funcionamiento de dicho Proyecto, en la semana del 16 al 20 de mayo, el colectivo de AL han llevado a cabo las terceras pruebas correspondientes a \u201cMarcadores de Riesgo\u201d en Educaci\u00f3n Infantil 4 y 5 a\u00f1os, las cuales se realizaron, como viene siendo habitual, en la plataforma LEEDUCA. En esta ocasi\u00f3n, adem\u00e1s de pasar el cuestionario CHEXI para padres (con el objetivo de estudiar \/ descartar T.D.A.H.), se valoraron los siguientes aspectos:<\/p>\n<p style=\"text-align: justify\">1. Funci\u00f3n Ejecutiva \u2013 CANUM.<\/p>\n<p style=\"text-align: justify\">2. Funci\u00f3n Ejecutiva \u2013 PRIM.<\/p>\n<p style=\"text-align: justify\">3. Funci\u00f3n Ejecutiva CATEG \u2013 A. (estas tres primeras pruebas, amablemente cedidas por D. Oscar Vila y D. Francisco Guti\u00e9rrez, profesores de la Facultad de Psicolog\u00eda de la UNED de Madrid, colaboradores del Proyecto LEEDUCA)<\/p>\n<p style=\"text-align: justify\">4. Supresi\u00f3n de fonema final.<\/p>\n<p style=\"text-align: justify\">5. Lectura de letras.<a href=\"https:\/\/blogsaverroes.juntadeandalucia.es\/orientadelegacionmalaga\/files\/2016\/06\/logo2.jpg\"><img loading=\"lazy\" decoding=\"async\" class=\"wp-image-5921 alignright\" src=\"http:\/\/www.educacionenmalaga.es\/orientamalaga\/files\/2016\/06\/logo2-300x300.jpg\" alt=\"logo2\" width=\"251\" height=\"251\" srcset=\"https:\/\/blogsaverroes.juntadeandalucia.es\/orientadelegacionmalaga\/files\/2016\/06\/logo2-300x300.jpg 300w, https:\/\/blogsaverroes.juntadeandalucia.es\/orientadelegacionmalaga\/files\/2016\/06\/logo2-150x150.jpg 150w, https:\/\/blogsaverroes.juntadeandalucia.es\/orientadelegacionmalaga\/files\/2016\/06\/logo2-768x768.jpg 768w, https:\/\/blogsaverroes.juntadeandalucia.es\/orientadelegacionmalaga\/files\/2016\/06\/logo2-1024x1024.jpg 1024w, https:\/\/blogsaverroes.juntadeandalucia.es\/orientadelegacionmalaga\/files\/2016\/06\/logo2-100x100.jpg 100w, https:\/\/blogsaverroes.juntadeandalucia.es\/orientadelegacionmalaga\/files\/2016\/06\/logo2-160x160.jpg 160w, https:\/\/blogsaverroes.juntadeandalucia.es\/orientadelegacionmalaga\/files\/2016\/06\/logo2-320x320.jpg 320w, https:\/\/blogsaverroes.juntadeandalucia.es\/orientadelegacionmalaga\/files\/2016\/06\/logo2-24x24.jpg 24w, https:\/\/blogsaverroes.juntadeandalucia.es\/orientadelegacionmalaga\/files\/2016\/06\/logo2-36x36.jpg 36w, https:\/\/blogsaverroes.juntadeandalucia.es\/orientadelegacionmalaga\/files\/2016\/06\/logo2-48x48.jpg 48w, https:\/\/blogsaverroes.juntadeandalucia.es\/orientadelegacionmalaga\/files\/2016\/06\/logo2.jpg 1181w\" sizes=\"(max-width: 251px) 100vw, 251px\" \/><\/a><\/p>\n<p style=\"text-align: justify\">6. Escritura de sonidos iniciales.<\/p>\n<p style=\"text-align: justify\">7. RAN 1 de vocabulario.<\/p>\n<p style=\"text-align: justify\">8. RAN 2 de vocabulario.<\/p>\n<p style=\"text-align: justify\">9. Subitizing.<\/p>\n<p style=\"text-align: justify\">10. Ar\u00e1bicos.<\/p>\n<p style=\"text-align: justify\">Por \u00faltimo, el colectivo de AL de los EOE de M\u00e1laga y su provincia informa que ya disponen de \u201clogo\u201d como equipo.\u00a0El logo que aparece a la izquierda ser\u00e1 el buque insignia del colectivo, el cual se utilizar\u00e1 como portada para la presentaci\u00f3n de futuros proyectos o documentos oficiales, y el logo de la derecha se emplear\u00e1 para aspectos m\u00e1s individuales del d\u00eda a d\u00eda, como hojas de actuaci\u00f3n o informes. \u00a0Tanto en uno como en otro aparece una ola verde, que simboliza la fuerza que se quiere transmitir desde desde dicho colectivo.<\/p>\n","protected":false},"excerpt":{"rendered":"<p>El colectivo de maestras y maestros de Audici\u00f3n y Lenguaje de los diecinueve Equipos de Orientaci\u00f3n Educativa de M\u00e1laga y su provincia contin\u00faan trabajando en el\u00a0\u201cProyecto sobre el estudio de la conciencia fonol\u00f3gica y&#46;&#46;&#46;<\/p>\n","protected":false},"author":8106,"featured_media":0,"comment_status":"closed","ping_status":"open","sticky":false,"template":"","format":"standard","meta":{"ngg_post_thumbnail":0,"footnotes":""},"categories":[1870,526],"tags":[],"aioseo_notices":[],"_links":{"self":[{"href":"https:\/\/blogsaverroes.juntadeandalucia.es\/orientadelegacionmalaga\/wp-json\/wp\/v2\/posts\/5919"}],"collection":[{"href":"https:\/\/blogsaverroes.juntadeandalucia.es\/orientadelegacionmalaga\/wp-json\/wp\/v2\/posts"}],"about":[{"href":"https:\/\/blogsaverroes.juntadeandalucia.es\/orientadelegacionmalaga\/wp-json\/wp\/v2\/types\/post"}],"author":[{"embeddable":true,"href":"https:\/\/blogsaverroes.juntadeandalucia.es\/orientadelegacionmalaga\/wp-json\/wp\/v2\/users\/8106"}],"replies":[{"embeddable":true,"href":"https:\/\/blogsaverroes.juntadeandalucia.es\/orientadelegacionmalaga\/wp-json\/wp\/v2\/comments?post=5919"}],"version-history":[{"count":0,"href":"https:\/\/blogsaverroes.juntadeandalucia.es\/orientadelegacionmalaga\/wp-json\/wp\/v2\/posts\/5919\/revisions"}],"wp:attachment":[{"href":"https:\/\/blogsaverroes.juntadeandalucia.es\/orientadelegacionmalaga\/wp-json\/wp\/v2\/media?parent=5919"}],"wp:term":[{"taxonomy":"category","embeddable":true,"href":"https:\/\/blogsaverroes.juntadeandalucia.es\/orientadelegacionmalaga\/wp-json\/wp\/v2\/categories?post=5919"},{"taxonomy":"post_tag","embeddable":true,"href":"https:\/\/blogsaverroes.juntadeandalucia.es\/orientadelegacionmalaga\/wp-json\/wp\/v2\/tags?post=5919"}],"curies":[{"name":"wp","href":"https:\/\/api.w.org\/{rel}","templated":true}]}}