{"id":6004,"date":"2016-09-13T11:10:15","date_gmt":"2016-09-13T11:10:15","guid":{"rendered":"http:\/\/www.educacionenmalaga.es\/orientamalaga\/?p=6004"},"modified":"2016-09-13T11:10:15","modified_gmt":"2016-09-13T11:10:15","slug":"6004","status":"publish","type":"post","link":"https:\/\/blogsaverroes.juntadeandalucia.es\/orientadelegacionmalaga\/2016\/09\/13\/6004\/","title":{"rendered":"Programas Educativos 2016\/2017"},"content":{"rendered":"<p style=\"text-align: justify\"><a href=\"https:\/\/blogsaverroes.juntadeandalucia.es\/orientadelegacionmalaga\/files\/2016\/09\/programas.jpg\"><img loading=\"lazy\" decoding=\"async\" class=\"wp-image-5995 alignleft\" src=\"http:\/\/www.educacionenmalaga.es\/orientamalaga\/files\/2016\/09\/programas-300x216.jpg\" alt=\"programas\" width=\"242\" height=\"174\" srcset=\"https:\/\/blogsaverroes.juntadeandalucia.es\/orientadelegacionmalaga\/files\/2016\/09\/programas-300x216.jpg 300w, https:\/\/blogsaverroes.juntadeandalucia.es\/orientadelegacionmalaga\/files\/2016\/09\/programas-24x17.jpg 24w, https:\/\/blogsaverroes.juntadeandalucia.es\/orientadelegacionmalaga\/files\/2016\/09\/programas-36x26.jpg 36w, https:\/\/blogsaverroes.juntadeandalucia.es\/orientadelegacionmalaga\/files\/2016\/09\/programas-48x35.jpg 48w, https:\/\/blogsaverroes.juntadeandalucia.es\/orientadelegacionmalaga\/files\/2016\/09\/programas.jpg 477w\" sizes=\"(max-width: 242px) 100vw, 242px\" \/><\/a>Se ha abierto el plazo de inscripci\u00f3n de los Programas Educativos \u00a0del <strong>1 al 30 de septiembre<\/strong>. Toda la informaci\u00f3n se encuentra en la <a href=\"http:\/\/www.juntadeandalucia.es\/educacion\/webportal\/web\/planes-y-programas\/gestion-en-seneca\">web de la Consejer\u00eda de Educaci\u00f3n<\/a>.<\/p>\n","protected":false},"excerpt":{"rendered":"<p>Se ha abierto el plazo de inscripci\u00f3n de los Programas Educativos \u00a0del 1 al 30 de septiembre. Toda la informaci\u00f3n se encuentra en la web de la Consejer\u00eda de Educaci\u00f3n.<\/p>\n","protected":false},"author":8106,"featured_media":0,"comment_status":"closed","ping_status":"closed","sticky":false,"template":"","format":"standard","meta":{"ngg_post_thumbnail":0,"footnotes":""},"categories":[5775,526],"tags":[],"aioseo_notices":[],"_links":{"self":[{"href":"https:\/\/blogsaverroes.juntadeandalucia.es\/orientadelegacionmalaga\/wp-json\/wp\/v2\/posts\/6004"}],"collection":[{"href":"https:\/\/blogsaverroes.juntadeandalucia.es\/orientadelegacionmalaga\/wp-json\/wp\/v2\/posts"}],"about":[{"href":"https:\/\/blogsaverroes.juntadeandalucia.es\/orientadelegacionmalaga\/wp-json\/wp\/v2\/types\/post"}],"author":[{"embeddable":true,"href":"https:\/\/blogsaverroes.juntadeandalucia.es\/orientadelegacionmalaga\/wp-json\/wp\/v2\/users\/8106"}],"replies":[{"embeddable":true,"href":"https:\/\/blogsaverroes.juntadeandalucia.es\/orientadelegacionmalaga\/wp-json\/wp\/v2\/comments?post=6004"}],"version-history":[{"count":0,"href":"https:\/\/blogsaverroes.juntadeandalucia.es\/orientadelegacionmalaga\/wp-json\/wp\/v2\/posts\/6004\/revisions"}],"wp:attachment":[{"href":"https:\/\/blogsaverroes.juntadeandalucia.es\/orientadelegacionmalaga\/wp-json\/wp\/v2\/media?parent=6004"}],"wp:term":[{"taxonomy":"category","embeddable":true,"href":"https:\/\/blogsaverroes.juntadeandalucia.es\/orientadelegacionmalaga\/wp-json\/wp\/v2\/categories?post=6004"},{"taxonomy":"post_tag","embeddable":true,"href":"https:\/\/blogsaverroes.juntadeandalucia.es\/orientadelegacionmalaga\/wp-json\/wp\/v2\/tags?post=6004"}],"curies":[{"name":"wp","href":"https:\/\/api.w.org\/{rel}","templated":true}]}}