{"id":800,"date":"2013-03-19T09:36:01","date_gmt":"2013-03-19T09:36:01","guid":{"rendered":"http:\/\/www.educacionenmalaga.es\/orientamalaga\/?p=800"},"modified":"2013-03-19T09:36:01","modified_gmt":"2013-03-19T09:36:01","slug":"programa-profundiza","status":"publish","type":"post","link":"https:\/\/blogsaverroes.juntadeandalucia.es\/orientadelegacionmalaga\/2013\/03\/19\/programa-profundiza\/","title":{"rendered":"Programa Profundiza"},"content":{"rendered":"<p style=\"text-align: justify\"><strong>Aprender en horario extraescolar<\/strong><\/p>\n<p style=\"text-align: justify\">M\u00e1s de 600 escolares participan en el programa Andaluc\u00eda Profundiza. En 24 centros de la provincia de M\u00e1laga se desarrollan programas para potenciar el inter\u00e9s del alumnado por la innovaci\u00f3n y la investigaci\u00f3n.<\/p>\n<p style=\"text-align: justify\">PROFUNDIZA es un programa dirigido al alumnado de Primaria (2\u00ba y 3\u00ba ciclo) y de Educaci\u00f3n Secundaria Obligatoria a trav\u00e9s del cual podr\u00e1n participar en proyectos de trabajo que, tomando como centro de inter\u00e9s tem\u00e1ticas del \u00e1mbito cientifico y tecnol\u00f3gico, les permitir\u00e1n abordar el conocimiento desde otras perspectivas y desarrollar de manera activa las competencias b\u00e1sicas.<\/p>\n<p style=\"text-align: justify\">Aqu\u00ed tenemos un enlace al peri\u00f3dico M\u00e1laga Hoy donde ha salido un art\u00edculo sobre el programa. El art\u00edculo se llama <a href=\"http:\/\/www.malagahoy.es\/article\/malaga\/1479845\/aprender\/horario\/extraescolar.html\">\u00abAprender en horario extraescolar\u00bb<\/a> y para \u00e9l han entrevistado a nuestro compa\u00f1ero Jes\u00fas Gir\u00f3n, profesor del IES Polit\u00e9cnico Jes\u00fas Mar\u00edn.<\/p>\n","protected":false},"excerpt":{"rendered":"<p>Aprender en horario extraescolar M\u00e1s de 600 escolares participan en el programa Andaluc\u00eda Profundiza. En 24 centros de la provincia de M\u00e1laga se desarrollan programas para potenciar el inter\u00e9s del alumnado por la innovaci\u00f3n&#46;&#46;&#46;<\/p>\n","protected":false},"author":8106,"featured_media":0,"comment_status":"open","ping_status":"open","sticky":false,"template":"","format":"standard","meta":{"ngg_post_thumbnail":0,"footnotes":""},"categories":[5775,526],"tags":[],"aioseo_notices":[],"_links":{"self":[{"href":"https:\/\/blogsaverroes.juntadeandalucia.es\/orientadelegacionmalaga\/wp-json\/wp\/v2\/posts\/800"}],"collection":[{"href":"https:\/\/blogsaverroes.juntadeandalucia.es\/orientadelegacionmalaga\/wp-json\/wp\/v2\/posts"}],"about":[{"href":"https:\/\/blogsaverroes.juntadeandalucia.es\/orientadelegacionmalaga\/wp-json\/wp\/v2\/types\/post"}],"author":[{"embeddable":true,"href":"https:\/\/blogsaverroes.juntadeandalucia.es\/orientadelegacionmalaga\/wp-json\/wp\/v2\/users\/8106"}],"replies":[{"embeddable":true,"href":"https:\/\/blogsaverroes.juntadeandalucia.es\/orientadelegacionmalaga\/wp-json\/wp\/v2\/comments?post=800"}],"version-history":[{"count":0,"href":"https:\/\/blogsaverroes.juntadeandalucia.es\/orientadelegacionmalaga\/wp-json\/wp\/v2\/posts\/800\/revisions"}],"wp:attachment":[{"href":"https:\/\/blogsaverroes.juntadeandalucia.es\/orientadelegacionmalaga\/wp-json\/wp\/v2\/media?parent=800"}],"wp:term":[{"taxonomy":"category","embeddable":true,"href":"https:\/\/blogsaverroes.juntadeandalucia.es\/orientadelegacionmalaga\/wp-json\/wp\/v2\/categories?post=800"},{"taxonomy":"post_tag","embeddable":true,"href":"https:\/\/blogsaverroes.juntadeandalucia.es\/orientadelegacionmalaga\/wp-json\/wp\/v2\/tags?post=800"}],"curies":[{"name":"wp","href":"https:\/\/api.w.org\/{rel}","templated":true}]}}