{"id":119,"date":"2023-04-08T12:31:44","date_gmt":"2023-04-08T12:31:44","guid":{"rendered":"https:\/\/blogsaverroes.juntadeandalucia.es\/orientadoraieslapaz\/?p=119"},"modified":"2023-04-08T12:31:44","modified_gmt":"2023-04-08T12:31:44","slug":"master-class-acidos","status":"publish","type":"post","link":"https:\/\/blogsaverroes.juntadeandalucia.es\/orientadoraieslapaz\/2023\/04\/08\/master-class-acidos\/","title":{"rendered":"Master class \u00c1cidos"},"content":{"rendered":"<p>Terminamos el trimestre con una extraordinaria <span style=\"font-family: 'comic sans ms', sans-serif\"><em>Masterclass de Tratamientos de \u00c1cidos en la Piel<\/em><\/span>. D\u00aa <strong>Esther Jim\u00e9nez V\u00e1zquez<\/strong>, asesora de la prestigiosa marca <span style=\"color: #666699\"><strong>Ebella Natural Cosmetics<\/strong>,<\/span> imparti\u00f3 de forma desinteresada esta masterclass a nuestro alumnado de FPB Peluquer\u00eda y Est\u00e9tica y supervis\u00f3 detalladamente su trabajo.&nbsp;<\/p>\n<p>Agradecer a <strong>M\u00aa Carlota Cardona Gonz\u00e1lez<\/strong>, nuestra profesora de Est\u00e9tica y organizadora del evento y a <strong>Esther Jim\u00e9nez V\u00e1zquez<\/strong>, por compartir sus conocimientos y entusiasmo. Y, por supuesto, a la marca <strong><span style=\"color: #800080\">Ebella Natural Cosmetics<\/span><\/strong> que proporcion\u00f3 sus productos para hacer posible los Tratamientos y dejar la piel de las participantes con un aspecto reluciente.&nbsp;<\/p>\n<p><span style=\"color: #993300;font-family: 'comic sans ms', sans-serif\">Estamos deseosas de una segunda sesi\u00f3n \ud83d\ude09<\/span><\/p>\n<p><img loading=\"lazy\" decoding=\"async\" class=\"alignnone  wp-image-120\" src=\"https:\/\/blogsaverroes.juntadeandalucia.es\/orientadoraieslapaz\/files\/2023\/04\/ebella-2-242x300.jpg\" alt=\"\" width=\"194\" height=\"240\" srcset=\"https:\/\/blogsaverroes.juntadeandalucia.es\/orientadoraieslapaz\/files\/2023\/04\/ebella-2-242x300.jpg 242w, https:\/\/blogsaverroes.juntadeandalucia.es\/orientadoraieslapaz\/files\/2023\/04\/ebella-2-827x1024.jpg 827w, https:\/\/blogsaverroes.juntadeandalucia.es\/orientadoraieslapaz\/files\/2023\/04\/ebella-2-768x951.jpg 768w, https:\/\/blogsaverroes.juntadeandalucia.es\/orientadoraieslapaz\/files\/2023\/04\/ebella-2.jpg 1199w\" sizes=\"(max-width: 194px) 100vw, 194px\" \/> <img loading=\"lazy\" decoding=\"async\" class=\"alignnone  wp-image-121\" src=\"https:\/\/blogsaverroes.juntadeandalucia.es\/orientadoraieslapaz\/files\/2023\/04\/ebella-5-300x226.jpg\" alt=\"\" width=\"276\" height=\"208\" srcset=\"https:\/\/blogsaverroes.juntadeandalucia.es\/orientadoraieslapaz\/files\/2023\/04\/ebella-5-300x226.jpg 300w, https:\/\/blogsaverroes.juntadeandalucia.es\/orientadoraieslapaz\/files\/2023\/04\/ebella-5-1024x771.jpg 1024w, https:\/\/blogsaverroes.juntadeandalucia.es\/orientadoraieslapaz\/files\/2023\/04\/ebella-5-768x579.jpg 768w, https:\/\/blogsaverroes.juntadeandalucia.es\/orientadoraieslapaz\/files\/2023\/04\/ebella-5.jpg 1192w\" sizes=\"(max-width: 276px) 100vw, 276px\" \/> <img loading=\"lazy\" decoding=\"async\" class=\"alignnone  wp-image-122\" src=\"https:\/\/blogsaverroes.juntadeandalucia.es\/orientadoraieslapaz\/files\/2023\/04\/ebella-1-237x300.jpg\" alt=\"\" width=\"207\" height=\"262\" srcset=\"https:\/\/blogsaverroes.juntadeandalucia.es\/orientadoraieslapaz\/files\/2023\/04\/ebella-1-237x300.jpg 237w, https:\/\/blogsaverroes.juntadeandalucia.es\/orientadoraieslapaz\/files\/2023\/04\/ebella-1-768x974.jpg 768w, https:\/\/blogsaverroes.juntadeandalucia.es\/orientadoraieslapaz\/files\/2023\/04\/ebella-1.jpg 780w\" sizes=\"(max-width: 207px) 100vw, 207px\" \/> <img loading=\"lazy\" decoding=\"async\" class=\"alignnone size-medium wp-image-123\" src=\"https:\/\/blogsaverroes.juntadeandalucia.es\/orientadoraieslapaz\/files\/2023\/04\/ebella-4-300x258.jpg\" alt=\"\" width=\"300\" height=\"258\" srcset=\"https:\/\/blogsaverroes.juntadeandalucia.es\/orientadoraieslapaz\/files\/2023\/04\/ebella-4-300x258.jpg 300w, https:\/\/blogsaverroes.juntadeandalucia.es\/orientadoraieslapaz\/files\/2023\/04\/ebella-4-1024x880.jpg 1024w, https:\/\/blogsaverroes.juntadeandalucia.es\/orientadoraieslapaz\/files\/2023\/04\/ebella-4-768x660.jpg 768w, https:\/\/blogsaverroes.juntadeandalucia.es\/orientadoraieslapaz\/files\/2023\/04\/ebella-4.jpg 1194w\" sizes=\"(max-width: 300px) 100vw, 300px\" \/> <img loading=\"lazy\" decoding=\"async\" class=\"alignnone  wp-image-124\" src=\"https:\/\/blogsaverroes.juntadeandalucia.es\/orientadoraieslapaz\/files\/2023\/04\/ebella-3-241x300.jpg\" alt=\"\" width=\"217\" height=\"270\" srcset=\"https:\/\/blogsaverroes.juntadeandalucia.es\/orientadoraieslapaz\/files\/2023\/04\/ebella-3-241x300.jpg 241w, https:\/\/blogsaverroes.juntadeandalucia.es\/orientadoraieslapaz\/files\/2023\/04\/ebella-3-821x1024.jpg 821w, https:\/\/blogsaverroes.juntadeandalucia.es\/orientadoraieslapaz\/files\/2023\/04\/ebella-3-768x958.jpg 768w, https:\/\/blogsaverroes.juntadeandalucia.es\/orientadoraieslapaz\/files\/2023\/04\/ebella-3.jpg 862w\" sizes=\"(max-width: 217px) 100vw, 217px\" \/><\/p>\n","protected":false},"excerpt":{"rendered":"<p>Terminamos el trimestre con una extraordinaria Masterclass de Tratamientos de \u00c1cidos en la Piel. D\u00aa Esther Jim\u00e9nez V\u00e1zquez, asesora de la prestigiosa marca Ebella Natural Cosmetics, imparti\u00f3 de forma desinteresada esta masterclass a nuestro&#46;&#46;&#46;<\/p>\n","protected":false},"author":17523,"featured_media":125,"comment_status":"open","ping_status":"open","sticky":false,"template":"","format":"standard","meta":{"ngg_post_thumbnail":0,"footnotes":""},"categories":[1],"tags":[10,9],"aioseo_notices":[],"_links":{"self":[{"href":"https:\/\/blogsaverroes.juntadeandalucia.es\/orientadoraieslapaz\/wp-json\/wp\/v2\/posts\/119"}],"collection":[{"href":"https:\/\/blogsaverroes.juntadeandalucia.es\/orientadoraieslapaz\/wp-json\/wp\/v2\/posts"}],"about":[{"href":"https:\/\/blogsaverroes.juntadeandalucia.es\/orientadoraieslapaz\/wp-json\/wp\/v2\/types\/post"}],"author":[{"embeddable":true,"href":"https:\/\/blogsaverroes.juntadeandalucia.es\/orientadoraieslapaz\/wp-json\/wp\/v2\/users\/17523"}],"replies":[{"embeddable":true,"href":"https:\/\/blogsaverroes.juntadeandalucia.es\/orientadoraieslapaz\/wp-json\/wp\/v2\/comments?post=119"}],"version-history":[{"count":1,"href":"https:\/\/blogsaverroes.juntadeandalucia.es\/orientadoraieslapaz\/wp-json\/wp\/v2\/posts\/119\/revisions"}],"predecessor-version":[{"id":126,"href":"https:\/\/blogsaverroes.juntadeandalucia.es\/orientadoraieslapaz\/wp-json\/wp\/v2\/posts\/119\/revisions\/126"}],"wp:featuredmedia":[{"embeddable":true,"href":"https:\/\/blogsaverroes.juntadeandalucia.es\/orientadoraieslapaz\/wp-json\/wp\/v2\/media\/125"}],"wp:attachment":[{"href":"https:\/\/blogsaverroes.juntadeandalucia.es\/orientadoraieslapaz\/wp-json\/wp\/v2\/media?parent=119"}],"wp:term":[{"taxonomy":"category","embeddable":true,"href":"https:\/\/blogsaverroes.juntadeandalucia.es\/orientadoraieslapaz\/wp-json\/wp\/v2\/categories?post=119"},{"taxonomy":"post_tag","embeddable":true,"href":"https:\/\/blogsaverroes.juntadeandalucia.es\/orientadoraieslapaz\/wp-json\/wp\/v2\/tags?post=119"}],"curies":[{"name":"wp","href":"https:\/\/api.w.org\/{rel}","templated":true}]}}