{"id":6127,"date":"2018-03-21T08:54:37","date_gmt":"2018-03-21T08:54:37","guid":{"rendered":"https:\/\/blogsaverroes.juntadeandalucia.es\/orientajaen\/?p=6127"},"modified":"2018-03-22T11:44:09","modified_gmt":"2018-03-22T11:44:09","slug":"21-de-marzo-de-2018","status":"publish","type":"post","link":"https:\/\/blogsaverroes.juntadeandalucia.es\/orientajaen\/2018\/03\/21\/21-de-marzo-de-2018\/","title":{"rendered":"21 de marzo de 2018"},"content":{"rendered":"<p><span style=\"font-size: 10pt\">Resoluci\u00f3n de 1 de marzo de 2018, de la Direcci\u00f3n General de Universidades, por la que se establecen los <a href=\"http:\/\/www.juntadeandalucia.es\/economiayconocimiento\/sguit\/documentacion\/Parametros_2018_2019.pdf\" target=\"_blank\" rel=\"noopener\">par\u00e1metros de ponderaci\u00f3n para el c\u00e1lculo de la nota de admisi\u00f3n para el ingreso a las titulaciones de grado<\/a> que se impartir\u00e1n en el curso 2018\/2019. Se pueden consultar los correspondientes par\u00e1metros de ponderaci\u00f3n de forma din\u00e1mica seleccionando titulaciones en el siguiente <a href=\"http:\/\/www.juntadeandalucia.es\/economiayconocimiento\/sguit\/?q=grados&amp;d=g_b_parametros_top.php\" target=\"_blank\" rel=\"noopener\">link<\/a>.<\/span><\/p>\n","protected":false},"excerpt":{"rendered":"<p>Resoluci\u00f3n de 1 de marzo de 2018, de la Direcci\u00f3n General de Universidades, por la que se establecen los par\u00e1metros de ponderaci\u00f3n para el c\u00e1lculo&hellip;<\/p>\n","protected":false},"author":1213,"featured_media":0,"comment_status":"closed","ping_status":"open","sticky":false,"template":"","format":"standard","meta":{"ngg_post_thumbnail":0,"footnotes":""},"categories":[1601],"tags":[],"aioseo_notices":[],"_links":{"self":[{"href":"https:\/\/blogsaverroes.juntadeandalucia.es\/orientajaen\/wp-json\/wp\/v2\/posts\/6127"}],"collection":[{"href":"https:\/\/blogsaverroes.juntadeandalucia.es\/orientajaen\/wp-json\/wp\/v2\/posts"}],"about":[{"href":"https:\/\/blogsaverroes.juntadeandalucia.es\/orientajaen\/wp-json\/wp\/v2\/types\/post"}],"author":[{"embeddable":true,"href":"https:\/\/blogsaverroes.juntadeandalucia.es\/orientajaen\/wp-json\/wp\/v2\/users\/1213"}],"replies":[{"embeddable":true,"href":"https:\/\/blogsaverroes.juntadeandalucia.es\/orientajaen\/wp-json\/wp\/v2\/comments?post=6127"}],"version-history":[{"count":3,"href":"https:\/\/blogsaverroes.juntadeandalucia.es\/orientajaen\/wp-json\/wp\/v2\/posts\/6127\/revisions"}],"predecessor-version":[{"id":6129,"href":"https:\/\/blogsaverroes.juntadeandalucia.es\/orientajaen\/wp-json\/wp\/v2\/posts\/6127\/revisions\/6129"}],"wp:attachment":[{"href":"https:\/\/blogsaverroes.juntadeandalucia.es\/orientajaen\/wp-json\/wp\/v2\/media?parent=6127"}],"wp:term":[{"taxonomy":"category","embeddable":true,"href":"https:\/\/blogsaverroes.juntadeandalucia.es\/orientajaen\/wp-json\/wp\/v2\/categories?post=6127"},{"taxonomy":"post_tag","embeddable":true,"href":"https:\/\/blogsaverroes.juntadeandalucia.es\/orientajaen\/wp-json\/wp\/v2\/tags?post=6127"}],"curies":[{"name":"wp","href":"https:\/\/api.w.org\/{rel}","templated":true}]}}