{"id":7575,"date":"2021-02-26T12:04:40","date_gmt":"2021-02-26T12:04:40","guid":{"rendered":"https:\/\/blogsaverroes.juntadeandalucia.es\/orientajaen\/?p=7575"},"modified":"2021-02-26T12:05:36","modified_gmt":"2021-02-26T12:05:36","slug":"18-enero-2021","status":"publish","type":"post","link":"https:\/\/blogsaverroes.juntadeandalucia.es\/orientajaen\/2021\/02\/26\/18-enero-2021\/","title":{"rendered":"18 de enero 2021"},"content":{"rendered":"<p style=\"text-align: justify\"><a href=\"https:\/\/blogsaverroes.juntadeandalucia.es\/salonvirtualdelestudiante\/files\/2021\/02\/Orden-15-enero-21-mod-ESO.pdf\" target=\"_blank\" rel=\"noopener noreferrer\">Orden de 15 de enero de 2021, por la que se desarrolla el curr\u00edculo correspondiente a la etapa de <strong>Educaci\u00f3n Secundaria Obligatoria<\/strong> en la Comunidad Aut\u00f3noma de Andaluc\u00eda, se regulan determinados aspectos de la atenci\u00f3n a la diversidad, se establece la ordenaci\u00f3n de la evaluaci\u00f3n del proceso de aprendizaje del alumnado y se determina el proceso de tr\u00e1nsito entre distintas etapas educativas.<\/a><\/p>\n","protected":false},"excerpt":{"rendered":"<p>Orden de 15 de enero de 2021, por la que se desarrolla el curr\u00edculo correspondiente a la etapa de Educaci\u00f3n Secundaria Obligatoria en la Comunidad&hellip;<\/p>\n","protected":false},"author":1419,"featured_media":0,"comment_status":"closed","ping_status":"open","sticky":false,"template":"","format":"standard","meta":{"ngg_post_thumbnail":0,"footnotes":""},"categories":[488832],"tags":[],"aioseo_notices":[],"_links":{"self":[{"href":"https:\/\/blogsaverroes.juntadeandalucia.es\/orientajaen\/wp-json\/wp\/v2\/posts\/7575"}],"collection":[{"href":"https:\/\/blogsaverroes.juntadeandalucia.es\/orientajaen\/wp-json\/wp\/v2\/posts"}],"about":[{"href":"https:\/\/blogsaverroes.juntadeandalucia.es\/orientajaen\/wp-json\/wp\/v2\/types\/post"}],"author":[{"embeddable":true,"href":"https:\/\/blogsaverroes.juntadeandalucia.es\/orientajaen\/wp-json\/wp\/v2\/users\/1419"}],"replies":[{"embeddable":true,"href":"https:\/\/blogsaverroes.juntadeandalucia.es\/orientajaen\/wp-json\/wp\/v2\/comments?post=7575"}],"version-history":[{"count":2,"href":"https:\/\/blogsaverroes.juntadeandalucia.es\/orientajaen\/wp-json\/wp\/v2\/posts\/7575\/revisions"}],"predecessor-version":[{"id":7577,"href":"https:\/\/blogsaverroes.juntadeandalucia.es\/orientajaen\/wp-json\/wp\/v2\/posts\/7575\/revisions\/7577"}],"wp:attachment":[{"href":"https:\/\/blogsaverroes.juntadeandalucia.es\/orientajaen\/wp-json\/wp\/v2\/media?parent=7575"}],"wp:term":[{"taxonomy":"category","embeddable":true,"href":"https:\/\/blogsaverroes.juntadeandalucia.es\/orientajaen\/wp-json\/wp\/v2\/categories?post=7575"},{"taxonomy":"post_tag","embeddable":true,"href":"https:\/\/blogsaverroes.juntadeandalucia.es\/orientajaen\/wp-json\/wp\/v2\/tags?post=7575"}],"curies":[{"name":"wp","href":"https:\/\/api.w.org\/{rel}","templated":true}]}}