{"id":7580,"date":"2021-02-26T12:07:24","date_gmt":"2021-02-26T12:07:24","guid":{"rendered":"https:\/\/blogsaverroes.juntadeandalucia.es\/orientajaen\/?p=7580"},"modified":"2021-02-26T12:07:24","modified_gmt":"2021-02-26T12:07:24","slug":"28-de-enero-2021","status":"publish","type":"post","link":"https:\/\/blogsaverroes.juntadeandalucia.es\/orientajaen\/2021\/02\/26\/28-de-enero-2021\/","title":{"rendered":"28 de enero 2021"},"content":{"rendered":"<p style=\"text-align: justify\"><a href=\"https:\/\/blogsaverroes.juntadeandalucia.es\/salonvirtualdelestudiante\/files\/2021\/02\/Obtenci\u00f3n-Titulo-ESO.pdf\" target=\"_blank\" rel=\"noopener noreferrer\">Resoluci\u00f3n de 21 de enero de 2021, de la Direcci\u00f3n General de Ordenaci\u00f3n y Evaluaci\u00f3n Educativa, por la que se convocan, para el a\u00f1o 2021, las pruebas para la <strong>obtenci\u00f3n del t\u00edtulo de Graduado en Educaci\u00f3n Secundaria Obligatoria<\/strong> para personas mayores de dieciocho a\u00f1os y se establecen determinados aspectos de su organizaci\u00f3n, en virtud de lo establecido en la Orden de 16 de septiembre de 2019 que las regula.<\/a><\/p>\n","protected":false},"excerpt":{"rendered":"<p>Resoluci\u00f3n de 21 de enero de 2021, de la Direcci\u00f3n General de Ordenaci\u00f3n y Evaluaci\u00f3n Educativa, por la que se convocan, para el a\u00f1o 2021,&hellip;<\/p>\n","protected":false},"author":1419,"featured_media":0,"comment_status":"closed","ping_status":"open","sticky":false,"template":"","format":"standard","meta":{"ngg_post_thumbnail":0,"footnotes":""},"categories":[488832],"tags":[],"aioseo_notices":[],"_links":{"self":[{"href":"https:\/\/blogsaverroes.juntadeandalucia.es\/orientajaen\/wp-json\/wp\/v2\/posts\/7580"}],"collection":[{"href":"https:\/\/blogsaverroes.juntadeandalucia.es\/orientajaen\/wp-json\/wp\/v2\/posts"}],"about":[{"href":"https:\/\/blogsaverroes.juntadeandalucia.es\/orientajaen\/wp-json\/wp\/v2\/types\/post"}],"author":[{"embeddable":true,"href":"https:\/\/blogsaverroes.juntadeandalucia.es\/orientajaen\/wp-json\/wp\/v2\/users\/1419"}],"replies":[{"embeddable":true,"href":"https:\/\/blogsaverroes.juntadeandalucia.es\/orientajaen\/wp-json\/wp\/v2\/comments?post=7580"}],"version-history":[{"count":1,"href":"https:\/\/blogsaverroes.juntadeandalucia.es\/orientajaen\/wp-json\/wp\/v2\/posts\/7580\/revisions"}],"predecessor-version":[{"id":7581,"href":"https:\/\/blogsaverroes.juntadeandalucia.es\/orientajaen\/wp-json\/wp\/v2\/posts\/7580\/revisions\/7581"}],"wp:attachment":[{"href":"https:\/\/blogsaverroes.juntadeandalucia.es\/orientajaen\/wp-json\/wp\/v2\/media?parent=7580"}],"wp:term":[{"taxonomy":"category","embeddable":true,"href":"https:\/\/blogsaverroes.juntadeandalucia.es\/orientajaen\/wp-json\/wp\/v2\/categories?post=7580"},{"taxonomy":"post_tag","embeddable":true,"href":"https:\/\/blogsaverroes.juntadeandalucia.es\/orientajaen\/wp-json\/wp\/v2\/tags?post=7580"}],"curies":[{"name":"wp","href":"https:\/\/api.w.org\/{rel}","templated":true}]}}