{"id":7689,"date":"2021-03-24T10:07:07","date_gmt":"2021-03-24T10:07:07","guid":{"rendered":"https:\/\/blogsaverroes.juntadeandalucia.es\/orientajaen\/?p=7689"},"modified":"2021-03-24T10:07:07","modified_gmt":"2021-03-24T10:07:07","slug":"24-de-marzo-de-2021","status":"publish","type":"post","link":"https:\/\/blogsaverroes.juntadeandalucia.es\/orientajaen\/2021\/03\/24\/24-de-marzo-de-2021\/","title":{"rendered":"24 de marzo de 2021"},"content":{"rendered":"<p style=\"text-align: justify\"><a href=\"https:\/\/blogsaverroes.juntadeandalucia.es\/orientajaen\/files\/2021\/03\/GUIA_2021_V_4.pdf\">Gu\u00eda para la orientaci\u00f3n acad\u00e9mica del alumnado 2021-2022<\/a>, elaborada por las \u00c1reas de Orientaci\u00f3n Vocacional y Profesional de los Equipos T\u00e9cnicos Provinciales para la Orientaci\u00f3n Educativa y Profesional de Andaluc\u00eda.<\/p>\n","protected":false},"excerpt":{"rendered":"<p>Gu\u00eda para la orientaci\u00f3n acad\u00e9mica del alumnado 2021-2022, elaborada por las \u00c1reas de Orientaci\u00f3n Vocacional y Profesional de los Equipos T\u00e9cnicos Provinciales para la Orientaci\u00f3n&hellip;<\/p>\n","protected":false},"author":7154,"featured_media":0,"comment_status":"closed","ping_status":"open","sticky":false,"template":"","format":"standard","meta":{"ngg_post_thumbnail":0,"footnotes":""},"categories":[488832],"tags":[],"aioseo_notices":[],"_links":{"self":[{"href":"https:\/\/blogsaverroes.juntadeandalucia.es\/orientajaen\/wp-json\/wp\/v2\/posts\/7689"}],"collection":[{"href":"https:\/\/blogsaverroes.juntadeandalucia.es\/orientajaen\/wp-json\/wp\/v2\/posts"}],"about":[{"href":"https:\/\/blogsaverroes.juntadeandalucia.es\/orientajaen\/wp-json\/wp\/v2\/types\/post"}],"author":[{"embeddable":true,"href":"https:\/\/blogsaverroes.juntadeandalucia.es\/orientajaen\/wp-json\/wp\/v2\/users\/7154"}],"replies":[{"embeddable":true,"href":"https:\/\/blogsaverroes.juntadeandalucia.es\/orientajaen\/wp-json\/wp\/v2\/comments?post=7689"}],"version-history":[{"count":3,"href":"https:\/\/blogsaverroes.juntadeandalucia.es\/orientajaen\/wp-json\/wp\/v2\/posts\/7689\/revisions"}],"predecessor-version":[{"id":7692,"href":"https:\/\/blogsaverroes.juntadeandalucia.es\/orientajaen\/wp-json\/wp\/v2\/posts\/7689\/revisions\/7692"}],"wp:attachment":[{"href":"https:\/\/blogsaverroes.juntadeandalucia.es\/orientajaen\/wp-json\/wp\/v2\/media?parent=7689"}],"wp:term":[{"taxonomy":"category","embeddable":true,"href":"https:\/\/blogsaverroes.juntadeandalucia.es\/orientajaen\/wp-json\/wp\/v2\/categories?post=7689"},{"taxonomy":"post_tag","embeddable":true,"href":"https:\/\/blogsaverroes.juntadeandalucia.es\/orientajaen\/wp-json\/wp\/v2\/tags?post=7689"}],"curies":[{"name":"wp","href":"https:\/\/api.w.org\/{rel}","templated":true}]}}