{"id":7735,"date":"2021-07-12T09:55:11","date_gmt":"2021-07-12T09:55:11","guid":{"rendered":"https:\/\/blogsaverroes.juntadeandalucia.es\/orientajaen\/?p=7735"},"modified":"2021-07-12T09:55:11","modified_gmt":"2021-07-12T09:55:11","slug":"12-de-julio-de-2021","status":"publish","type":"post","link":"https:\/\/blogsaverroes.juntadeandalucia.es\/orientajaen\/2021\/07\/12\/12-de-julio-de-2021\/","title":{"rendered":"12 de julio de 2021"},"content":{"rendered":"<p style=\"text-align: justify\"><a href=\"https:\/\/portals.ced.junta-andalucia.es\/educacion\/portals\/web\/ced\/delegaciones\/jaen\/detalle-de-la-novedad\/-\/contenidos\/detalle\/resolucion-de-7-de-julio-de-2021-de-la-delegacion-territorial-de-educacion-y-deporte-en-jaen-por-la-que-se-realiza\">Resoluci\u00f3n de 7 de julio de 2021 de la Delegaci\u00f3n Territorial de Educaci\u00f3n y Deporte en Ja\u00e9n, por la que se realiza Convocatoria P\u00fablica para la cobertura, con ocasi\u00f3n de vacante, de Puesto Docente Espec\u00edfico en el Equipo de Orientaci\u00f3n Educativa Especializado de Dificultades de Aprendizaje en la Provincia de Ja\u00e9n para el curso 2021\/2022.<\/a><\/p>\n<p>&nbsp;<\/p>\n","protected":false},"excerpt":{"rendered":"<p>Resoluci\u00f3n de 7 de julio de 2021 de la Delegaci\u00f3n Territorial de Educaci\u00f3n y Deporte en Ja\u00e9n, por la que se realiza Convocatoria P\u00fablica para&hellip;<\/p>\n","protected":false},"author":10507,"featured_media":0,"comment_status":"closed","ping_status":"open","sticky":false,"template":"","format":"standard","meta":{"ngg_post_thumbnail":0,"footnotes":""},"categories":[488832],"tags":[],"aioseo_notices":[],"_links":{"self":[{"href":"https:\/\/blogsaverroes.juntadeandalucia.es\/orientajaen\/wp-json\/wp\/v2\/posts\/7735"}],"collection":[{"href":"https:\/\/blogsaverroes.juntadeandalucia.es\/orientajaen\/wp-json\/wp\/v2\/posts"}],"about":[{"href":"https:\/\/blogsaverroes.juntadeandalucia.es\/orientajaen\/wp-json\/wp\/v2\/types\/post"}],"author":[{"embeddable":true,"href":"https:\/\/blogsaverroes.juntadeandalucia.es\/orientajaen\/wp-json\/wp\/v2\/users\/10507"}],"replies":[{"embeddable":true,"href":"https:\/\/blogsaverroes.juntadeandalucia.es\/orientajaen\/wp-json\/wp\/v2\/comments?post=7735"}],"version-history":[{"count":1,"href":"https:\/\/blogsaverroes.juntadeandalucia.es\/orientajaen\/wp-json\/wp\/v2\/posts\/7735\/revisions"}],"predecessor-version":[{"id":7736,"href":"https:\/\/blogsaverroes.juntadeandalucia.es\/orientajaen\/wp-json\/wp\/v2\/posts\/7735\/revisions\/7736"}],"wp:attachment":[{"href":"https:\/\/blogsaverroes.juntadeandalucia.es\/orientajaen\/wp-json\/wp\/v2\/media?parent=7735"}],"wp:term":[{"taxonomy":"category","embeddable":true,"href":"https:\/\/blogsaverroes.juntadeandalucia.es\/orientajaen\/wp-json\/wp\/v2\/categories?post=7735"},{"taxonomy":"post_tag","embeddable":true,"href":"https:\/\/blogsaverroes.juntadeandalucia.es\/orientajaen\/wp-json\/wp\/v2\/tags?post=7735"}],"curies":[{"name":"wp","href":"https:\/\/api.w.org\/{rel}","templated":true}]}}