{"id":1032,"date":"2020-03-19T21:31:26","date_gmt":"2020-03-19T20:31:26","guid":{"rendered":"https:\/\/blogsaverroes.juntadeandalucia.es\/oscarprofesociales\/?p=1032"},"modified":"2020-03-25T11:33:34","modified_gmt":"2020-03-25T10:33:34","slug":"historia-del-mundo-contemporaneo-1o-de-bachillerato-b-tarea-para-realizar-en-las-proximas-semanas","status":"publish","type":"post","link":"https:\/\/blogsaverroes.juntadeandalucia.es\/oscarprofesociales\/2020\/03\/19\/historia-del-mundo-contemporaneo-1o-de-bachillerato-b-tarea-para-realizar-en-las-proximas-semanas\/","title":{"rendered":"Historia del Mundo Contempor\u00e1neo 1\u00ba de Bachillerato B. Tarea para realizar en las pr\u00f3ximas semanas"},"content":{"rendered":"<p style=\"text-align: justify\">Hola a tod@s. Tenemos que seguir trabajando a pesar de las especiales dificultades en la que nos encontramos debido al estado de alarma y la epidemia de Covid-19. A continuaci\u00f3n paso a describir brevemente la tarea que deb\u00e9is de hacer en las pr\u00f3ximas semanas.<\/p>\n<p>&nbsp;<\/p>\n<p style=\"text-align: justify\">1\u00ba) La tarea a realizar ser\u00e1 individual y consistir\u00e1 b\u00e1sicamente en realizar una presentaci\u00f3n de im\u00e1genes tipo Powerpoint o similar sobre la Segunda Guerra Mundial (1939-1945) tomando como punto de vista a alguno de los pa\u00edses implicados en dicho conflicto b\u00e9lico en cualquiera de los dos bandos (Francia, Polonia, Alemania, Gran Breta\u00f1a, URSS, Estados Unidos, B\u00e9lgica, Dinamarca, Hungr\u00eda, Pa\u00edses Bajos, Noruega, Australia, China&#8230;) Es decir, si por ejemplo se elige Alemania debe explicarse desde el punto de vista del alto mando de Hitler y del nazismo, si se elige Francia debe explicarse la actitud defensiva frente a la invasi\u00f3n alemana, la divisi\u00f3n del pa\u00eds entre el gobierno de Vichy y la Francia Libre de De Gaulle, la Resistencia&#8230; Y as\u00ed con cada pa\u00eds, seg\u00fan el que se elija. &nbsp;<\/p>\n<p>&nbsp;<\/p>\n<p style=\"text-align: justify\">2\u00ba) Para realizar dicha tarea pod\u00e9is utilizar como material de consulta y documentaci\u00f3n:<\/p>\n<ul>\n<li style=\"text-align: justify\">El propio &nbsp;libro de texto, concretamente el Tema 11 y sobre todo los puntos 1. Causas (p\u00e1gs. 220-221), 3. Ofensivas y victorias del Eje (p\u00e1gs. 224-225), 5. Contraofensivas aliadas y el final de la guerra (p\u00e1gs. 228-229) y el punto 7. Consecuencias de la Guerra (p\u00e1gs. 232-233). &nbsp;<\/li>\n<li style=\"text-align: justify\">Las dos entradas que hay en este blog tituladas \u00ab<a href=\"https:\/\/blogsaverroes.juntadeandalucia.es\/oscarprofesociales\/2016\/05\/11\/la-segunda-guerra-mundial-1939-1945\/\">La Segunda Guerra Mundial (1939-1945)<\/a>\u00bb y \u00ab<a href=\"https:\/\/blogsaverroes.juntadeandalucia.es\/oscarprofesociales\/2018\/05\/16\/la-segunda-guerra-mundial-1939-1945-2\/\">El desarrollo de la Segunda Guerra Mundial (1939-1945)<\/a>\u00bb ambas tienen abundante material para poder consultar.&nbsp;<\/li>\n<li style=\"text-align: justify\">Cualquier otro material audiovisual fiable que pod\u00e1is encontrar en la Red.&nbsp;<\/li>\n<\/ul>\n<p style=\"text-align: justify\">3\u00ba) El trabajo o tarea debe ser terminado en un plazo de 15-20 d\u00edas despu\u00e9s de contactar conmigo y concretar el trabajo. Escribiendo un correo electr\u00f3nico a mi direcci\u00f3n que ya deb\u00e9is conocer: profeoscarxxxxxxx@gmail.com (no quiero poner la direcci\u00f3n exacta para no tener spam).&nbsp;<\/p>\n<p>&nbsp;<\/p>\n<p>4\u00ba) La tarea o trabajo es obligatoria y evaluable para compensar la p\u00e9rdida de horas de clase y porque ya ten\u00edamos previsto realizar en estas fechas una prueba escrita sobre la Segunda Guerra Mundial.&nbsp;<\/p>\n","protected":false},"excerpt":{"rendered":"<p>Tareas a realizar en la asignatura de Historia del Mundo Contempor\u00e1neo para estas primeras semanas de confinamiento por la epidemia de Covid-19. <\/p>\n","protected":false},"author":2588,"featured_media":1037,"comment_status":"open","ping_status":"open","sticky":false,"template":"","format":"standard","meta":{"ngg_post_thumbnail":0,"footnotes":""},"categories":[380],"tags":[1278203],"aioseo_notices":[],"_links":{"self":[{"href":"https:\/\/blogsaverroes.juntadeandalucia.es\/oscarprofesociales\/wp-json\/wp\/v2\/posts\/1032"}],"collection":[{"href":"https:\/\/blogsaverroes.juntadeandalucia.es\/oscarprofesociales\/wp-json\/wp\/v2\/posts"}],"about":[{"href":"https:\/\/blogsaverroes.juntadeandalucia.es\/oscarprofesociales\/wp-json\/wp\/v2\/types\/post"}],"author":[{"embeddable":true,"href":"https:\/\/blogsaverroes.juntadeandalucia.es\/oscarprofesociales\/wp-json\/wp\/v2\/users\/2588"}],"replies":[{"embeddable":true,"href":"https:\/\/blogsaverroes.juntadeandalucia.es\/oscarprofesociales\/wp-json\/wp\/v2\/comments?post=1032"}],"version-history":[{"count":1,"href":"https:\/\/blogsaverroes.juntadeandalucia.es\/oscarprofesociales\/wp-json\/wp\/v2\/posts\/1032\/revisions"}],"predecessor-version":[{"id":1036,"href":"https:\/\/blogsaverroes.juntadeandalucia.es\/oscarprofesociales\/wp-json\/wp\/v2\/posts\/1032\/revisions\/1036"}],"wp:featuredmedia":[{"embeddable":true,"href":"https:\/\/blogsaverroes.juntadeandalucia.es\/oscarprofesociales\/wp-json\/wp\/v2\/media\/1037"}],"wp:attachment":[{"href":"https:\/\/blogsaverroes.juntadeandalucia.es\/oscarprofesociales\/wp-json\/wp\/v2\/media?parent=1032"}],"wp:term":[{"taxonomy":"category","embeddable":true,"href":"https:\/\/blogsaverroes.juntadeandalucia.es\/oscarprofesociales\/wp-json\/wp\/v2\/categories?post=1032"},{"taxonomy":"post_tag","embeddable":true,"href":"https:\/\/blogsaverroes.juntadeandalucia.es\/oscarprofesociales\/wp-json\/wp\/v2\/tags?post=1032"}],"curies":[{"name":"wp","href":"https:\/\/api.w.org\/{rel}","templated":true}]}}