{"id":113,"date":"2015-12-27T14:54:07","date_gmt":"2015-12-27T13:54:07","guid":{"rendered":"http:\/\/blogsaverroes.juntadeandalucia.es\/oscarprofesociales\/?p=113"},"modified":"2021-01-18T19:34:12","modified_gmt":"2021-01-18T18:34:12","slug":"imperios-coloniales-siglos-xix-y-xx","status":"publish","type":"post","link":"https:\/\/blogsaverroes.juntadeandalucia.es\/oscarprofesociales\/2015\/12\/27\/imperios-coloniales-siglos-xix-y-xx\/","title":{"rendered":"Imperios coloniales: siglos XIX y XX"},"content":{"rendered":"<p>En esta ocasi\u00f3n vamos a ocuparnos de la <em><strong><a href=\"http:\/\/www.claseshistoria.com\/c-maps\/mapa-imperialismo.html\" target=\"_blank\" rel=\"noopener noreferrer\">expansi\u00f3n de los imperios coloniales durante los siglos XIX y XX<\/a>.<\/strong><\/em> La mayor parte de los&nbsp;<a href=\"http:\/\/www.claseshistoria.com\/c-maps\/mapa-imperios.html\" target=\"_blank\" rel=\"noopener noreferrer\">imperios<\/a> fueron europeos como Gran Breta\u00f1a, Francia, B\u00e9lgica, Pa\u00edses Bajos, Alemania, Rusia o Italia y ocuparon territorios en continentes como \u00c1frica, Asia y Ocean\u00eda. Sin embargo tambi\u00e9n tuvieron un destacado protagonismo en esta expansi\u00f3n colonial dos naciones no europeas como los Estados Unidos de Am\u00e9rica y Jap\u00f3n.<\/p>\n<p style=\"text-align: justify\">En primer lugar definiremos&nbsp;<strong>imperialismo<\/strong> de manera simple y breve como \u00ab<em>la <span style=\"text-decoration: underline\">extensi\u00f3n del dominio de un pa\u00eds (<strong>metr\u00f3poli<\/strong>)&nbsp;sobre unos territorios (<strong>colonias<\/strong>) para su explotaci\u00f3n econ\u00f3mica<\/span>\u00ab.&nbsp;<\/em>Como sin\u00f3nimo a veces se utiliza el t\u00e9rmino&nbsp;<strong>colonialismo<\/strong> en el sentido del <em>dominio, establecido y mantenido durante largo tiempo, sobre un pa\u00eds extranjero, separado de la potencia dominante a la que se halla subordinado.<\/em> Este concepto naci\u00f3 para designar la dominaci\u00f3n sobre gente de otra raza; m\u00e1s espec\u00edficamente, el dominio o control pol\u00edtico directo por pa\u00edses europeos o de origen europeo, sobre pueblos asi\u00e1ticos o africanos.<\/p>\n<p style=\"text-align: justify\">En segundo lugar se\u00f1alaremos que <span style=\"text-decoration: underline\">los imperios coloniales existieron desde la Edad Moderna con el descubrimiento europeo de Am\u00e9rica (1492) y la colonizaci\u00f3n de dicho continente por Espa\u00f1a y Portugal<\/span> y posteriormente por Inglaterra-Gran Breta\u00f1a, Francia y las Provincias Unidas (Holanda\/Pa\u00edses Bajos). <span style=\"text-decoration: underline\">Esta expansi\u00f3n coincide con el auge del mercantilismo o primer capitalismo<\/span> y el intercambio comercial y explotaci\u00f3n minera del oro y la plata americanos en paralelo con el terrible y cruento mercado de esclavos africanos que proporcion\u00f3 grandes riquezas a las naciones europeas y a la explotaci\u00f3n de las poblaciones ind\u00edgenas americanas. Todo ello ocurre entre los siglos XVI y XVIII.<\/p>\n<div id=\"attachment_137\" style=\"width: 543px\" class=\"wp-caption aligncenter\"><a href=\"http:\/\/blogsaverroes.juntadeandalucia.es\/oscarprofesociales\/files\/2015\/12\/rutas-maritimas.jpg\"><img loading=\"lazy\" decoding=\"async\" aria-describedby=\"caption-attachment-137\" class=\" wp-image-137\" src=\"http:\/\/blogsaverroes.juntadeandalucia.es\/oscarprofesociales\/files\/2015\/12\/rutas-maritimas-1024x630.jpg\" alt=\"Imperios coloniales\" width=\"533\" height=\"328\" srcset=\"https:\/\/blogsaverroes.juntadeandalucia.es\/oscarprofesociales\/files\/2015\/12\/rutas-maritimas-1024x630.jpg 1024w, https:\/\/blogsaverroes.juntadeandalucia.es\/oscarprofesociales\/files\/2015\/12\/rutas-maritimas-300x185.jpg 300w, https:\/\/blogsaverroes.juntadeandalucia.es\/oscarprofesociales\/files\/2015\/12\/rutas-maritimas.jpg 1600w\" sizes=\"(max-width: 533px) 100vw, 533px\" \/><\/a><p id=\"caption-attachment-137\" class=\"wp-caption-text\">El mundo a la llegada de los europeos a Am\u00e9rica.<\/p><\/div>\n<p><a href=\"http:\/\/blogsaverroes.juntadeandalucia.es\/oscarprofesociales\/files\/2015\/12\/Imperios-coloniales-siglo-XVII.jpg\"><img loading=\"lazy\" decoding=\"async\" class=\"aligncenter size-full wp-image-138\" src=\"http:\/\/blogsaverroes.juntadeandalucia.es\/oscarprofesociales\/files\/2015\/12\/Imperios-coloniales-siglo-XVII.jpg\" alt=\"Imperios coloniales siglo XVII\" width=\"856\" height=\"523\" srcset=\"https:\/\/blogsaverroes.juntadeandalucia.es\/oscarprofesociales\/files\/2015\/12\/Imperios-coloniales-siglo-XVII.jpg 856w, https:\/\/blogsaverroes.juntadeandalucia.es\/oscarprofesociales\/files\/2015\/12\/Imperios-coloniales-siglo-XVII-300x183.jpg 300w\" sizes=\"(max-width: 856px) 100vw, 856px\" \/><\/a><\/p>\n<p style=\"text-align: justify\">En tercer lugar decir que ya <span style=\"text-decoration: underline\">en el siglo XIX dichos imperios coloniales sufren grandes transformaciones sobre todo en Am\u00e9rica: los imperios espa\u00f1ol y portugu\u00e9s decaen y casi desaparecen con el proceso de independencia de sus colonias<\/span> que fue consecuencia indirecta de las guerras napole\u00f3nicas (entre 1800 y 1815 aproximadamente) y del ejemplo de la guerra de independencia estadounidense o \u00abrevoluci\u00f3n americana\u00bb (1775 y 1783) y la Revoluci\u00f3n Francesa (ocurrida entre 1789 y 1799). Ello hace que se desplace el inter\u00e9s por el expansionismo de muchos pa\u00edses europeos hacia otros continentes como el africano, el asi\u00e1tico y Ocean\u00eda.&nbsp;<span style=\"text-decoration: underline\"><strong>El imperialismo del siglo XIX fue una consecuencia l\u00f3gica del desarrollo de la Revoluci\u00f3n Industrial.<\/strong><\/span> Por un lado, el crecimiento de la industria y la nueva econom\u00eda capitalista necesitaban territorios, mercados, materias primas&#8230; Se explor\u00f3 el interior de \u00c1frica y se penetr\u00f3 en Asia. El hombre blanco se sent\u00eda superior al resto de la humanidad y con derecho a dominarla.&nbsp;Adem\u00e1s surgen nuevos estados como Alemania e Italia (fruto de la unificaci\u00f3n alemana de 1866 y culminada en 1871 con Prusia a la cabeza y de la unificaci\u00f3n italiana de 1861 con el Piamonte como estado protagonista) que intentan emular el ejemplo expansionista del Reino Unido,&nbsp;Francia o B\u00e9lgica que buscan nuevos territorios para colonizar y explotar. Se desarrollan extraordinariamente los medios de transporte (locomotora a vapor, barco de vapor), con un enorme desarrollo econ\u00f3mico y es el momento de los <a href=\"http:\/\/www.elinconformistadigital.com\/2015\/02\/19\/los-exploradores-europeos-en-el-continente-africano-por-francesc-sanchez\/\" target=\"_blank\" rel=\"noopener noreferrer\">grandes exploradores europeos por \u00c1frica<\/a>&nbsp;y de las <a href=\"http:\/\/mercaba.org\/FICHAS\/Historia\/exploraciones_europeas.htm\" target=\"_blank\" rel=\"noopener noreferrer\">expediciones geogr\u00e1ficas<\/a> por los confines del mundo por parte de franceses (Maizan, Brazza), brit\u00e1nicos (Mungo Park, Burton, Speke, Stanley, Livingstone, Scott) o alemanes (Overweg, Vogel, Rolfs), especialmente en el<a href=\"http:\/\/www.mgar.net\/africa\/explorad.htm\" target=\"_blank\" rel=\"noopener noreferrer\"> interior de \u00c1frica<\/a>.<\/p>\n<p style=\"text-align: justify\"><strong>Las causas de la expansi\u00f3n imperialista de Europa, en el siglo XIX, por el mundo son m\u00faltiples:<\/strong><br \/>\n\u2022 <strong>El crecimiento de la poblaci\u00f3n europea:<\/strong> En la segunda mitad del siglo XIX la poblaci\u00f3n europea pas\u00f3 de 300 a 450 millones de personas, gracias a los avances de la Revoluci\u00f3n Industrial. Esto provocaba una fuerte presi\u00f3n demogr\u00e1fica sobre los recursos econ\u00f3micos.<br \/>\n\u2022 Las necesidades del nuevo sistema econ\u00f3mico capitalista europeo: <strong>Conseguir materias primas y fuentes de energ\u00eda<\/strong> baratas, que en Europa escaseaban. Adem\u00e1s con el tiempo, los mercados empezaron a dar muestras de saturaci\u00f3n. Era preciso, <strong>encontrar nuevos mercados,<\/strong> en los que colocar esos capitales.<br \/>\n\u2022 <strong>Causas pol\u00edticas<\/strong> del imperialismo: Tras el triunfo de las revoluciones burguesas en Europa, la burgues\u00eda fue evolucionando cada vez hacia posturas m\u00e1s conservadoras por <strong>miedo a las protestas de las masas populares<\/strong>. Adem\u00e1s, las distintas potencias europeas trataban de conseguir el <strong>control militar y comercial de las principales rutas mar\u00edtimas y terrestres<\/strong>, intentando mantener alejados a los rivales del \u00e1rea de influencia de cada naci\u00f3n.<br \/>\n\u2022 <strong>Factores ideol\u00f3gicos y cient\u00edficos<\/strong>: Se potenci\u00f3 el fomento de estudios geogr\u00e1ficos y antropol\u00f3gicos. <strong>Las sociedades geogr\u00e1ficas alcanzaron una enorme importancia<\/strong> y contribuyeron a difundir los descubrimientos mediante conferencias y congresos. <strong>El darwinismo social<\/strong>, con sus presupuestos sobre la evoluci\u00f3n de las especies <strong>justificaba el predominio de los blancos<\/strong>.<\/p>\n<div id=\"attachment_150\" style=\"width: 538px\" class=\"wp-caption aligncenter\"><a href=\"http:\/\/blogsaverroes.juntadeandalucia.es\/oscarprofesociales\/files\/2015\/12\/Expansion_colonial.jpg\"><img loading=\"lazy\" decoding=\"async\" aria-describedby=\"caption-attachment-150\" class=\"size-full wp-image-150\" src=\"http:\/\/blogsaverroes.juntadeandalucia.es\/oscarprofesociales\/files\/2015\/12\/Expansion_colonial.jpg\" alt=\"Expansi\u00f3n colonial europea por \u00c1frica, Asia y Ocean\u00eda (1815-1870)\" width=\"528\" height=\"541\" srcset=\"https:\/\/blogsaverroes.juntadeandalucia.es\/oscarprofesociales\/files\/2015\/12\/Expansion_colonial.jpg 528w, https:\/\/blogsaverroes.juntadeandalucia.es\/oscarprofesociales\/files\/2015\/12\/Expansion_colonial-293x300.jpg 293w\" sizes=\"(max-width: 528px) 100vw, 528px\" \/><\/a><p id=\"caption-attachment-150\" class=\"wp-caption-text\">Expansi\u00f3n colonial europea por \u00c1frica, Asia y Ocean\u00eda (1815-1870)<\/p><\/div>\n<p style=\"text-align: justify\"><span style=\"text-decoration: underline\">Durante el siglo XIX se extendieron los grandes imperios coloniales:<\/span><\/p>\n<p style=\"text-align: justify\">\u2022 El&nbsp;<strong>imperio ruso:&nbsp;<\/strong>quiz\u00e1 el menos conocido pero el mayor en extensi\u00f3n continental. Se ubicaba desde la Rusia europea dominando pa\u00edses o naciones luego independientes como Finlandia, las naciones b\u00e1lticas, gran parte de Polonia y Ruman\u00eda (Valaquia), Besarabia, pen\u00ednsula de Crimea, hasta el C\u00e1ucaso y el Caspio (Armenia, Azerbaiy\u00e1n), las grandes estepas de Asia central (Kazajist\u00e1n, Uzbekist\u00e1n, Turkemenist\u00e1n&#8230;), &nbsp;Siberia hasta el c\u00edrculo polar \u00e1rtico alcanzando las costas asi\u00e1ticas del Pac\u00edfico hasta el puerto de Vladivostok, la isla de Sajal\u00edn o la pen\u00ednsula de Kamchatcka e incluso Alaska (hasta 1867) en Am\u00e9rica del Norte, al otro lado del Estrecho de Bering. Tambi\u00e9n domin\u00f3 en parte zonas como el sur del Caspio en Persia, parte de China, Mongolia y Manchuria.<\/p>\n<p style=\"text-align: justify\"><strong>\u00b7 El imperio brit\u00e1nico<\/strong>: fue el m\u00e1s conocido e importante y el m\u00e1s extenso junto al anterior, llegando a alcanzar su madurez durante el reinado de la reina Victoria (1837-1901). Sus dominios se extend\u00edan por Asia, el Mediterr\u00e1neo, \u00c1frica, Ocean\u00eda y Am\u00e9rica.<br \/>\n\u2022 El <strong>imperio franc\u00e9s<\/strong>: era el tercer gran imperio en importancia y extensi\u00f3n. Su m\u00e1ximo impulsor fue Jules Ferry. Se extend\u00eda por \u00c1frica, Asia, Ocean\u00eda y Am\u00e9rica.<br \/>\n\u2022 <strong>Otros imperios coloniales <\/strong>fueron los de<strong>&nbsp;Alemania, Italia, B\u00e9lgica, Portugal, Espa\u00f1a<\/strong> y ya al final del siglo se unieron al proceso <strong>Estados Unidos y Jap\u00f3n<\/strong>.<\/p>\n<p style=\"text-align: justify\">Los imperios coloniales, presentaban las siguientes <span style=\"text-decoration: underline\"><strong>formas de dominaci\u00f3n y organizaci\u00f3n colonial:<\/strong><\/span><br \/>\n\u2022 Las <strong>colonias de administraci\u00f3n directa<\/strong>. Fue el tipo m\u00e1s extendido y en \u00e9l la explotaci\u00f3n econ\u00f3mica y pol\u00edtica de la poblaci\u00f3n aut\u00f3ctona era muy alto por parte de la metr\u00f3poli.<br \/>\n\u2022 <strong>Protectorados<\/strong>. Fue un modelo utilizado por Francia (Marruecos) y Gran Breta\u00f1a (Birmania) por el cual a veces hab\u00eda una autoridad local que ejerc\u00eda el poder pol\u00edtico (aunque era m\u00e1s te\u00f3rico que real) pero el control de la explotaci\u00f3n econ\u00f3mica la segu\u00eda ejerciendo la metr\u00f3poli. Estados Unidos tambi\u00e9n lo utiliz\u00f3 sobre Cuba, Puerto Rico o Panam\u00e1.<br \/>\n\u2022 <strong>Dominios<\/strong>. En ellos hab\u00eda mayor\u00eda de poblaci\u00f3n blanca y llegaron a alcanzar un alto grado de autonom\u00eda. Fueron los casos de Canad\u00e1, Australia y Nueva Zelanda.<\/p>\n<p>\u2022 <strong>Territorios metropolitanos<\/strong>. Fue el caso de Argelia con respecto a Francia. Supon\u00eda una asimilaci\u00f3n del territorio colonial a la metr\u00f3poli como un parte m\u00e1s del mismo.<\/p>\n<p>&nbsp;<\/p>\n<div id=\"attachment_1092\" style=\"width: 1034px\" class=\"wp-caption aligncenter\"><a href=\"https:\/\/blogsaverroes.juntadeandalucia.es\/oscarprofesociales\/files\/2015\/12\/Imperios-coloniales-con-banderas-scaled.jpeg\"><img loading=\"lazy\" decoding=\"async\" aria-describedby=\"caption-attachment-1092\" class=\"size-large wp-image-1092\" src=\"https:\/\/blogsaverroes.juntadeandalucia.es\/oscarprofesociales\/files\/2015\/12\/Imperios-coloniales-con-banderas-1024x724.jpeg\" alt=\"\" width=\"1024\" height=\"724\" srcset=\"https:\/\/blogsaverroes.juntadeandalucia.es\/oscarprofesociales\/files\/2015\/12\/Imperios-coloniales-con-banderas-1024x724.jpeg 1024w, https:\/\/blogsaverroes.juntadeandalucia.es\/oscarprofesociales\/files\/2015\/12\/Imperios-coloniales-con-banderas-300x212.jpeg 300w, https:\/\/blogsaverroes.juntadeandalucia.es\/oscarprofesociales\/files\/2015\/12\/Imperios-coloniales-con-banderas-768x543.jpeg 768w, https:\/\/blogsaverroes.juntadeandalucia.es\/oscarprofesociales\/files\/2015\/12\/Imperios-coloniales-con-banderas-1536x1086.jpeg 1536w, https:\/\/blogsaverroes.juntadeandalucia.es\/oscarprofesociales\/files\/2015\/12\/Imperios-coloniales-con-banderas-2048x1448.jpeg 2048w, https:\/\/blogsaverroes.juntadeandalucia.es\/oscarprofesociales\/files\/2015\/12\/Imperios-coloniales-con-banderas-24x17.jpeg 24w, https:\/\/blogsaverroes.juntadeandalucia.es\/oscarprofesociales\/files\/2015\/12\/Imperios-coloniales-con-banderas-36x25.jpeg 36w, https:\/\/blogsaverroes.juntadeandalucia.es\/oscarprofesociales\/files\/2015\/12\/Imperios-coloniales-con-banderas-48x34.jpeg 48w, https:\/\/blogsaverroes.juntadeandalucia.es\/oscarprofesociales\/files\/2015\/12\/Imperios-coloniales-con-banderas-scaled.jpeg 1600w\" sizes=\"(max-width: 1024px) 100vw, 1024px\" \/><\/a><p id=\"caption-attachment-1092\" class=\"wp-caption-text\">Collage created using TurboCollage software from www.TurboCollage.com<\/p><\/div>\n<p style=\"text-align: justify\"><strong>Estados Unidos y Rusia son dos casos particulares ya que se expanden tan extraordinariamente que sus territorios alcanzan dimensiones continentales<\/strong> y todo ello gracias en parte a la construcci\u00f3n del ferrocarril: hacia el Oeste en Norteam\u00e9rica con el enlace de los tramos de las compa\u00f1\u00edas Union Pacific y Central Pacific en Utah en 1869 en el caso de los Estados Unidos y hacia el Este en el caso de Rusia en Asia Central y Siberia con la culminaci\u00f3n de la ruta del ferrocarril transiberiano iniciado en 1891 y culminado en 1916 y una de cuyas consecuencias fue la <a href=\"https:\/\/laguerrarusojaponesa19041905.wordpress.com\/tag\/transiberiano\/\" target=\"_blank\" rel=\"noopener noreferrer\">guerra ruso-japonesa<\/a>&nbsp;(1904-1905). Es interesante el caso del territorio de Alaska en el extremo noroccidental de Norteam\u00e9rica: desde el siglo XVI-XVII est\u00e1 en manos de Rusia pero &nbsp;fue comprado por Estados Unidos en 1867.<\/p>\n<div id=\"attachment_123\" style=\"width: 361px\" class=\"wp-caption aligncenter\"><a href=\"http:\/\/blogsaverroes.juntadeandalucia.es\/oscarprofesociales\/files\/2015\/12\/euexp2.jpg\"><img loading=\"lazy\" decoding=\"async\" aria-describedby=\"caption-attachment-123\" class=\" wp-image-123\" src=\"http:\/\/blogsaverroes.juntadeandalucia.es\/oscarprofesociales\/files\/2015\/12\/euexp2-300x183.jpg\" alt=\"Expansi\u00f3n territorial de los EEUU durante el siglo XIX\" width=\"351\" height=\"214\" srcset=\"https:\/\/blogsaverroes.juntadeandalucia.es\/oscarprofesociales\/files\/2015\/12\/euexp2-300x183.jpg 300w, https:\/\/blogsaverroes.juntadeandalucia.es\/oscarprofesociales\/files\/2015\/12\/euexp2.jpg 800w\" sizes=\"(max-width: 351px) 100vw, 351px\" \/><\/a><p id=\"caption-attachment-123\" class=\"wp-caption-text\">Expansi\u00f3n territorial de los EEUU durante el siglo XIX<\/p><\/div>\n<div id=\"attachment_148\" style=\"width: 596px\" class=\"wp-caption aligncenter\"><a href=\"http:\/\/blogsaverroes.juntadeandalucia.es\/oscarprofesociales\/files\/2015\/12\/Expansi\u00f3n-de-Rusia-m\u00e1xima1.jpg\"><img loading=\"lazy\" decoding=\"async\" aria-describedby=\"caption-attachment-148\" class=\"size-large wp-image-148\" src=\"http:\/\/blogsaverroes.juntadeandalucia.es\/oscarprofesociales\/files\/2015\/12\/Expansi\u00f3n-de-Rusia-m\u00e1xima1-1024x426.jpg\" alt=\"Expansi\u00f3n de Rusia m\u00e1xima\" width=\"586\" height=\"244\" srcset=\"https:\/\/blogsaverroes.juntadeandalucia.es\/oscarprofesociales\/files\/2015\/12\/Expansi\u00f3n-de-Rusia-m\u00e1xima1-1024x426.jpg 1024w, https:\/\/blogsaverroes.juntadeandalucia.es\/oscarprofesociales\/files\/2015\/12\/Expansi\u00f3n-de-Rusia-m\u00e1xima1-300x125.jpg 300w, https:\/\/blogsaverroes.juntadeandalucia.es\/oscarprofesociales\/files\/2015\/12\/Expansi\u00f3n-de-Rusia-m\u00e1xima1.jpg 1342w\" sizes=\"(max-width: 586px) 100vw, 586px\" \/><\/a><p id=\"caption-attachment-148\" class=\"wp-caption-text\">Expansi\u00f3n de Rusia m\u00e1xima<\/p><\/div>\n<div id=\"attachment_128\" style=\"width: 596px\" class=\"wp-caption aligncenter\"><a href=\"http:\/\/blogsaverroes.juntadeandalucia.es\/oscarprofesociales\/files\/2015\/12\/Las-potencias-imperiales-del-Pacfico-in-1939.png\"><img loading=\"lazy\" decoding=\"async\" aria-describedby=\"caption-attachment-128\" class=\"size-large wp-image-128\" src=\"http:\/\/blogsaverroes.juntadeandalucia.es\/oscarprofesociales\/files\/2015\/12\/Las-potencias-imperiales-del-Pacfico-in-1939-1024x802.png\" alt=\"Potencias coloniales (EEUU y Jap\u00f3n) en el Pac\u00edfico hasta 1939\" width=\"586\" height=\"459\" srcset=\"https:\/\/blogsaverroes.juntadeandalucia.es\/oscarprofesociales\/files\/2015\/12\/Las-potencias-imperiales-del-Pacfico-in-1939-1024x802.png 1024w, https:\/\/blogsaverroes.juntadeandalucia.es\/oscarprofesociales\/files\/2015\/12\/Las-potencias-imperiales-del-Pacfico-in-1939-300x235.png 300w, https:\/\/blogsaverroes.juntadeandalucia.es\/oscarprofesociales\/files\/2015\/12\/Las-potencias-imperiales-del-Pacfico-in-1939.png 1600w\" sizes=\"(max-width: 586px) 100vw, 586px\" \/><\/a><p id=\"caption-attachment-128\" class=\"wp-caption-text\">Potencias coloniales (EEUU y Jap\u00f3n) en el Pac\u00edfico hasta 1939<\/p><\/div>\n<p>Varios hitos importantes en este contexto de la expansi\u00f3n colonial fueron:<\/p>\n<p>1) <strong>El reparto colonial europeo de \u00c1frica en la <a href=\"http:\/\/apuntesdehistoriauniversal.blogspot.com.es\/2014\/02\/imperialismo-la-conferencia-de-berlin-y.html\" target=\"_blank\" rel=\"noopener noreferrer\">Conferencia de Berl\u00edn<\/a>&nbsp;(1884-85).<\/strong> En la que se adoptaron las siguientes resoluciones.<\/p>\n<p style=\"text-align: justify\">\u2022 La colonizaci\u00f3n se har\u00eda remontando los grandes r\u00edos africanos.<br \/>\n\u2022 Cualquier potencia que dominara una zona costera ten\u00eda derecho sobre el interior de ese territorio.<br \/>\n\u2022 Se reconoce a Leopoldo II de B\u00e9lgica la soberan\u00eda del Congo, en contra de las aspiraciones de Francia.<\/p>\n<div id=\"attachment_115\" style=\"width: 394px\" class=\"wp-caption aligncenter\"><a href=\"http:\/\/blogsaverroes.juntadeandalucia.es\/oscarprofesociales\/files\/2015\/12\/Reparto_colonial_de_Africa.png\"><img loading=\"lazy\" decoding=\"async\" aria-describedby=\"caption-attachment-115\" class=\" wp-image-115\" src=\"http:\/\/blogsaverroes.juntadeandalucia.es\/oscarprofesociales\/files\/2015\/12\/Reparto_colonial_de_Africa-300x225.png\" alt=\"Mapa del reparto colonial de \u00c1frica por las potencias europeas de la editorial SM\" width=\"384\" height=\"288\" srcset=\"https:\/\/blogsaverroes.juntadeandalucia.es\/oscarprofesociales\/files\/2015\/12\/Reparto_colonial_de_Africa-300x225.png 300w, https:\/\/blogsaverroes.juntadeandalucia.es\/oscarprofesociales\/files\/2015\/12\/Reparto_colonial_de_Africa.png 802w\" sizes=\"(max-width: 384px) 100vw, 384px\" \/><\/a><p id=\"caption-attachment-115\" class=\"wp-caption-text\">Reparto colonial de \u00c1frica por las potencias europeas<\/p><\/div>\n<p style=\"text-align: justify\">2)<strong> <a href=\"http:\/\/eldesarrollodelimperialismo.es.tl\/Las-nuevas-v%EDas-de-comunicaci%F3n-mar%EDtima--k1-El-Canal-de-Suez-y-el-Canal-de-Panam%E1-k2-.htm\" target=\"_blank\" rel=\"noopener noreferrer\">La apertura de los canales de Suez (1869) y de Panam\u00e1 (1914)<\/a>.<\/strong> Ambas fueron dos grandes obras de ingenier\u00eda con un alto costo de vidas humanas y de sufrimiento, pero que a la vez mejoraron enormemente la navegaci\u00f3n mar\u00edtima por el mundo.&nbsp;El primero fue muy importante para la consolidaci\u00f3n del dominio mar\u00edtimo del Imperio Brit\u00e1nico y el segundo supuso la confirmaci\u00f3n del dominio estadounidense en todo el continente americano y su expansi\u00f3n hacia el Pac\u00edfico, donde rivaliz\u00f3 con Jap\u00f3n (ver siguiente mapa).<\/p>\n<div id=\"attachment_149\" style=\"width: 810px\" class=\"wp-caption aligncenter\"><a href=\"http:\/\/blogsaverroes.juntadeandalucia.es\/oscarprofesociales\/files\/2015\/12\/CircumnavigationByTrades.jpg\"><img loading=\"lazy\" decoding=\"async\" aria-describedby=\"caption-attachment-149\" class=\"size-full wp-image-149\" src=\"http:\/\/blogsaverroes.juntadeandalucia.es\/oscarprofesociales\/files\/2015\/12\/CircumnavigationByTrades.jpg\" alt=\"Ubicaci\u00f3n de los Canales de Suez y Panam\u00e1 y ejemplo de rutas mar\u00edtimas de circunnavegaci\u00f3n desde Londres\" width=\"800\" height=\"500\" srcset=\"https:\/\/blogsaverroes.juntadeandalucia.es\/oscarprofesociales\/files\/2015\/12\/CircumnavigationByTrades.jpg 800w, https:\/\/blogsaverroes.juntadeandalucia.es\/oscarprofesociales\/files\/2015\/12\/CircumnavigationByTrades-300x188.jpg 300w\" sizes=\"(max-width: 800px) 100vw, 800px\" \/><\/a><p id=\"caption-attachment-149\" class=\"wp-caption-text\">Ubicaci\u00f3n de los Canales de Suez y Panam\u00e1 y ejemplo de rutas mar\u00edtimas de circunnavegaci\u00f3n desde Londres<\/p><\/div>\n<p><span style=\"text-decoration: underline\">Las <strong>consecuencias del imperialismo colonial<\/strong> fueron las siguientes<\/span>:<\/p>\n<p style=\"text-align: justify\">\u2022 <strong>Demogr\u00e1ficas:<\/strong>&nbsp;Como segu\u00edan produci\u00e9ndose muchos nacimientos, <span style=\"text-decoration: underline\">se produjo un elevado crecimiento de la poblaci\u00f3n mundial y el consiguiente desequilibrio entre poblaci\u00f3n y recursos<\/span>, que perdura hasta hoy d\u00eda.<br \/>\n\u2022 <strong>Econ\u00f3micas:<\/strong> <span style=\"text-decoration: underline\">Se potenciaron los productos para la exportaci\u00f3n a la metr\u00f3poli, como caf\u00e9, cacao, caucho, t\u00e9 o ca\u00f1a de az\u00facar<\/span>, modificando con ellos paisajes y formas de vida. Al ser necesarias infraestructuras para trasladar esos productos, se crearon puertos, ferrocarriles, pero siguiendo el inter\u00e9s de los colonizadores.<br \/>\n\u2022 <strong>Pol\u00edticas:<\/strong> <span style=\"text-decoration: underline\">Todas las colonias sufrieron dependencia de sus metr\u00f3polis<\/span>. Esta situaci\u00f3n trajo como respuesta el <span style=\"text-decoration: underline\">antiimperialismo<\/span> y el auge de los movimientos nacionales de liberaci\u00f3n y autodeterminaci\u00f3n en los territorios coloniales para conseguir la independencia de sus metr\u00f3polis conocida como <strong>&nbsp;<span style=\"text-decoration: underline\">\u00abdescolonizaci\u00f3n\u00bb<\/span><\/strong>, con un impulso muy fuerte en la 2\u00aa mitad del siglo XX.<br \/>\n\u2022 <strong>Sociales:<\/strong> Hab\u00eda una inmensa mayor\u00eda de <span style=\"text-decoration: underline\">poblaci\u00f3n local marginada y explotada<\/span>.<br \/>\n\u2022 <strong>Culturales:<\/strong> El deseo de transmitir a todo el mundo los valores de la civilizaci\u00f3n occidental fue una de las causas del avance del Imperialismo (como ya hemos visto). <span style=\"text-decoration: underline\">Se trataron de imponer por la fuerza las costumbres europeas<\/span>, la religi\u00f3n cristiana, la lengua&#8230;, <span style=\"text-decoration: underline\">lo que ocasion\u00f3 un proceso de aculturaci\u00f3n y sincretismo religioso<\/span>. Y es la causa de que se hablen lenguas europeas como el ingl\u00e9s o el franc\u00e9s en muchos pa\u00edses del mundo a\u00fan hoy d\u00eda.<\/p>\n<p style=\"text-align: justify\">Las consecuencias para las metr\u00f3polis se notaron en el terreno econ\u00f3mico. Pero las tensiones fueron inevitables, <span style=\"text-decoration: underline\">lo que provoc\u00f3 indirectamente el estallido de la Primera Guerra Mundial (1914-1918).<\/span><\/p>\n<p style=\"text-align: justify\">Un breve texto muy clarificador sobre la idea del imperialismo es el siguiente (los subrayados son m\u00edos):<\/p>\n<blockquote>\n<p style=\"text-align: justify\">Ayer di una vuelta por el East-End londinense y asist\u00ed a una reuni\u00f3n de desocupados. O\u00ed fuertes discusiones.&nbsp;No se escuchaba otra cosa m\u00e1s que un grito: \u00a1Pan, pan! Al revivir toda la escena cuando volv\u00eda a casa,&nbsp;me sent\u00ed a\u00fan m\u00e1s convencido que antes de la importancia del imperialismo. [\u2026] <span style=\"text-decoration: underline\">La idea que yo acaricio&nbsp;representa la soluci\u00f3n del problema social<\/span>, a saber: para salvar a los 40 millones del Reino Unido&nbsp;de una guerra civil funesta, nosotros, <span style=\"text-decoration: underline\">los colonizadores, debemos posesionarnos de nuevos territorios&nbsp;para colocar en ellos el exceso de poblaci\u00f3n, para encontrar nuevos mercados en los cuales colocar&nbsp;los productos de nuestras f\u00e1bricas y de nuestras minas<\/span>. El imperio, lo he dicho siempre, es una cuesti\u00f3n&nbsp;de est\u00f3mago. Si no quer\u00e9is la guerra civil, deb\u00e9is convertiros en imperialistas.<\/p>\n<\/blockquote>\n<p style=\"text-align: justify\">Opini\u00f3n de Cecil Rhodes sobre el imperialismo (1895).<\/p>\n<p style=\"text-align: justify\"><strong>Proceso de descolonizaci\u00f3n:<\/strong><\/p>\n<div id=\"attachment_154\" style=\"width: 754px\" class=\"wp-caption aligncenter\"><a href=\"http:\/\/blogsaverroes.juntadeandalucia.es\/oscarprofesociales\/files\/2015\/12\/Descolonizaci\u00f3n.jpg\"><img loading=\"lazy\" decoding=\"async\" aria-describedby=\"caption-attachment-154\" class=\"size-full wp-image-154\" src=\"http:\/\/blogsaverroes.juntadeandalucia.es\/oscarprofesociales\/files\/2015\/12\/Descolonizaci\u00f3n.jpg\" alt=\"http:\/\/pepeolivercabrera.blogspot.com.es\/2009\/05\/la-descolonizacion-mapas.html\" width=\"744\" height=\"543\" srcset=\"https:\/\/blogsaverroes.juntadeandalucia.es\/oscarprofesociales\/files\/2015\/12\/Descolonizaci\u00f3n.jpg 744w, https:\/\/blogsaverroes.juntadeandalucia.es\/oscarprofesociales\/files\/2015\/12\/Descolonizaci\u00f3n-300x219.jpg 300w\" sizes=\"(max-width: 744px) 100vw, 744px\" \/><\/a><p id=\"caption-attachment-154\" class=\"wp-caption-text\">Proceso de Descolonizaci\u00f3n<\/p><\/div>\n<p>Por \u00faltimo os dejo una presentaci\u00f3n de im\u00e1genes &nbsp;y una <a href=\"http:\/\/oscarprofesociales.blogspot.com.es\/search\/label\/imperios%20coloniales\" target=\"_blank\" rel=\"noopener noreferrer\">entrada a mi antiguo blog<\/a> a modo de resumen. Y unos <a href=\"http:\/\/www.iesfraypedro.com\/files\/sociales\/colonialismo-imperialismo.pdf\" target=\"_blank\" rel=\"noopener noreferrer\">apuntes<\/a> sobre este periodo.<\/p>\n<p>&nbsp;<\/p>\n<p><iframe loading=\"lazy\" title=\"Imperios\" src=\"https:\/\/www.slideshare.net\/slideshow\/embed_code\/key\/85eoXj2BeJZvYa\" width=\"427\" height=\"356\" frameborder=\"0\" marginwidth=\"0\" marginheight=\"0\" scrolling=\"no\" style=\"border:1px solid #CCC; border-width:1px; margin-bottom:5px; max-width: 100%;\" allowfullscreen> <\/iframe> <\/p>\n<div style=\"margin-bottom:5px\"> <strong> <a href=\"https:\/\/es.slideshare.net\/slideshow\/imperios\/7533135\" title=\"Imperios\" target=\"_blank\">Imperios<\/a> <\/strong> from <strong><a href=\"https:\/\/www.slideshare.net\/omarcos\" target=\"_blank\">\u00d3scar Marcos Jurado<\/a><\/strong> <\/div>\n<p style=\"text-align: justify\">La presentaci\u00f3n no es m\u00eda es del profesor granadino <strong>Juan Miguel Mendoza<\/strong>&nbsp;del&nbsp;IES Emilio Mu\u00f1oz de Cogollos Vega (Granada). Aqu\u00ed su <a href=\"https:\/\/juanmimen.wordpress.com\/\" target=\"_blank\" rel=\"noopener noreferrer\">blog educativo<\/a>.<\/p>\n<p>Un v\u00eddeo explicativo usando Prezi sobre los imperios coloniales a cargo del profesor de Historia <a href=\"https:\/\/historiaencomentarios.com\">Carlos Gonz\u00e1lez Mart\u00ednez<\/a>:&nbsp;<\/p>\n<p>&nbsp;<\/p>\n<p><iframe loading=\"lazy\" title=\"\ud83d\udd35 [EL IMPERIALISMO] del siglo XIX y los imperios COLONIALES \ud83c\udf0d\" width=\"500\" height=\"281\" src=\"https:\/\/www.youtube.com\/embed\/q3l0edmV3S8?feature=oembed&#038;wmode=opaque\" frameborder=\"0\" allow=\"accelerometer; autoplay; clipboard-write; encrypted-media; gyroscope; picture-in-picture; web-share\" referrerpolicy=\"strict-origin-when-cross-origin\" allowfullscreen><\/iframe><\/p>\n<p>&nbsp;<\/p>\n","protected":false},"excerpt":{"rendered":"<p>Explicaci\u00f3n de los imperios coloniales de los siglos XIX y XX desde su origen, su vinculaci\u00f3n a la Revoluci\u00f3n Industrial, sus causas, territorios que abarcaban, formas de dominaci\u00f3n y organizaci\u00f3n colonial, el reparto de \u00c1frica y sus consecuencias.<\/p>\n","protected":false},"author":2588,"featured_media":158,"comment_status":"open","ping_status":"open","sticky":false,"template":"","format":"standard","meta":{"ngg_post_thumbnail":0,"footnotes":""},"categories":[380],"tags":[11239,733188,4150,469713,471657],"aioseo_notices":[],"_links":{"self":[{"href":"https:\/\/blogsaverroes.juntadeandalucia.es\/oscarprofesociales\/wp-json\/wp\/v2\/posts\/113"}],"collection":[{"href":"https:\/\/blogsaverroes.juntadeandalucia.es\/oscarprofesociales\/wp-json\/wp\/v2\/posts"}],"about":[{"href":"https:\/\/blogsaverroes.juntadeandalucia.es\/oscarprofesociales\/wp-json\/wp\/v2\/types\/post"}],"author":[{"embeddable":true,"href":"https:\/\/blogsaverroes.juntadeandalucia.es\/oscarprofesociales\/wp-json\/wp\/v2\/users\/2588"}],"replies":[{"embeddable":true,"href":"https:\/\/blogsaverroes.juntadeandalucia.es\/oscarprofesociales\/wp-json\/wp\/v2\/comments?post=113"}],"version-history":[{"count":42,"href":"https:\/\/blogsaverroes.juntadeandalucia.es\/oscarprofesociales\/wp-json\/wp\/v2\/posts\/113\/revisions"}],"predecessor-version":[{"id":1096,"href":"https:\/\/blogsaverroes.juntadeandalucia.es\/oscarprofesociales\/wp-json\/wp\/v2\/posts\/113\/revisions\/1096"}],"wp:featuredmedia":[{"embeddable":true,"href":"https:\/\/blogsaverroes.juntadeandalucia.es\/oscarprofesociales\/wp-json\/wp\/v2\/media\/158"}],"wp:attachment":[{"href":"https:\/\/blogsaverroes.juntadeandalucia.es\/oscarprofesociales\/wp-json\/wp\/v2\/media?parent=113"}],"wp:term":[{"taxonomy":"category","embeddable":true,"href":"https:\/\/blogsaverroes.juntadeandalucia.es\/oscarprofesociales\/wp-json\/wp\/v2\/categories?post=113"},{"taxonomy":"post_tag","embeddable":true,"href":"https:\/\/blogsaverroes.juntadeandalucia.es\/oscarprofesociales\/wp-json\/wp\/v2\/tags?post=113"}],"curies":[{"name":"wp","href":"https:\/\/api.w.org\/{rel}","templated":true}]}}