{"id":1180,"date":"2021-04-10T14:12:10","date_gmt":"2021-04-10T13:12:10","guid":{"rendered":"https:\/\/blogsaverroes.juntadeandalucia.es\/oscarprofesociales\/?p=1180"},"modified":"2021-04-10T20:43:49","modified_gmt":"2021-04-10T19:43:49","slug":"mi-diario-de-mision-del-mooc-gamificacion-en-el-aula-5a-edicion","status":"publish","type":"post","link":"https:\/\/blogsaverroes.juntadeandalucia.es\/oscarprofesociales\/2021\/04\/10\/mi-diario-de-mision-del-mooc-gamificacion-en-el-aula-5a-edicion\/","title":{"rendered":"Mi diario de misi\u00f3n del MOOC \u00abGamificaci\u00f3n en el Aula (5\u00aa edici\u00f3n)\u00bb"},"content":{"rendered":"<p style=\"text-align: justify\"><a href=\"https:\/\/blogsaverroes.juntadeandalucia.es\/oscarprofesociales\/files\/2021\/04\/Captura-de-pantalla-2021-04-10-a-las-15.13.42.png\"><img loading=\"lazy\" decoding=\"async\" class=\"aligncenter wp-image-1204 size-full\" src=\"https:\/\/blogsaverroes.juntadeandalucia.es\/oscarprofesociales\/files\/2021\/04\/Captura-de-pantalla-2021-04-10-a-las-15.13.42.png\" alt=\"\" width=\"794\" height=\"448\" srcset=\"https:\/\/blogsaverroes.juntadeandalucia.es\/oscarprofesociales\/files\/2021\/04\/Captura-de-pantalla-2021-04-10-a-las-15.13.42.png 794w, https:\/\/blogsaverroes.juntadeandalucia.es\/oscarprofesociales\/files\/2021\/04\/Captura-de-pantalla-2021-04-10-a-las-15.13.42-300x169.png 300w, https:\/\/blogsaverroes.juntadeandalucia.es\/oscarprofesociales\/files\/2021\/04\/Captura-de-pantalla-2021-04-10-a-las-15.13.42-768x433.png 768w\" sizes=\"(max-width: 794px) 100vw, 794px\" \/><\/a>Hola a todos, hace unos d\u00edas comenz\u00f3 un <a href=\"http:\/\/educalab.es\/intef\/formacion\/formacion-en-red\/mooc\">MOOC<\/a> o curso masivo abierto y en l\u00ednea del <a href=\"https:\/\/intef.es\">INTEF<\/a> llamado \u00ab<a href=\"https:\/\/enlinea.intef.es\/courses\/course-v1:INTEF+GamificaMooc+2021_ED5\/about\">Gamificaci\u00f3n en el aula (5\u00aa edici\u00f3n)<\/a>\u00ab. Estoy encantado con \u00e9l y estoy aprendiendo mucho.<\/p>\n<p style=\"text-align: justify\">Se trata de crear un&nbsp;diario de misi\u00f3n e ir poniendo cada reto que se pide, como por ejemplo crear un avatar de uno mismo. He estado usando varias apps estos d\u00edas y la que por ahora, m\u00e1s me convence es <a href=\"https:\/\/www.bitmoji.com\">Bitmoji<\/a>.&nbsp;He estado intentando que el avatar se parezca m\u00e1s o menos a m\u00ed probando diferentes expresiones y frases, y el resultado es el siguiente:&nbsp;<\/p>\n\n\t\t<style>\n\t\t\t#gallery-1 {\n\t\t\t\tmargin: auto;\n\t\t\t}\n\t\t\t#gallery-1 .gallery-item {\n\t\t\t\tfloat: left;\n\t\t\t\tmargin-top: 10px;\n\t\t\t\ttext-align: center;\n\t\t\t\twidth: 33%;\n\t\t\t}\n\t\t\t#gallery-1 img {\n\t\t\t\tborder: 2px solid #cfcfcf;\n\t\t\t}\n\t\t\t#gallery-1 .gallery-caption {\n\t\t\t\tmargin-left: 0;\n\t\t\t}\n\t\t\t\/* see gallery_shortcode() in wp-includes\/media.php *\/\n\t\t<\/style>\n\t\t<div id='gallery-1' class='gallery galleryid-1180 gallery-columns-3 gallery-size-thumbnail'><dl class='gallery-item'>\n\t\t\t<dt class='gallery-icon landscape'>\n\t\t\t\t<a href='https:\/\/blogsaverroes.juntadeandalucia.es\/oscarprofesociales\/2021\/04\/10\/mi-diario-de-mision-del-mooc-gamificacion-en-el-aula-5a-edicion\/avatar-sorpresa\/'><img loading=\"lazy\" decoding=\"async\" width=\"150\" height=\"150\" src=\"https:\/\/blogsaverroes.juntadeandalucia.es\/oscarprofesociales\/files\/2021\/04\/Avatar-sorpresa-150x150.jpeg\" class=\"attachment-thumbnail size-thumbnail\" alt=\"\" srcset=\"https:\/\/blogsaverroes.juntadeandalucia.es\/oscarprofesociales\/files\/2021\/04\/Avatar-sorpresa-150x150.jpeg 150w, https:\/\/blogsaverroes.juntadeandalucia.es\/oscarprofesociales\/files\/2021\/04\/Avatar-sorpresa-300x300.jpeg 300w, https:\/\/blogsaverroes.juntadeandalucia.es\/oscarprofesociales\/files\/2021\/04\/Avatar-sorpresa.jpeg 1024w, https:\/\/blogsaverroes.juntadeandalucia.es\/oscarprofesociales\/files\/2021\/04\/Avatar-sorpresa-768x768.jpeg 768w\" sizes=\"(max-width: 150px) 100vw, 150px\" \/><\/a>\n\t\t\t<\/dt><\/dl><dl class='gallery-item'>\n\t\t\t<dt class='gallery-icon landscape'>\n\t\t\t\t<a href='https:\/\/blogsaverroes.juntadeandalucia.es\/oscarprofesociales\/2021\/04\/10\/mi-diario-de-mision-del-mooc-gamificacion-en-el-aula-5a-edicion\/avatar-risa\/'><img loading=\"lazy\" decoding=\"async\" width=\"150\" height=\"150\" src=\"https:\/\/blogsaverroes.juntadeandalucia.es\/oscarprofesociales\/files\/2021\/04\/Avatar-risa-150x150.jpeg\" class=\"attachment-thumbnail size-thumbnail\" alt=\"\" srcset=\"https:\/\/blogsaverroes.juntadeandalucia.es\/oscarprofesociales\/files\/2021\/04\/Avatar-risa-150x150.jpeg 150w, https:\/\/blogsaverroes.juntadeandalucia.es\/oscarprofesociales\/files\/2021\/04\/Avatar-risa-300x300.jpeg 300w, https:\/\/blogsaverroes.juntadeandalucia.es\/oscarprofesociales\/files\/2021\/04\/Avatar-risa.jpeg 1024w, https:\/\/blogsaverroes.juntadeandalucia.es\/oscarprofesociales\/files\/2021\/04\/Avatar-risa-768x768.jpeg 768w\" sizes=\"(max-width: 150px) 100vw, 150px\" \/><\/a>\n\t\t\t<\/dt><\/dl><dl class='gallery-item'>\n\t\t\t<dt class='gallery-icon landscape'>\n\t\t\t\t<a href='https:\/\/blogsaverroes.juntadeandalucia.es\/oscarprofesociales\/2021\/04\/10\/mi-diario-de-mision-del-mooc-gamificacion-en-el-aula-5a-edicion\/avatar-pensativo\/'><img loading=\"lazy\" decoding=\"async\" width=\"150\" height=\"150\" src=\"https:\/\/blogsaverroes.juntadeandalucia.es\/oscarprofesociales\/files\/2021\/04\/Avatar-pensativo-150x150.jpeg\" class=\"attachment-thumbnail size-thumbnail\" alt=\"\" srcset=\"https:\/\/blogsaverroes.juntadeandalucia.es\/oscarprofesociales\/files\/2021\/04\/Avatar-pensativo-150x150.jpeg 150w, https:\/\/blogsaverroes.juntadeandalucia.es\/oscarprofesociales\/files\/2021\/04\/Avatar-pensativo-300x300.jpeg 300w, https:\/\/blogsaverroes.juntadeandalucia.es\/oscarprofesociales\/files\/2021\/04\/Avatar-pensativo.jpeg 1024w, https:\/\/blogsaverroes.juntadeandalucia.es\/oscarprofesociales\/files\/2021\/04\/Avatar-pensativo-768x768.jpeg 768w\" sizes=\"(max-width: 150px) 100vw, 150px\" \/><\/a>\n\t\t\t<\/dt><\/dl><br style=\"clear: both\" \/>\n\t\t<\/div>\n\n\n\t\t<style>\n\t\t\t#gallery-2 {\n\t\t\t\tmargin: auto;\n\t\t\t}\n\t\t\t#gallery-2 .gallery-item {\n\t\t\t\tfloat: left;\n\t\t\t\tmargin-top: 10px;\n\t\t\t\ttext-align: center;\n\t\t\t\twidth: 33%;\n\t\t\t}\n\t\t\t#gallery-2 img {\n\t\t\t\tborder: 2px solid #cfcfcf;\n\t\t\t}\n\t\t\t#gallery-2 .gallery-caption {\n\t\t\t\tmargin-left: 0;\n\t\t\t}\n\t\t\t\/* see gallery_shortcode() in wp-includes\/media.php *\/\n\t\t<\/style>\n\t\t<div id='gallery-2' class='gallery galleryid-1180 gallery-columns-3 gallery-size-thumbnail'><dl class='gallery-item'>\n\t\t\t<dt class='gallery-icon landscape'>\n\t\t\t\t<a href='https:\/\/blogsaverroes.juntadeandalucia.es\/oscarprofesociales\/2021\/04\/10\/mi-diario-de-mision-del-mooc-gamificacion-en-el-aula-5a-edicion\/avatar-saludo\/'><img loading=\"lazy\" decoding=\"async\" width=\"150\" height=\"150\" src=\"https:\/\/blogsaverroes.juntadeandalucia.es\/oscarprofesociales\/files\/2021\/04\/Avatar-saludo-150x150.jpeg\" class=\"attachment-thumbnail size-thumbnail\" alt=\"\" srcset=\"https:\/\/blogsaverroes.juntadeandalucia.es\/oscarprofesociales\/files\/2021\/04\/Avatar-saludo-150x150.jpeg 150w, https:\/\/blogsaverroes.juntadeandalucia.es\/oscarprofesociales\/files\/2021\/04\/Avatar-saludo-300x300.jpeg 300w, https:\/\/blogsaverroes.juntadeandalucia.es\/oscarprofesociales\/files\/2021\/04\/Avatar-saludo.jpeg 1024w, https:\/\/blogsaverroes.juntadeandalucia.es\/oscarprofesociales\/files\/2021\/04\/Avatar-saludo-768x768.jpeg 768w\" sizes=\"(max-width: 150px) 100vw, 150px\" \/><\/a>\n\t\t\t<\/dt><\/dl><dl class='gallery-item'>\n\t\t\t<dt class='gallery-icon landscape'>\n\t\t\t\t<a href='https:\/\/blogsaverroes.juntadeandalucia.es\/oscarprofesociales\/2021\/04\/10\/mi-diario-de-mision-del-mooc-gamificacion-en-el-aula-5a-edicion\/avatar-alguna-pregunta\/'><img loading=\"lazy\" decoding=\"async\" width=\"150\" height=\"150\" src=\"https:\/\/blogsaverroes.juntadeandalucia.es\/oscarprofesociales\/files\/2021\/04\/Avatar-alguna-pregunta-150x150.jpeg\" class=\"attachment-thumbnail size-thumbnail\" alt=\"\" srcset=\"https:\/\/blogsaverroes.juntadeandalucia.es\/oscarprofesociales\/files\/2021\/04\/Avatar-alguna-pregunta-150x150.jpeg 150w, https:\/\/blogsaverroes.juntadeandalucia.es\/oscarprofesociales\/files\/2021\/04\/Avatar-alguna-pregunta-300x300.jpeg 300w, https:\/\/blogsaverroes.juntadeandalucia.es\/oscarprofesociales\/files\/2021\/04\/Avatar-alguna-pregunta.jpeg 1024w, https:\/\/blogsaverroes.juntadeandalucia.es\/oscarprofesociales\/files\/2021\/04\/Avatar-alguna-pregunta-768x768.jpeg 768w\" sizes=\"(max-width: 150px) 100vw, 150px\" \/><\/a>\n\t\t\t<\/dt><\/dl><dl class='gallery-item'>\n\t\t\t<dt class='gallery-icon landscape'>\n\t\t\t\t<a href='https:\/\/blogsaverroes.juntadeandalucia.es\/oscarprofesociales\/2021\/04\/10\/mi-diario-de-mision-del-mooc-gamificacion-en-el-aula-5a-edicion\/avatar-contenido-de-calidad\/'><img loading=\"lazy\" decoding=\"async\" width=\"150\" height=\"150\" src=\"https:\/\/blogsaverroes.juntadeandalucia.es\/oscarprofesociales\/files\/2021\/04\/Avatar-contenido-de-calidad-150x150.jpeg\" class=\"attachment-thumbnail size-thumbnail\" alt=\"\" srcset=\"https:\/\/blogsaverroes.juntadeandalucia.es\/oscarprofesociales\/files\/2021\/04\/Avatar-contenido-de-calidad-150x150.jpeg 150w, https:\/\/blogsaverroes.juntadeandalucia.es\/oscarprofesociales\/files\/2021\/04\/Avatar-contenido-de-calidad-300x300.jpeg 300w, https:\/\/blogsaverroes.juntadeandalucia.es\/oscarprofesociales\/files\/2021\/04\/Avatar-contenido-de-calidad.jpeg 398w\" sizes=\"(max-width: 150px) 100vw, 150px\" \/><\/a>\n\t\t\t<\/dt><\/dl><br style=\"clear: both\" \/>\n\t\t<\/div>\n\n<p style=\"text-align: justify\">&nbsp;<\/p>\n<p>&nbsp;<\/p>\n<p>Creo que salgo m\u00e1s joven de lo que realmente soy, pero considero que me ser\u00e1 \u00fatil tanto para el curso como para mis clases.&nbsp;<\/p>\n<p>En breve, continuar\u00e9 con el siguiente reto que es la curaci\u00f3n de contenidos. \u00a1Un saludo a tod@s!<\/p>\n<p>&nbsp;<\/p>\n","protected":false},"excerpt":{"rendered":"<p>Aqu\u00ed comienza mi diario de misi\u00f3n dentro del curso \u00abGamificaci\u00f3n en el aula-5\u00aa edici\u00f3n\u00bb del INTEF. Mi primer reto ha sido crearme un avatar. <\/p>\n","protected":false},"author":2588,"featured_media":1204,"comment_status":"open","ping_status":"open","sticky":false,"template":"","format":"standard","meta":{"ngg_post_thumbnail":0,"footnotes":""},"categories":[1278210],"tags":[],"aioseo_notices":[],"_links":{"self":[{"href":"https:\/\/blogsaverroes.juntadeandalucia.es\/oscarprofesociales\/wp-json\/wp\/v2\/posts\/1180"}],"collection":[{"href":"https:\/\/blogsaverroes.juntadeandalucia.es\/oscarprofesociales\/wp-json\/wp\/v2\/posts"}],"about":[{"href":"https:\/\/blogsaverroes.juntadeandalucia.es\/oscarprofesociales\/wp-json\/wp\/v2\/types\/post"}],"author":[{"embeddable":true,"href":"https:\/\/blogsaverroes.juntadeandalucia.es\/oscarprofesociales\/wp-json\/wp\/v2\/users\/2588"}],"replies":[{"embeddable":true,"href":"https:\/\/blogsaverroes.juntadeandalucia.es\/oscarprofesociales\/wp-json\/wp\/v2\/comments?post=1180"}],"version-history":[{"count":6,"href":"https:\/\/blogsaverroes.juntadeandalucia.es\/oscarprofesociales\/wp-json\/wp\/v2\/posts\/1180\/revisions"}],"predecessor-version":[{"id":1213,"href":"https:\/\/blogsaverroes.juntadeandalucia.es\/oscarprofesociales\/wp-json\/wp\/v2\/posts\/1180\/revisions\/1213"}],"wp:featuredmedia":[{"embeddable":true,"href":"https:\/\/blogsaverroes.juntadeandalucia.es\/oscarprofesociales\/wp-json\/wp\/v2\/media\/1204"}],"wp:attachment":[{"href":"https:\/\/blogsaverroes.juntadeandalucia.es\/oscarprofesociales\/wp-json\/wp\/v2\/media?parent=1180"}],"wp:term":[{"taxonomy":"category","embeddable":true,"href":"https:\/\/blogsaverroes.juntadeandalucia.es\/oscarprofesociales\/wp-json\/wp\/v2\/categories?post=1180"},{"taxonomy":"post_tag","embeddable":true,"href":"https:\/\/blogsaverroes.juntadeandalucia.es\/oscarprofesociales\/wp-json\/wp\/v2\/tags?post=1180"}],"curies":[{"name":"wp","href":"https:\/\/api.w.org\/{rel}","templated":true}]}}