{"id":12,"date":"2015-12-13T21:11:00","date_gmt":"2015-12-13T20:11:00","guid":{"rendered":"http:\/\/blogsaverroes.juntadeandalucia.es\/oscarprofesociales\/?p=12"},"modified":"2016-01-09T19:22:48","modified_gmt":"2016-01-09T18:22:48","slug":"guerra-de-la-independencia-y-constitucion-de-1812","status":"publish","type":"post","link":"https:\/\/blogsaverroes.juntadeandalucia.es\/oscarprofesociales\/2015\/12\/13\/guerra-de-la-independencia-y-constitucion-de-1812\/","title":{"rendered":"Guerra de la Independencia y Constituci\u00f3n de 1812"},"content":{"rendered":"<p style=\"text-align: justify\">Hoy vamos a hablar de un importante episodio de la Historia Contempor\u00e1nea de Espa\u00f1a ocurrido en el siglo XIX, se trata de la <strong>Guerra de la Independencia<\/strong> (1808-1814) y de la labor legislativa de las Cortes de C\u00e1diz (1810-1813) sobre todo de la <strong>Constituci\u00f3n de 1812, <\/strong>una de las\u00a0primeras constituciones europeas y modelo para muchas otras tanto en nuestro continente como en Am\u00e9rica.\u00a0En primer lugar haremos un resumen o esquema breve de la guerra a modo de repaso r\u00e1pido:<\/p>\n<p style=\"text-align: center\"><strong>GUERRA DE LA INDEPENDENCIA (1808-1814)<\/strong><\/p>\n<table style=\"height: 351px\" width=\"584\">\n<tbody>\n<tr>\n<td style=\"text-align: left\"><strong>Antecedentes (dic 1807-mayo 1808)<\/strong><\/td>\n<\/tr>\n<tr>\n<td>\n<p style=\"text-align: justify\"><span style=\"font-size: 10pt\"><span style=\"text-decoration: underline\">Tratado de Fontainebleau<\/span> (dic 1807): las tropas francesas entran libremente en Espa\u00f1a hacia Portugal.<\/span><\/p>\n<p style=\"text-align: justify\"><span style=\"font-size: 10pt\">Enero-febrero 1808: el ej\u00e9rcito franc\u00e9s comienza a controlar las principales ciudades espa\u00f1olas especialmente Pamplona, Zaragoza y Barcelona.<\/span><\/p>\n<p style=\"text-align: justify\"><span style=\"font-size: 10pt\"><span style=\"text-decoration: underline\">Mot\u00edn de Aranjuez<\/span> (marzo 1808): Fernando VII accede al trono y ca\u00edda de Godoy y abdicaci\u00f3n de Carlos IV en favor de su hijo Fernando.<\/span><\/p>\n<p style=\"text-align: justify\"><span style=\"font-size: 10pt\">Abril-mayo 1808: la familia real es obligada a trasladarse al sur de Francia donde se producen las conocidas como \u00ab<span style=\"text-decoration: underline\">Abdicaciones de Bayona<\/span>\u00bb por las cuales Jos\u00e9 I Bonaparte se convierte en rey de Espa\u00f1a.<\/span><\/p>\n<\/td>\n<\/tr>\n<\/tbody>\n<\/table>\n<div id=\"attachment_222\" style=\"width: 1003px\" class=\"wp-caption aligncenter\"><a href=\"http:\/\/blogsaverroes.juntadeandalucia.es\/oscarprofesociales\/files\/2015\/12\/Guerra-independencia1.jpg\"><img loading=\"lazy\" decoding=\"async\" aria-describedby=\"caption-attachment-222\" class=\"wp-image-222 size-full\" src=\"http:\/\/blogsaverroes.juntadeandalucia.es\/oscarprofesociales\/files\/2015\/12\/Guerra-independencia1.jpg\" alt=\"\" width=\"993\" height=\"533\" srcset=\"https:\/\/blogsaverroes.juntadeandalucia.es\/oscarprofesociales\/files\/2015\/12\/Guerra-independencia1.jpg 993w, https:\/\/blogsaverroes.juntadeandalucia.es\/oscarprofesociales\/files\/2015\/12\/Guerra-independencia1-300x161.jpg 300w\" sizes=\"(max-width: 993px) 100vw, 993px\" \/><\/a><p id=\"caption-attachment-222\" class=\"wp-caption-text\">Esquema-resumen de la Guerra de la Independencia (1808-1814)<\/p><\/div>\n<p>&nbsp;<\/p>\n<div id=\"attachment_20\" style=\"width: 565px\" class=\"wp-caption aligncenter\"><a href=\"http:\/\/blogsaverroes.juntadeandalucia.es\/oscarprofesociales\/files\/2015\/12\/mapa-guerra.png\"><img loading=\"lazy\" decoding=\"async\" aria-describedby=\"caption-attachment-20\" class=\"wp-image-20 size-full\" src=\"http:\/\/blogsaverroes.juntadeandalucia.es\/oscarprofesociales\/files\/2015\/12\/mapa-guerra.png\" alt=\"mapa guerra\" width=\"555\" height=\"529\" srcset=\"https:\/\/blogsaverroes.juntadeandalucia.es\/oscarprofesociales\/files\/2015\/12\/mapa-guerra.png 555w, https:\/\/blogsaverroes.juntadeandalucia.es\/oscarprofesociales\/files\/2015\/12\/mapa-guerra-300x286.png 300w\" sizes=\"(max-width: 555px) 100vw, 555px\" \/><\/a><p id=\"caption-attachment-20\" class=\"wp-caption-text\">Mapa del desarrollo de la Guerra de la Independencia (1808-1814). Editorial Santillana.<\/p><\/div>\n<div id=\"attachment_231\" style=\"width: 956px\" class=\"wp-caption aligncenter\"><a href=\"http:\/\/blogsaverroes.juntadeandalucia.es\/oscarprofesociales\/files\/2015\/12\/Grabado-de-los-Desastres-de-la-Guerra-de-Goya.jpg\"><img loading=\"lazy\" decoding=\"async\" aria-describedby=\"caption-attachment-231\" class=\"size-full wp-image-231\" src=\"http:\/\/blogsaverroes.juntadeandalucia.es\/oscarprofesociales\/files\/2015\/12\/Grabado-de-los-Desastres-de-la-Guerra-de-Goya.jpg\" alt=\"Grabado de la serie de los &quot;Desastres de la Guerra&quot; de Francisco de Goya. \" width=\"946\" height=\"517\" srcset=\"https:\/\/blogsaverroes.juntadeandalucia.es\/oscarprofesociales\/files\/2015\/12\/Grabado-de-los-Desastres-de-la-Guerra-de-Goya.jpg 946w, https:\/\/blogsaverroes.juntadeandalucia.es\/oscarprofesociales\/files\/2015\/12\/Grabado-de-los-Desastres-de-la-Guerra-de-Goya-300x164.jpg 300w\" sizes=\"(max-width: 946px) 100vw, 946px\" \/><\/a><p id=\"caption-attachment-231\" class=\"wp-caption-text\">Grabado de la serie de los \u00abDesastres de la Guerra\u00bb de Francisco de Goya.<\/p><\/div>\n<p style=\"text-align: justify\">Para poder ver m\u00e1s grabados de esta magn\u00edfica serie del genial pintor aragon\u00e9s puedes pinchar en los siguientes enlaces de la<a href=\"http:\/\/www.realacademiabellasartessanfernando.com\/es\/goya\/goya-en-la-calcografia-nacional\/desastres-de-la-guerra\" target=\"_blank\"> Real Academia de Bellas Artes de San Fernando<\/a> y del <a href=\"http:\/\/www.goyaenelprado.es\/obras\/lista\/?tx_gbgonline_pi1%5Bgocollectionids%5D=27\" target=\"_blank\">Museo del Prado<\/a>.<\/p>\n<p style=\"text-align: center\"><strong>Las Cortes Espa\u00f1olas de C\u00e1diz (1810-1813)<\/strong><\/p>\n<p style=\"text-align: justify\"><span style=\"text-decoration: underline\">Composici\u00f3n y funcionamiento:<\/span> Los diputados son de diversa extracci\u00f3n social (clero, abogados, funcionarios, militares, comerciantes&#8230; Reformas hechas por las clases medias. Se re\u00fanen en C\u00e1diz y San Fernando, donde tiene gran fuerza el liberalismo. Las sesiones se incian el 24 de septiembre de 1810 y duran tres a\u00f1os hasta diciembre de 1813, traslad\u00e1ndose en enero de 1814 a Madrid.<\/p>\n<p style=\"text-align: justify\"><span style=\"text-decoration: underline\">Labor legislativa:<\/span> Suponen una ruptura radical con el Antiguo R\u00e9gimen con la proclamaci\u00f3n de la soberan\u00eda nacional y de la igualdad ante la ley, o reformas como la abolici\u00f3n de los se\u00f1or\u00edos, gremios, Inquisici\u00f3n, Mesta, etc., la desamortizaci\u00f3n de bienes del clero o una nueva divisi\u00f3n provincial, as\u00ed como el refrendo de derechos (propiedad) y libertades (econ\u00f3mica, de imprenta).<\/p>\n<p style=\"text-align: justify\"><span style=\"text-decoration: underline\">Constituci\u00f3n de 1812:<\/span> Primera constituci\u00f3n espa\u00f1ola, modelo para Europa y Am\u00e9rica, soberan\u00eda nacional (art\u00edculo 3\u00ba), derechos y libertades civiles, sufragio universal masculino, instituye la religi\u00f3n cat\u00f3lica como la oficial del Estado (confesionalidad, art\u00edculo 12\u00ba), define a Espa\u00f1a como una monarqu\u00eda constitucional moderada (art. 14\u00ba) y establece la divisi\u00f3n o separaci\u00f3n de poderes (arts. 15\u00ba, 16\u00ba y 17\u00ba) . Aunque se aprob\u00f3 el 14 de marzo de 1812, no se lleg\u00f3 a aplicar por motivo de la guerra. A continuaci\u00f3n un breve extracto de la misma:<\/p>\n<p style=\"text-align: center\"><strong>Constituci\u00f3n Espa\u00f1ola de C\u00e1diz (1812)<\/strong><\/p>\n<blockquote>\n<p style=\"text-align: justify\">Las Cortes Generales y Extraordinarias de la Naci\u00f3n espa\u00f1ola, decretan la siguiente Constituci\u00f3n (&#8230;):<\/p>\n<p style=\"text-align: justify\"><strong>Art. 1\u00ba\u00a0<\/strong>La Naci\u00f3n espa\u00f1ola es la reuni\u00f3n de todos los espa\u00f1oles de ambos hemisferios.<\/p>\n<p style=\"text-align: justify\"><b>Art. 2\u00ba\u00a0<\/b>La Naci\u00f3n espa\u00f1ola es libre e independiente, y no es ni puede ser patrimonio de ninguna persona o familia.<\/p>\n<p style=\"text-align: justify\"><b>Art. 3\u00ba\u00a0<\/b>La soberan\u00eda reside esencialmente en la Naci\u00f3n, y, por lo mismo, pertenece a esta exclusivamente el derecho de establecer sus leyes fundamentales.<\/p>\n<p style=\"text-align: justify\"><strong>Art. 4\u00ba\u00a0<\/strong>La Naci\u00f3n est\u00e1 obligada a conservar y proteger las leyes sabias y justas, la libertad civil, la propiedad y los dem\u00e1s derechos leg\u00edtimos de todos los individuos que la componene. (&#8230;)<\/p>\n<p style=\"text-align: justify\"><strong>Art. 8\u00ba\u00a0<\/strong>Tambi\u00e9n est\u00e1 obligado todo espa\u00f1ol, sin distinci\u00f3n alguna, a contribuir en proporci\u00f3n a sus haberes para los gastos del Estado. (&#8230;)<\/p>\n<p style=\"text-align: justify\"><strong>Art. 12\u00ba\u00a0<\/strong>La religi\u00f3n de la Naci\u00f3n espa\u00f1ola es y ser\u00e1 perpetuamente la cat\u00f3lica, apost\u00f3lica, \u00fanica y verdadera. La Naci\u00f3n la protege por leyes sabias y justas, y proh\u00edbe el ejercicio de cualquier otra.<\/p>\n<p style=\"text-align: justify\"><strong>Art. 13\u00ba\u00a0<\/strong>El objeto del Gobierno es la felicidad de la Naci\u00f3n, puesto que el fin \u00faltimo de toda sociedad pol\u00edtica no es otro que el bienestar de los individuos que la componen.<\/p>\n<p style=\"text-align: justify\"><strong>Art. 14\u00ba\u00a0<\/strong>El gobierno de la Naci\u00f3n espa\u00f1ola es una monarqu\u00eda moderada hereditaria.<\/p>\n<p style=\"text-align: justify\"><strong>Art. 15\u00ba\u00a0<\/strong>La potestad de hacer las leyes reside en las Cortes con el rey.<\/p>\n<p style=\"text-align: justify\"><strong>Art. 16\u00ba\u00a0<\/strong>La potestad de hacer ejecutar las leyes reside en el rey.<\/p>\n<p style=\"text-align: justify\"><strong>Art. 17\u00ba\u00a0<\/strong>La potestad de aplicar las leyes en causas civiles y criminales reside en los tribunales establecidos por la ley.<\/p>\n<\/blockquote>\n<p style=\"text-align: justify\">Para ampliar conocimientos sobre los hechos descritos puede acudirse a los siguientes enlaces:<\/p>\n<p style=\"text-align: justify\"><a href=\"http:\/\/iris.cnice.mec.es\/kairos\/ensenanzas\/bachillerato\/espana\/antiguoregimen_02_00.html\" target=\"_blank\">Guerra de la Independencia<\/a>. Para avanzar en los contenidos pinchar en el men\u00fa de la izquierda donde pone \u00abGuerra y revoluci\u00f3n\u00bb y \u00abacciones militares\u00bb o \u00abgrupos pol\u00edticos\u00bb.<\/p>\n<p style=\"text-align: justify\"><a href=\"http:\/\/iris.cnice.mec.es\/kairos\/ensenanzas\/bachillerato\/espana\/antiguoregimen_03_00.html\" target=\"_blank\">Constituci\u00f3n de C\u00e1diz de 1812<\/a>. \u00cddem que el anterior con los apartados \u00abLas Cortes de C\u00e1diz\u00bb, \u00abLa prensa pol\u00edtica\u00bb, \u00abTarea legislativa\u00bb y \u00abLa Pepa\u00bb.<\/p>\n<p style=\"text-align: justify\">Se puede acceder al <a href=\"http:\/\/pedrocolmenero.blogspot.com.es\/2012\/03\/texto-completo-de-la-constitucion-de.html\" target=\"_blank\">texto completo de la Constituci\u00f3n de 1812<\/a> en este enlace al blog del profesor Pedro Colmenero.<\/p>\n<p style=\"text-align: justify\">\n","protected":false},"excerpt":{"rendered":"<p>Explicaci\u00f3n resumida de la Guerra de la Independencia (1808-1814) con mapa incluido y extracto de la Constituci\u00f3n de 1812, con sus caracter\u00edsticas principales y un enlace al texto completo.<\/p>\n","protected":false},"author":2588,"featured_media":231,"comment_status":"open","ping_status":"open","sticky":false,"template":"","format":"standard","meta":{"ngg_post_thumbnail":0,"footnotes":""},"categories":[380],"tags":[24705,489098,7085,656],"aioseo_notices":[],"_links":{"self":[{"href":"https:\/\/blogsaverroes.juntadeandalucia.es\/oscarprofesociales\/wp-json\/wp\/v2\/posts\/12"}],"collection":[{"href":"https:\/\/blogsaverroes.juntadeandalucia.es\/oscarprofesociales\/wp-json\/wp\/v2\/posts"}],"about":[{"href":"https:\/\/blogsaverroes.juntadeandalucia.es\/oscarprofesociales\/wp-json\/wp\/v2\/types\/post"}],"author":[{"embeddable":true,"href":"https:\/\/blogsaverroes.juntadeandalucia.es\/oscarprofesociales\/wp-json\/wp\/v2\/users\/2588"}],"replies":[{"embeddable":true,"href":"https:\/\/blogsaverroes.juntadeandalucia.es\/oscarprofesociales\/wp-json\/wp\/v2\/comments?post=12"}],"version-history":[{"count":24,"href":"https:\/\/blogsaverroes.juntadeandalucia.es\/oscarprofesociales\/wp-json\/wp\/v2\/posts\/12\/revisions"}],"predecessor-version":[{"id":399,"href":"https:\/\/blogsaverroes.juntadeandalucia.es\/oscarprofesociales\/wp-json\/wp\/v2\/posts\/12\/revisions\/399"}],"wp:featuredmedia":[{"embeddable":true,"href":"https:\/\/blogsaverroes.juntadeandalucia.es\/oscarprofesociales\/wp-json\/wp\/v2\/media\/231"}],"wp:attachment":[{"href":"https:\/\/blogsaverroes.juntadeandalucia.es\/oscarprofesociales\/wp-json\/wp\/v2\/media?parent=12"}],"wp:term":[{"taxonomy":"category","embeddable":true,"href":"https:\/\/blogsaverroes.juntadeandalucia.es\/oscarprofesociales\/wp-json\/wp\/v2\/categories?post=12"},{"taxonomy":"post_tag","embeddable":true,"href":"https:\/\/blogsaverroes.juntadeandalucia.es\/oscarprofesociales\/wp-json\/wp\/v2\/tags?post=12"}],"curies":[{"name":"wp","href":"https:\/\/api.w.org\/{rel}","templated":true}]}}