{"id":1215,"date":"2021-04-21T08:58:58","date_gmt":"2021-04-21T07:58:58","guid":{"rendered":"https:\/\/blogsaverroes.juntadeandalucia.es\/oscarprofesociales\/?p=1215"},"modified":"2021-04-22T10:52:06","modified_gmt":"2021-04-22T09:52:06","slug":"la-guerra-fria-1947-1991","status":"publish","type":"post","link":"https:\/\/blogsaverroes.juntadeandalucia.es\/oscarprofesociales\/2021\/04\/21\/la-guerra-fria-1947-1991\/","title":{"rendered":"La guerra fr\u00eda (1947-1991)"},"content":{"rendered":"<p>Pongo una nueva entrada con materiales para 4\u00ba de ESO de Historia sobre la Guerra Fr\u00eda.<\/p>\n<p><a href=\"https:\/\/blogsaverroes.juntadeandalucia.es\/oscarprofesociales\/files\/2021\/04\/Captura-de-pantalla-2020-05-19-a-las-13.19.46.png\"><img loading=\"lazy\" decoding=\"async\" class=\"aligncenter wp-image-1219 size-large\" src=\"https:\/\/blogsaverroes.juntadeandalucia.es\/oscarprofesociales\/files\/2021\/04\/Captura-de-pantalla-2020-05-19-a-las-13.19.46-1024x697.png\" alt=\"\" width=\"1024\" height=\"697\" srcset=\"https:\/\/blogsaverroes.juntadeandalucia.es\/oscarprofesociales\/files\/2021\/04\/Captura-de-pantalla-2020-05-19-a-las-13.19.46-1024x697.png 1024w, https:\/\/blogsaverroes.juntadeandalucia.es\/oscarprofesociales\/files\/2021\/04\/Captura-de-pantalla-2020-05-19-a-las-13.19.46-300x204.png 300w, https:\/\/blogsaverroes.juntadeandalucia.es\/oscarprofesociales\/files\/2021\/04\/Captura-de-pantalla-2020-05-19-a-las-13.19.46-768x523.png 768w, https:\/\/blogsaverroes.juntadeandalucia.es\/oscarprofesociales\/files\/2021\/04\/Captura-de-pantalla-2020-05-19-a-las-13.19.46.png 1055w\" sizes=\"(max-width: 1024px) 100vw, 1024px\" \/><\/a> <a href=\"https:\/\/blogsaverroes.juntadeandalucia.es\/oscarprofesociales\/files\/2021\/04\/Divisi\u00f3n-de-Alemania-.png\"><img loading=\"lazy\" decoding=\"async\" class=\"aligncenter wp-image-1220 size-full\" src=\"https:\/\/blogsaverroes.juntadeandalucia.es\/oscarprofesociales\/files\/2021\/04\/Divisi\u00f3n-de-Alemania-.png\" alt=\"\" width=\"689\" height=\"827\" srcset=\"https:\/\/blogsaverroes.juntadeandalucia.es\/oscarprofesociales\/files\/2021\/04\/Divisi\u00f3n-de-Alemania-.png 689w, https:\/\/blogsaverroes.juntadeandalucia.es\/oscarprofesociales\/files\/2021\/04\/Divisi\u00f3n-de-Alemania--250x300.png 250w\" sizes=\"(max-width: 689px) 100vw, 689px\" \/><\/a> <a href=\"https:\/\/blogsaverroes.juntadeandalucia.es\/oscarprofesociales\/files\/2021\/04\/Divisi\u00f3n-de-Europa.png\"><img loading=\"lazy\" decoding=\"async\" class=\"aligncenter wp-image-1221 size-large\" src=\"https:\/\/blogsaverroes.juntadeandalucia.es\/oscarprofesociales\/files\/2021\/04\/Divisi\u00f3n-de-Europa-1024x658.png\" alt=\"\" width=\"1024\" height=\"658\" srcset=\"https:\/\/blogsaverroes.juntadeandalucia.es\/oscarprofesociales\/files\/2021\/04\/Divisi\u00f3n-de-Europa-1024x658.png 1024w, https:\/\/blogsaverroes.juntadeandalucia.es\/oscarprofesociales\/files\/2021\/04\/Divisi\u00f3n-de-Europa-300x193.png 300w, https:\/\/blogsaverroes.juntadeandalucia.es\/oscarprofesociales\/files\/2021\/04\/Divisi\u00f3n-de-Europa-768x494.png 768w, https:\/\/blogsaverroes.juntadeandalucia.es\/oscarprofesociales\/files\/2021\/04\/Divisi\u00f3n-de-Europa-280x180.png 280w, https:\/\/blogsaverroes.juntadeandalucia.es\/oscarprofesociales\/files\/2021\/04\/Divisi\u00f3n-de-Europa.png 1198w\" sizes=\"(max-width: 1024px) 100vw, 1024px\" \/><\/a> <a href=\"https:\/\/blogsaverroes.juntadeandalucia.es\/oscarprofesociales\/files\/2021\/04\/Divisi\u00f3n-del-mundo-en-bloques-y-principales-crisis-y-guerras-del-periodo-de-la-Guerra-Fr\u00eda-.png\"><img loading=\"lazy\" decoding=\"async\" class=\"aligncenter wp-image-1222 size-large\" src=\"https:\/\/blogsaverroes.juntadeandalucia.es\/oscarprofesociales\/files\/2021\/04\/Divisi\u00f3n-del-mundo-en-bloques-y-principales-crisis-y-guerras-del-periodo-de-la-Guerra-Fr\u00eda--1024x621.png\" alt=\"\" width=\"1024\" height=\"621\" srcset=\"https:\/\/blogsaverroes.juntadeandalucia.es\/oscarprofesociales\/files\/2021\/04\/Divisi\u00f3n-del-mundo-en-bloques-y-principales-crisis-y-guerras-del-periodo-de-la-Guerra-Fr\u00eda--1024x621.png 1024w, https:\/\/blogsaverroes.juntadeandalucia.es\/oscarprofesociales\/files\/2021\/04\/Divisi\u00f3n-del-mundo-en-bloques-y-principales-crisis-y-guerras-del-periodo-de-la-Guerra-Fr\u00eda--300x182.png 300w, https:\/\/blogsaverroes.juntadeandalucia.es\/oscarprofesociales\/files\/2021\/04\/Divisi\u00f3n-del-mundo-en-bloques-y-principales-crisis-y-guerras-del-periodo-de-la-Guerra-Fr\u00eda--768x466.png 768w, https:\/\/blogsaverroes.juntadeandalucia.es\/oscarprofesociales\/files\/2021\/04\/Divisi\u00f3n-del-mundo-en-bloques-y-principales-crisis-y-guerras-del-periodo-de-la-Guerra-Fr\u00eda-.png 1273w\" sizes=\"(max-width: 1024px) 100vw, 1024px\" \/><\/a><\/p>\n<p><a href=\"https:\/\/www.profesorfrancisco.es\/2009\/11\/guerra-fria.html\">Web del Profesor Francisco,<\/a> muy completa y elaborada. &nbsp;Autor: Francisco Ay\u00e9n.&nbsp;<\/p>\n<p><a href=\"http:\/\/www.historiasiglo20.org\/HM\/6-index.htm\">Historiasiglo20.org<\/a>, otra de mis webs preferidas sobre Historia Contempor\u00e1nea. Autor: Juan Carlos Oca\u00f1a.&nbsp;<\/p>\n<p>&nbsp;<\/p>\n<p>V\u00eddeo de Academia Play. Autor: Javier Rubio.&nbsp;<\/p>\n<p><iframe loading=\"lazy\" title=\"La Guerra Fr\u00eda en 7 minutos\" width=\"500\" height=\"281\" src=\"https:\/\/www.youtube.com\/embed\/EXijvhBQ-u8?feature=oembed&#038;wmode=opaque\" frameborder=\"0\" allow=\"accelerometer; autoplay; clipboard-write; encrypted-media; gyroscope; picture-in-picture; web-share\" referrerpolicy=\"strict-origin-when-cross-origin\" allowfullscreen><\/iframe><\/p>\n<p style=\"text-align: center\">&nbsp;<\/p>\n<p style=\"text-align: center\"><span style=\"font-size: 14pt\"><strong>Principales acontecimientos (crisis, guerras o incidentes) de la Guerra Fr\u00eda por etapas:<\/strong> <\/span><\/p>\n<p>&nbsp;<\/p>\n<p><strong>1\u00aa Etapa: <\/strong><\/p>\n<p>Bloqueo de Berl\u00edn (1947-1948) y divisi\u00f3n de Alemania en RDA y RFA (1949)<\/p>\n<p>Revoluci\u00f3n comunista china (1949)<\/p>\n<p>Guerra de Corea (1950-1953)<\/p>\n<p>Guerra de Indochina (1954)<\/p>\n<p>Crisis del Canal de Suez (1956)<\/p>\n<p>Revoluci\u00f3n anticomunista en Hungr\u00eda (1956)<\/p>\n<p><strong>2\u00aa Etapa:<\/strong><\/p>\n<p>Construcci\u00f3n del Muro de Berl\u00edn (1961)<\/p>\n<p>Revoluci\u00f3n cubana (1959) y Crisis de los misiles en Cuba (1962)<\/p>\n<p>Guerra de Vietnam (1963-1973)<\/p>\n<p>La Primavera de Praga o revoluci\u00f3n anticomunista de Checoslovaquia (1968)<\/p>\n<p><strong>3\u00aa Etapa:<\/strong><\/p>\n<p>Guerra de Angola (1975-1991)<\/p>\n<p>Invasi\u00f3n sovi\u00e9tica de Afganist\u00e1n y guerra civil (1979-1991)<\/p>\n<p>Revoluci\u00f3n isl\u00e1mica de Ir\u00e1n (1979)<\/p>\n<p>Ca\u00edda del Muro de Berl\u00edn (1989), reunificaci\u00f3n de Alemania (1990), desintegraci\u00f3n del bloque comunista y de la URSS (1990-91)<\/p>\n<p>&nbsp;<\/p>\n<p>&nbsp;<\/p>\n<p>&nbsp;<\/p>\n","protected":false},"excerpt":{"rendered":"<p>Materiales did\u00e1cticos sobre la Guerra Fr\u00eda, pueden utilizarse tanto para 4\u00ba de ESO como 1\u00ba de Bachillerato. <\/p>\n","protected":false},"author":2588,"featured_media":1220,"comment_status":"open","ping_status":"open","sticky":false,"template":"","format":"standard","meta":{"ngg_post_thumbnail":0,"footnotes":""},"categories":[380],"tags":[733188],"aioseo_notices":[],"_links":{"self":[{"href":"https:\/\/blogsaverroes.juntadeandalucia.es\/oscarprofesociales\/wp-json\/wp\/v2\/posts\/1215"}],"collection":[{"href":"https:\/\/blogsaverroes.juntadeandalucia.es\/oscarprofesociales\/wp-json\/wp\/v2\/posts"}],"about":[{"href":"https:\/\/blogsaverroes.juntadeandalucia.es\/oscarprofesociales\/wp-json\/wp\/v2\/types\/post"}],"author":[{"embeddable":true,"href":"https:\/\/blogsaverroes.juntadeandalucia.es\/oscarprofesociales\/wp-json\/wp\/v2\/users\/2588"}],"replies":[{"embeddable":true,"href":"https:\/\/blogsaverroes.juntadeandalucia.es\/oscarprofesociales\/wp-json\/wp\/v2\/comments?post=1215"}],"version-history":[{"count":7,"href":"https:\/\/blogsaverroes.juntadeandalucia.es\/oscarprofesociales\/wp-json\/wp\/v2\/posts\/1215\/revisions"}],"predecessor-version":[{"id":1246,"href":"https:\/\/blogsaverroes.juntadeandalucia.es\/oscarprofesociales\/wp-json\/wp\/v2\/posts\/1215\/revisions\/1246"}],"wp:featuredmedia":[{"embeddable":true,"href":"https:\/\/blogsaverroes.juntadeandalucia.es\/oscarprofesociales\/wp-json\/wp\/v2\/media\/1220"}],"wp:attachment":[{"href":"https:\/\/blogsaverroes.juntadeandalucia.es\/oscarprofesociales\/wp-json\/wp\/v2\/media?parent=1215"}],"wp:term":[{"taxonomy":"category","embeddable":true,"href":"https:\/\/blogsaverroes.juntadeandalucia.es\/oscarprofesociales\/wp-json\/wp\/v2\/categories?post=1215"},{"taxonomy":"post_tag","embeddable":true,"href":"https:\/\/blogsaverroes.juntadeandalucia.es\/oscarprofesociales\/wp-json\/wp\/v2\/tags?post=1215"}],"curies":[{"name":"wp","href":"https:\/\/api.w.org\/{rel}","templated":true}]}}