{"id":164,"date":"2016-01-02T12:55:04","date_gmt":"2016-01-02T11:55:04","guid":{"rendered":"http:\/\/blogsaverroes.juntadeandalucia.es\/oscarprofesociales\/?p=164"},"modified":"2016-01-03T18:33:35","modified_gmt":"2016-01-03T17:33:35","slug":"analisis-de-conceptos-politicos","status":"publish","type":"post","link":"https:\/\/blogsaverroes.juntadeandalucia.es\/oscarprofesociales\/2016\/01\/02\/analisis-de-conceptos-politicos\/","title":{"rendered":"An\u00e1lisis de conceptos pol\u00edticos"},"content":{"rendered":"<div id=\"attachment_165\" style=\"width: 3014px\" class=\"wp-caption aligncenter\"><a href=\"http:\/\/blogsaverroes.juntadeandalucia.es\/oscarprofesociales\/files\/2016\/01\/mapamundi-politico-paises-del-mundo-mapa-mundo.jpg\"><img loading=\"lazy\" decoding=\"async\" aria-describedby=\"caption-attachment-165\" class=\"wp-image-165 size-full\" src=\"http:\/\/blogsaverroes.juntadeandalucia.es\/oscarprofesociales\/files\/2016\/01\/mapamundi-politico-paises-del-mundo-mapa-mundo.jpg\" alt=\"https:\/\/fotosymapas.files.wordpress.com\/2010\/03\/mapamundi-politico-paises-del-mundo-mapa-mundo.jpg\" width=\"3004\" height=\"1296\" srcset=\"https:\/\/blogsaverroes.juntadeandalucia.es\/oscarprofesociales\/files\/2016\/01\/mapamundi-politico-paises-del-mundo-mapa-mundo.jpg 1600w, https:\/\/blogsaverroes.juntadeandalucia.es\/oscarprofesociales\/files\/2016\/01\/mapamundi-politico-paises-del-mundo-mapa-mundo-300x129.jpg 300w, https:\/\/blogsaverroes.juntadeandalucia.es\/oscarprofesociales\/files\/2016\/01\/mapamundi-politico-paises-del-mundo-mapa-mundo-1024x442.jpg 1024w\" sizes=\"(max-width: 3004px) 100vw, 3004px\" \/><\/a><p id=\"caption-attachment-165\" class=\"wp-caption-text\">Mapa mundi pol\u00edtico<\/p><\/div>\n<p style=\"text-align: justify\">Hoy me centrar\u00e9 en explicar importantes conceptos pol\u00edticos. A la hora de abordar muchas cuestiones hist\u00f3ricas o geogr\u00e1ficas no las entendemos bien al no comprender en profundidad algunos conceptos pol\u00edticos que son clave: <strong>constituci\u00f3n<\/strong>, <strong>democracia<\/strong>\/<strong>dictadura<\/strong>, separaci\u00f3n o <strong>divisi\u00f3n de poderes<\/strong>, <strong>sufragio, soberan\u00eda<\/strong>&#8230; A continuaci\u00f3n intentaremos analizar cada una de ellas.<\/p>\n<p style=\"text-align: justify\">Comenzaremos por el concepto de <strong>estado<\/strong>.\u00a0Un estado de manera muy sencilla puede definirse como <em><span style=\"text-decoration: underline\">un pa\u00eds conformado por tres elementos<\/span><\/em> imprescindibles que no pueden faltar: <em><span style=\"text-decoration: underline\">un territorio, una poblaci\u00f3n y un gobierno<\/span><\/em>. Otra posible definici\u00f3n ser\u00eda la de una unidad pol\u00edtica administrativa y superior que rige un territorio. El problema aparece cuando existen dos de esos elementos pero falta un tercero, por ejemplo poblaci\u00f3n y gobierno pero no territorio como el Kurdist\u00e1n, una naci\u00f3n que se encuentra dispersada en el territorio de varios pa\u00edses (Turqu\u00eda, Siria, Iraq), el <a href=\"https:\/\/pedrocolmenero.wordpress.com\/2009\/12\/12\/%C2%BFque-es-el-sahara-occidental\/\" target=\"_blank\">S\u00e1hara Occidental<\/a> (Rep\u00fablica \u00c1rabe Saharaui) que tiene igualmente un gobierno y una poblaci\u00f3n pero est\u00e1 sometido al gobierno de otro pa\u00eds (Marruecos), o el caso de\u00a0Palestina que es m\u00e1s una unidad pol\u00edtica ficticia al encontrar su territorio dividido en dos (Franja de Gaza y Cisjordania) y ocupada por Israel al reclamar el mismo territorio como parte de su pa\u00eds.\u00a0Pero adem\u00e1s surge el problema de que los estados deben ser reconocidos por otros estados o por organizaciones internacionales como la ONU (Organizaci\u00f3n de Naciones Unidas). As\u00ed existen la mayor\u00eda de los pa\u00edses del mundo pero no siempre son reconocidos por otros por distintas razones, sobre todo pol\u00edticas: es el caso de Taiwan, Corea del Norte, Macedonia, Kosovo, Chipre, Israel o Palestina, entre otros, pa\u00edses que se conocen como \u00abEstados con reconocimiento limitado\u00bb. Existen tambi\u00e9n los conocidos como \u00abestados fallidos\u00bb o estados sin gobierno fruto de una guerra en el presente y que no son propiamente estados al faltar el tercer elemento del que habl\u00e1bamos, el del gobierno: Siria, Iraq, Libia, Somalia, Ucrania&#8230;<\/p>\n<div id=\"attachment_168\" style=\"width: 528px\" class=\"wp-caption aligncenter\"><a href=\"http:\/\/blogsaverroes.juntadeandalucia.es\/oscarprofesociales\/files\/2016\/01\/Estados-reconocimiento-limitado1.jpg\"><img loading=\"lazy\" decoding=\"async\" aria-describedby=\"caption-attachment-168\" class=\"size-full wp-image-168\" src=\"http:\/\/blogsaverroes.juntadeandalucia.es\/oscarprofesociales\/files\/2016\/01\/Estados-reconocimiento-limitado1.jpg\" alt=\"Estados con reconocimiento limitado\" width=\"518\" height=\"253\" srcset=\"https:\/\/blogsaverroes.juntadeandalucia.es\/oscarprofesociales\/files\/2016\/01\/Estados-reconocimiento-limitado1.jpg 518w, https:\/\/blogsaverroes.juntadeandalucia.es\/oscarprofesociales\/files\/2016\/01\/Estados-reconocimiento-limitado1-300x147.jpg 300w\" sizes=\"(max-width: 518px) 100vw, 518px\" \/><\/a><p id=\"caption-attachment-168\" class=\"wp-caption-text\"><strong>Estados con reconocimiento limitado<\/strong><\/p><\/div>\n<p>&nbsp;<\/p>\n<p style=\"text-align: justify\">Una <strong>constituci\u00f3n<\/strong> es la <em><span style=\"text-decoration: underline\">ley fundamental de un Estado que define el r\u00e9gimen b\u00e1sico de los derechos y libertades de los ciudadanos y los poderes e instituciones de la organizaci\u00f3n pol\u00edtica<\/span><\/em>, el tipo de soberan\u00eda, sufragio&#8230; \u00a0Es el principio b\u00e1sico de un estado democr\u00e1tico y establece las \u00abreglas de juego pol\u00edticas\u00bb que rigen un pa\u00eds, no deber\u00eda ser partidista ni beneficiar a ning\u00fan grupo sobre el resto de la ciudadan\u00eda de modo que hubiera una igualdad jur\u00eddica y de derechos entre los ciudadanos, as\u00ed como una verdadera divisi\u00f3n de poderes. Veamos esto en m\u00e1s detalle. En primer lugar se\u00f1alar que la primeras constituciones contempor\u00e1neas y democr\u00e1ticas son las de <a href=\"http:\/\/www.archives.gov\/espanol\/constitucion.html\">Estados Unidos<\/a> (1787) y la de <a href=\"\/Users\/Oscar\/Downloads\/Constituci%C3%B3n%20Francesa%20de%201791.pdf\" target=\"_blank\">Francia<\/a> (1791), fruto de las revoluciones liberales de finales del siglo XVIII y que eran el reflejo de las ideas de pensadores y pol\u00edticos de ambos lados del Atl\u00e1ntico como los <a href=\"http:\/\/www.hiru.eus\/historia\/la-independencia-de-estados-unidos\">estadounidenses<\/a> Benjamin Franklin, John Adams o Thomas Jefferson y de <a href=\"http:\/\/www.hiru.eus\/historia\/la-ilustracion-ii\">ilustrados europeos<\/a> como el bar\u00f3n de Montesquieu, Jean-Jacques Rosseau o Fran\u00e7ois-Marie Arouet, m\u00e1s conocido como Voltaire. En ese sentido comenzaremos hablando de la <strong>soberan\u00eda<\/strong>\u00a0que puede definirse como el \u00ab<em><span style=\"text-decoration: underline\">poder pol\u00edtico supremo que corresponde a un Estado independiente<\/span><\/em>\u00ab, es decir qui\u00e9n tiene la autoridad en un pa\u00eds y de d\u00f3nde procede la legitimidad del Estado. Durante la Ilustraci\u00f3n y el liberalismo cl\u00e1sico que dejaba atr\u00e1s las concepciones del absolutismo mon\u00e1rquico y del Antiguo R\u00e9gimen, <a href=\"https:\/\/www.juandemariana.org\/ijm-actualidad\/analisis-diario\/soberania-nacional-o-soberania-popular\" target=\"_blank\">se distingue entre soberan\u00eda nacional y popular<\/a>. Una premisa fundamental del\u00a0<strong>liberalismo\u00a0<\/strong>es la idea de que los ciudadanos tienen una serie de derechos\u00a0que el poder pol\u00edtico debe respetar y recoger\u00a0en una Constituci\u00f3n. Aunque hay distintas concepciones de c\u00f3mo deben participar los ciudadanos en la vida pol\u00edtica, as\u00ed la Constituci\u00f3n francesa de 1791 establece la <strong>soberan\u00eda nacional<\/strong>\u00a0cuyo titular es la Naci\u00f3n, entidad colectiva indivisible y, por tanto, distinta de los individuos que la componen a fin de restringir la intervenci\u00f3n de los ciudadanos, mal preparados para la vida pol\u00edtica: como ellos no son titulares de ninguna porci\u00f3n de la soberan\u00eda, no tienen ning\u00fan derecho propio a participar en su ejercicio (posibilidad de establecer el sufragio restringido, rechazo del mandato imperativo). Sin embargo, \u00a0Rousseau en su obra \u00ab<a href=\"http:\/\/www.claseshistoria.com\/antiguoregimen\/%2Brousseaucontrato.htm\" target=\"_blank\">El contrato social<\/a>\u00bb (1762) teoriza y habla de la <strong>soberan\u00eda popular<\/strong> que ser\u00eda la ejercida directamente por el pueblo, fruto de la expresi\u00f3n de la voluntad general de \u00a0los ciudadanos de modo que toda ley no ratificada por el pueblo en persona es nula. As\u00ed\u00a0postula una organizaci\u00f3n del Estado en la que de modo efectivo el poder se asiente sobre el consentimiento del pueblo y \u00e9ste pueda determinar la acci\u00f3n del anterior, en el plano organizativo, el principio exige la primac\u00eda de los \u00f3rganos representativos electivos, en particular de las Asambleas legislativas, hist\u00f3ricamente\u00a0ha quedado asociado con la extensi\u00f3n del sufragio, as\u00ed como con un entendimiento de la democracia, en la que la participaci\u00f3n popular no puede limitarse o condicionar su actuaci\u00f3n. Aqu\u00ed un <a href=\"http:\/\/www.editorialestudio.com.ar\/monografias\/mono\/t_del_estado\/Rousseau_y_la_soberan%EDa.htm\" target=\"_blank\">breve resumen con las caracter\u00edsticas de la soberan\u00eda popular<\/a>. Montesquieu en \u00abEl esp\u00edritu de las leyes\u00bb (1748) habla de la <strong><a href=\"http:\/\/recursostic.educacion.es\/secundaria\/edad\/4esohistoria\/quincena3\/textos\/1b-montesquieu.html\" target=\"_blank\">separaci\u00f3n o divisi\u00f3n de poderes<\/a><\/strong> como fundamento para acabar con la tiran\u00eda del Antiguo R\u00e9gimen, si el rey ejerce todo el poder sin l\u00edmites (absolutismo) no hay un buen gobierno. De modo que debe separarse y limitarse su poder, as\u00ed el poder ejecutivo debe ser ejercido por el gobierno, el poder legislativo por un parlamento que debata, elabore y apruebe las leyes y el poder judicial independiente ejercido por los jueces y magistrados en los tribunales de justicia que hagan cumplir las leyes y medien en los posibles conflictos que se den entre los ciudadanos.<\/p>\n<div id=\"attachment_175\" style=\"width: 160px\" class=\"wp-caption alignleft\"><a href=\"http:\/\/blogsaverroes.juntadeandalucia.es\/oscarprofesociales\/files\/2016\/01\/800px-Benjamin_Franklin_1767.jpg\"><img loading=\"lazy\" decoding=\"async\" aria-describedby=\"caption-attachment-175\" class=\"wp-image-175 size-thumbnail\" src=\"http:\/\/blogsaverroes.juntadeandalucia.es\/oscarprofesociales\/files\/2016\/01\/800px-Benjamin_Franklin_1767-150x150.jpg\" alt=\"Benjamin Franklin\" width=\"150\" height=\"150\" srcset=\"https:\/\/blogsaverroes.juntadeandalucia.es\/oscarprofesociales\/files\/2016\/01\/800px-Benjamin_Franklin_1767-150x150.jpg 150w, https:\/\/blogsaverroes.juntadeandalucia.es\/oscarprofesociales\/files\/2016\/01\/800px-Benjamin_Franklin_1767-100x100.jpg 100w\" sizes=\"(max-width: 150px) 100vw, 150px\" \/><\/a><p id=\"caption-attachment-175\" class=\"wp-caption-text\">Benjamin Franklin<\/p><\/div>\n<div id=\"attachment_179\" style=\"width: 160px\" class=\"wp-caption alignright\"><a href=\"http:\/\/blogsaverroes.juntadeandalucia.es\/oscarprofesociales\/files\/2016\/01\/Thomas_Jefferson_by_Rembrandt_Peale_1800.jpg\"><img loading=\"lazy\" decoding=\"async\" aria-describedby=\"caption-attachment-179\" class=\"size-thumbnail wp-image-179\" src=\"http:\/\/blogsaverroes.juntadeandalucia.es\/oscarprofesociales\/files\/2016\/01\/Thomas_Jefferson_by_Rembrandt_Peale_1800-150x150.jpg\" alt=\"Thomas Jefferson\" width=\"150\" height=\"150\" srcset=\"https:\/\/blogsaverroes.juntadeandalucia.es\/oscarprofesociales\/files\/2016\/01\/Thomas_Jefferson_by_Rembrandt_Peale_1800-150x150.jpg 150w, https:\/\/blogsaverroes.juntadeandalucia.es\/oscarprofesociales\/files\/2016\/01\/Thomas_Jefferson_by_Rembrandt_Peale_1800-100x100.jpg 100w\" sizes=\"(max-width: 150px) 100vw, 150px\" \/><\/a><p id=\"caption-attachment-179\" class=\"wp-caption-text\">Thomas Jefferson<\/p><\/div>\n<div id=\"attachment_178\" style=\"width: 160px\" class=\"wp-caption aligncenter\"><a href=\"http:\/\/blogsaverroes.juntadeandalucia.es\/oscarprofesociales\/files\/2016\/01\/JohnAdams_2nd_US_President.jpg\"><img loading=\"lazy\" decoding=\"async\" aria-describedby=\"caption-attachment-178\" class=\"size-thumbnail wp-image-178\" src=\"http:\/\/blogsaverroes.juntadeandalucia.es\/oscarprofesociales\/files\/2016\/01\/JohnAdams_2nd_US_President-150x150.jpg\" alt=\"John Adams\" width=\"150\" height=\"150\" srcset=\"https:\/\/blogsaverroes.juntadeandalucia.es\/oscarprofesociales\/files\/2016\/01\/JohnAdams_2nd_US_President-150x150.jpg 150w, https:\/\/blogsaverroes.juntadeandalucia.es\/oscarprofesociales\/files\/2016\/01\/JohnAdams_2nd_US_President-100x100.jpg 100w\" sizes=\"(max-width: 150px) 100vw, 150px\" \/><\/a><p id=\"caption-attachment-178\" class=\"wp-caption-text\">John Adams<\/p><\/div>\n<p>&nbsp;<\/p>\n<div id=\"attachment_177\" style=\"width: 151px\" class=\"wp-caption alignleft\"><a href=\"http:\/\/blogsaverroes.juntadeandalucia.es\/oscarprofesociales\/files\/2016\/01\/000170952.jpg\"><img loading=\"lazy\" decoding=\"async\" aria-describedby=\"caption-attachment-177\" class=\" wp-image-177\" src=\"http:\/\/blogsaverroes.juntadeandalucia.es\/oscarprofesociales\/files\/2016\/01\/000170952-150x150.jpg\" alt=\"Voltaire\" width=\"141\" height=\"141\" srcset=\"https:\/\/blogsaverroes.juntadeandalucia.es\/oscarprofesociales\/files\/2016\/01\/000170952-150x150.jpg 150w, https:\/\/blogsaverroes.juntadeandalucia.es\/oscarprofesociales\/files\/2016\/01\/000170952-100x100.jpg 100w\" sizes=\"(max-width: 141px) 100vw, 141px\" \/><\/a><p id=\"caption-attachment-177\" class=\"wp-caption-text\">Voltaire<\/p><\/div>\n<div id=\"attachment_176\" style=\"width: 153px\" class=\"wp-caption alignright\"><a href=\"http:\/\/blogsaverroes.juntadeandalucia.es\/oscarprofesociales\/files\/2016\/01\/800px-Jean-Jacques_Rousseau_painted_portrait.jpg\"><img loading=\"lazy\" decoding=\"async\" aria-describedby=\"caption-attachment-176\" class=\" wp-image-176\" src=\"http:\/\/blogsaverroes.juntadeandalucia.es\/oscarprofesociales\/files\/2016\/01\/800px-Jean-Jacques_Rousseau_painted_portrait-150x150.jpg\" alt=\"Jean-Jacques Rousseau\" width=\"143\" height=\"143\" srcset=\"https:\/\/blogsaverroes.juntadeandalucia.es\/oscarprofesociales\/files\/2016\/01\/800px-Jean-Jacques_Rousseau_painted_portrait-150x150.jpg 150w, https:\/\/blogsaverroes.juntadeandalucia.es\/oscarprofesociales\/files\/2016\/01\/800px-Jean-Jacques_Rousseau_painted_portrait-100x100.jpg 100w\" sizes=\"(max-width: 143px) 100vw, 143px\" \/><\/a><p id=\"caption-attachment-176\" class=\"wp-caption-text\">Jean-Jacques Rousseau<\/p><\/div>\n<div id=\"attachment_181\" style=\"width: 138px\" class=\"wp-caption aligncenter\"><a href=\"http:\/\/blogsaverroes.juntadeandalucia.es\/oscarprofesociales\/files\/2016\/01\/Montesquieu.png\"><img loading=\"lazy\" decoding=\"async\" aria-describedby=\"caption-attachment-181\" class=\" wp-image-181\" src=\"http:\/\/blogsaverroes.juntadeandalucia.es\/oscarprofesociales\/files\/2016\/01\/Montesquieu-150x150.png\" alt=\"Bar\u00f3n de Montesquieu\" width=\"128\" height=\"128\" srcset=\"https:\/\/blogsaverroes.juntadeandalucia.es\/oscarprofesociales\/files\/2016\/01\/Montesquieu-150x150.png 150w, https:\/\/blogsaverroes.juntadeandalucia.es\/oscarprofesociales\/files\/2016\/01\/Montesquieu-100x100.png 100w\" sizes=\"(max-width: 128px) 100vw, 128px\" \/><\/a><p id=\"caption-attachment-181\" class=\"wp-caption-text\">Bar\u00f3n de Montesquieu<\/p><\/div>\n<p>&nbsp;<\/p>\n<div id=\"attachment_184\" style=\"width: 259px\" class=\"wp-caption alignleft\"><a href=\"http:\/\/blogsaverroes.juntadeandalucia.es\/oscarprofesociales\/files\/2016\/01\/United_States_Constitution1.jpg\"><img loading=\"lazy\" decoding=\"async\" aria-describedby=\"caption-attachment-184\" class=\"size-medium wp-image-184\" src=\"http:\/\/blogsaverroes.juntadeandalucia.es\/oscarprofesociales\/files\/2016\/01\/United_States_Constitution1-249x300.jpg\" alt=\"http:\/\/www.archives.gov\/espanol\/constitution-es-large.html\" width=\"249\" height=\"300\" srcset=\"https:\/\/blogsaverroes.juntadeandalucia.es\/oscarprofesociales\/files\/2016\/01\/United_States_Constitution1-249x300.jpg 249w, https:\/\/blogsaverroes.juntadeandalucia.es\/oscarprofesociales\/files\/2016\/01\/United_States_Constitution1.jpg 266w\" sizes=\"(max-width: 249px) 100vw, 249px\" \/><\/a><p id=\"caption-attachment-184\" class=\"wp-caption-text\">Ejemplar original de la Constituci\u00f3n de los Estados Unidos de Am\u00e9rica (1787)<\/p><\/div>\n<div id=\"attachment_185\" style=\"width: 188px\" class=\"wp-caption alignright\"><a href=\"http:\/\/blogsaverroes.juntadeandalucia.es\/oscarprofesociales\/files\/2016\/01\/ejemplar_de_la_constitucion_francesa.jpg\"><img loading=\"lazy\" decoding=\"async\" aria-describedby=\"caption-attachment-185\" class=\"size-medium wp-image-185\" src=\"http:\/\/blogsaverroes.juntadeandalucia.es\/oscarprofesociales\/files\/2016\/01\/ejemplar_de_la_constitucion_francesa-178x300.jpg\" alt=\"http:\/\/conmemora.com\/ims\/ejemplar_de_la_constitucion_francesa.jpg\" width=\"178\" height=\"300\" srcset=\"https:\/\/blogsaverroes.juntadeandalucia.es\/oscarprofesociales\/files\/2016\/01\/ejemplar_de_la_constitucion_francesa-178x300.jpg 178w, https:\/\/blogsaverroes.juntadeandalucia.es\/oscarprofesociales\/files\/2016\/01\/ejemplar_de_la_constitucion_francesa.jpg 236w\" sizes=\"(max-width: 178px) 100vw, 178px\" \/><\/a><p id=\"caption-attachment-185\" class=\"wp-caption-text\">Portada de la Constituci\u00f3n Francesa de 1791<\/p><\/div>\n<p>&nbsp;<\/p>\n<p>&nbsp;<\/p>\n<p>&nbsp;<\/p>\n<p>&nbsp;<\/p>\n<p>&nbsp;<\/p>\n<p>&nbsp;<\/p>\n<p>&nbsp;<\/p>\n<p>&nbsp;<\/p>\n<p>&nbsp;<\/p>\n<p>&nbsp;<\/p>\n<p>&nbsp;<\/p>\n<p style=\"text-align: justify\">La primera <a href=\"http:\/\/www.unav.es\/biblioteca\/fondoantiguo\/hufaexp27\/01.html\">constituci\u00f3n espa\u00f1ola es la de 1812<\/a>, obra de las Cortes de C\u00e1diz (1810-1812) en el contexto de la Guerra de la Independencia (1808-1814). En este blog ya <a href=\"http:\/\/blogsaverroes.juntadeandalucia.es\/oscarprofesociales\/2015\/12\/13\/guerra-de-la-independencia-y-constitucion-de-1812\/\" target=\"_blank\">hemos hablado de ella<\/a>. En la actualidad sigue en vigor la de 1978, aunque desde hace meses se habla por parte de algunos partidos pol\u00edticos y colectivos ciudadanos de una posible reforma de la <a href=\"http:\/\/www.congreso.es\/docu\/constituciones\/1978\/1978_cd.pdf\" target=\"_blank\">Constituci\u00f3n de 1978<\/a> fruto del agitado momento pol\u00edtico que vivimos hoy d\u00eda en Espa\u00f1a. Aqu\u00ed la <a href=\"http:\/\/es.euronews.com\/2015\/12\/14\/20d-la-reforma-constitucional-asignatura-pendiente-de-la-democracia-espanola\/\" target=\"_blank\">opini\u00f3n de Antonio Arroyo Gil<\/a>, profesor de Derecho Constitucional de la UNAM.<\/p>\n<div id=\"attachment_187\" style=\"width: 188px\" class=\"wp-caption alignleft\"><a href=\"http:\/\/blogsaverroes.juntadeandalucia.es\/oscarprofesociales\/files\/2016\/01\/FA-280.294_1_g.jpg\"><img loading=\"lazy\" decoding=\"async\" aria-describedby=\"caption-attachment-187\" class=\"wp-image-187 size-medium\" src=\"http:\/\/blogsaverroes.juntadeandalucia.es\/oscarprofesociales\/files\/2016\/01\/FA-280.294_1_g-178x300.jpg\" alt=\"http:\/\/www.unav.es\/biblioteca\/fondoantiguo\/hufaexp27\/imagenes\/FA%20280.294_1_g.jpg\" width=\"178\" height=\"300\" srcset=\"https:\/\/blogsaverroes.juntadeandalucia.es\/oscarprofesociales\/files\/2016\/01\/FA-280.294_1_g-178x300.jpg 178w, https:\/\/blogsaverroes.juntadeandalucia.es\/oscarprofesociales\/files\/2016\/01\/FA-280.294_1_g-608x1024.jpg 608w, https:\/\/blogsaverroes.juntadeandalucia.es\/oscarprofesociales\/files\/2016\/01\/FA-280.294_1_g.jpg 700w\" sizes=\"(max-width: 178px) 100vw, 178px\" \/><\/a><p id=\"caption-attachment-187\" class=\"wp-caption-text\">Ejemplar de la Constituci\u00f3n Espa\u00f1ola (C\u00e1diz, 1812)<\/p><\/div>\n<div id=\"attachment_188\" style=\"width: 211px\" class=\"wp-caption alignleft\"><a href=\"http:\/\/blogsaverroes.juntadeandalucia.es\/oscarprofesociales\/files\/2016\/01\/300px-Constituci\u00f3n_Espa\u00f1ola_de_1978._Primera_P\u00e1gina..jpg\"><img loading=\"lazy\" decoding=\"async\" aria-describedby=\"caption-attachment-188\" class=\"size-medium wp-image-188\" src=\"http:\/\/blogsaverroes.juntadeandalucia.es\/oscarprofesociales\/files\/2016\/01\/300px-Constituci\u00f3n_Espa\u00f1ola_de_1978._Primera_P\u00e1gina.-201x300.jpg\" alt=\"https:\/\/upload.wikimedia.org\/wikipedia\/commons\/thumb\/c\/cb\/Constituci%C3%B3n_Espa%C3%B1ola_de_1978._Primera_P%C3%A1gina..JPG\/300px-Constituci%C3%B3n_Espa%C3%B1ola_de_1978._Primera_P%C3%A1gina..JPG\" width=\"201\" height=\"300\" srcset=\"https:\/\/blogsaverroes.juntadeandalucia.es\/oscarprofesociales\/files\/2016\/01\/300px-Constituci\u00f3n_Espa\u00f1ola_de_1978._Primera_P\u00e1gina.-201x300.jpg 201w, https:\/\/blogsaverroes.juntadeandalucia.es\/oscarprofesociales\/files\/2016\/01\/300px-Constituci\u00f3n_Espa\u00f1ola_de_1978._Primera_P\u00e1gina..jpg 300w\" sizes=\"(max-width: 201px) 100vw, 201px\" \/><\/a><p id=\"caption-attachment-188\" class=\"wp-caption-text\">Portada de la Constituci\u00f3n Espa\u00f1ola de 1978<\/p><\/div>\n<p>&nbsp;<\/p>\n<p>&nbsp;<\/p>\n<p>&nbsp;<\/p>\n<p>&nbsp;<\/p>\n<p>&nbsp;<\/p>\n<p>&nbsp;<\/p>\n<p>&nbsp;<\/p>\n<p>&nbsp;<\/p>\n<p>&nbsp;<\/p>\n<p>&nbsp;<\/p>\n<p>&nbsp;<\/p>\n<p style=\"text-align: justify\">Nos ocuparemos ahora del concepto de sufragio y del sufragismo. El <strong>sufragio<\/strong> est\u00e1 muy vinculado al concepto de soberan\u00eda y c\u00f3mo puede ejercerse ese derecho a trav\u00e9s del voto en las eleccciones. En principio, existen dos tipos de sufragio: el activo (\u00bfqui\u00e9n puede votar?) y el pasivo (\u00bfqui\u00e9n puede ser elegido?) Actualmente y en muchos pa\u00edses est\u00e1n vinculados y la persona que puede votar (ciudadano con mayor\u00eda de edad) puede ser tambi\u00e9n ser elegida, pero no hist\u00f3ricamente no siempre ha sido as\u00ed. En ese sentido se habla del sufragio censitario o restringido y de sufragio universal. Con el primero se entiende que no todos los ciudadanos est\u00e1n preparados para elegir a sus representantes o para serlo de modo que esta concepci\u00f3n conservadora limitaba enormemente el derecho de voto para la mayor\u00eda de los ciudadanos al imponer unas determinadas condiciones (sexo, edad, patrimonio, a veces incluso la raza) para poder votar o ser elegido como representante: ser hombre, tener una determinada edad, ser propietario o tener unas determinadas rentas. El censitario es un tipo de sufragio t\u00edpico del siglo XIX y de principios del XX en Occidente por lo que se habla de la lucha por el derecho de voto. Con el sufragio universal se entiende que cualquier ciudadano puede votar o ser elegido pero se restring\u00eda ese derecho a los hombres por lo que se habla del <strong>sufragismo<\/strong>\u00a0que es el movimiento pol\u00edtico surgido en Gran Breta\u00f1a en la segunda mitad\u00a0del siglo XIX, que defend\u00eda la concesi\u00f3n del derecho\u00a0de voto a la mujer, con el tiempo se extendi\u00f3 el t\u00e9rmino a la\u00a0<a href=\"http:\/\/www.theguardian.com\/global-development\/interactive\/2011\/jul\/06\/un-women-vote-timeline-interactive\" target=\"_blank\">lucha por conseguir el derecho de voto por las mujeres<\/a>\u00a0en todo el mundo. No es hasta finales del siglo XIX cuando algunos paises van concediendo el derecho de voto a las mujeres (Nueva Zelanda, Australia, Finlandia) pero fue en la d\u00e9cada que va de 1910 a 1919 en la cual este derecho se extendi\u00f3 a un gran n\u00famero de pa\u00edses. En Espa\u00f1a las mujeres consiguieron votar a partir de 1931 despu\u00e9s de una larga lucha durante la Segunda Rep\u00fablica por la iniciativa parlamentaria fundamental de la diputada <a href=\"http:\/\/www.uv.es\/~dones\/temasinteres\/historia\/claracampoamor.htm\" target=\"_blank\">Clara Campoamor<\/a>.<\/p>\n<div id=\"attachment_195\" style=\"width: 194px\" class=\"wp-caption aligncenter\"><a href=\"http:\/\/blogsaverroes.juntadeandalucia.es\/oscarprofesociales\/files\/2016\/01\/Emmeline-Pankhurst-sufragette-who-fought-for-the-right-for-women-to-vote.jpg\"><img loading=\"lazy\" decoding=\"async\" aria-describedby=\"caption-attachment-195\" class=\"wp-image-195 size-medium\" src=\"http:\/\/blogsaverroes.juntadeandalucia.es\/oscarprofesociales\/files\/2016\/01\/Emmeline-Pankhurst-sufragette-who-fought-for-the-right-for-women-to-vote-184x300.jpg\" alt=\"http:\/\/i1.mirror.co.uk\/incoming\/article1916136.ece\/ALTERNATES\/s615b\/Emmeline-Pankhurst-sufragette-who-fought-for-the-right-for-women-to-vote.jpg\" width=\"184\" height=\"300\" srcset=\"https:\/\/blogsaverroes.juntadeandalucia.es\/oscarprofesociales\/files\/2016\/01\/Emmeline-Pankhurst-sufragette-who-fought-for-the-right-for-women-to-vote-184x300.jpg 184w, https:\/\/blogsaverroes.juntadeandalucia.es\/oscarprofesociales\/files\/2016\/01\/Emmeline-Pankhurst-sufragette-who-fought-for-the-right-for-women-to-vote.jpg 615w\" sizes=\"(max-width: 184px) 100vw, 184px\" \/><\/a><p id=\"caption-attachment-195\" class=\"wp-caption-text\">La sufragista brit\u00e1nica Emmeline Pankhurst<\/p><\/div>\n<div id=\"attachment_196\" style=\"width: 985px\" class=\"wp-caption alignleft\"><a href=\"http:\/\/blogsaverroes.juntadeandalucia.es\/oscarprofesociales\/files\/2016\/01\/Clara-Campoamor-discurso-Foto-artehistoriacom_EDIIMA20150418_0076_3.jpg\"><img loading=\"lazy\" decoding=\"async\" aria-describedby=\"caption-attachment-196\" class=\"wp-image-196 size-full\" src=\"http:\/\/blogsaverroes.juntadeandalucia.es\/oscarprofesociales\/files\/2016\/01\/Clara-Campoamor-discurso-Foto-artehistoriacom_EDIIMA20150418_0076_3.jpg\" alt=\"http:\/\/images.eldiario.es\/clm\/Clara-Campoamor-discurso-Foto-artehistoriacom_EDIIMA20150418_0076_3.jpg\" width=\"975\" height=\"362\" srcset=\"https:\/\/blogsaverroes.juntadeandalucia.es\/oscarprofesociales\/files\/2016\/01\/Clara-Campoamor-discurso-Foto-artehistoriacom_EDIIMA20150418_0076_3.jpg 975w, https:\/\/blogsaverroes.juntadeandalucia.es\/oscarprofesociales\/files\/2016\/01\/Clara-Campoamor-discurso-Foto-artehistoriacom_EDIIMA20150418_0076_3-300x111.jpg 300w\" sizes=\"(max-width: 975px) 100vw, 975px\" \/><\/a><p id=\"caption-attachment-196\" class=\"wp-caption-text\">Clara Campoamor<\/p><\/div>\n<p>&nbsp;<\/p>\n<p>&nbsp;<\/p>\n<p>&nbsp;<\/p>\n<p>&nbsp;<\/p>\n<p>&nbsp;<\/p>\n<p>&nbsp;<\/p>\n<p>&nbsp;<\/p>\n<div id=\"attachment_199\" style=\"width: 810px\" class=\"wp-caption aligncenter\"><a href=\"http:\/\/blogsaverroes.juntadeandalucia.es\/oscarprofesociales\/files\/2016\/01\/800px-Suffrage_parade-New_York_City-May_6_1912.jpg\"><img loading=\"lazy\" decoding=\"async\" aria-describedby=\"caption-attachment-199\" class=\"wp-image-199 size-full\" src=\"http:\/\/blogsaverroes.juntadeandalucia.es\/oscarprofesociales\/files\/2016\/01\/800px-Suffrage_parade-New_York_City-May_6_1912.jpg\" alt=\"https:\/\/es.wikipedia.org\/wiki\/Sufragete#\/media\/File:Suffrage_parade-New_York_City-May_6_1912.jpg\" width=\"800\" height=\"565\" srcset=\"https:\/\/blogsaverroes.juntadeandalucia.es\/oscarprofesociales\/files\/2016\/01\/800px-Suffrage_parade-New_York_City-May_6_1912.jpg 800w, https:\/\/blogsaverroes.juntadeandalucia.es\/oscarprofesociales\/files\/2016\/01\/800px-Suffrage_parade-New_York_City-May_6_1912-300x212.jpg 300w\" sizes=\"(max-width: 800px) 100vw, 800px\" \/><\/a><p id=\"caption-attachment-199\" class=\"wp-caption-text\">Manifestaci\u00f3n de sufragistas en Estados Unidos en 1912.<\/p><\/div>\n<p>&nbsp;<\/p>\n<p>Os dejo un tambi\u00e9n un v\u00eddeo con el tr\u00e1iler de una pel\u00edcula muy interesante de reciente estreno en Espa\u00f1a que habla del sufragismo en\u00a0Gran Breta\u00f1a.<\/p>\n<p>&nbsp;<\/p>\n<p>https:\/\/youtu.be\/EYQoyv-U1i0<\/p>\n<p>Por \u00faltimo y a modo de resumen, os dejo esta presentaci\u00f3n explicando los conceptos pol\u00edticos abordados en esta entrada.<\/p>\n<p><iframe loading=\"lazy\" title=\"LA ORGANIZACI\u00d3N POL\u00cdTICA DE LAS SOCIEDADES\" src=\"https:\/\/www.slideshare.net\/slideshow\/embed_code\/key\/sJWyFy86JotK5G\" width=\"427\" height=\"356\" frameborder=\"0\" marginwidth=\"0\" marginheight=\"0\" scrolling=\"no\" style=\"border:1px solid #CCC; border-width:1px; margin-bottom:5px; max-width: 100%;\" allowfullscreen> <\/iframe> <\/p>\n<div style=\"margin-bottom:5px\"> <strong> <a href=\"https:\/\/es.slideshare.net\/slideshow\/la-organizacin-poltica-de-las-sociedades11\/13183105\" title=\"LA ORGANIZACI\u00d3N POL\u00cdTICA DE LAS SOCIEDADES\" target=\"_blank\">LA ORGANIZACI\u00d3N POL\u00cdTICA DE LAS SOCIEDADES<\/a> <\/strong> from <strong><a href=\"https:\/\/www.slideshare.net\/pmtorre\" target=\"_blank\">M\u00aa Auxiliadora de la Torre<\/a><\/strong> <\/div>\n<p>&nbsp;<\/p>\n<p>&nbsp;<\/p>\n<p>&nbsp;<\/p>\n<p>&nbsp;<\/p>\n<p>&nbsp;<\/p>\n<p>&nbsp;<\/p>\n<p>&nbsp;<\/p>\n<p>&nbsp;<\/p>\n<p>&nbsp;<\/p>\n","protected":false},"excerpt":{"rendered":"<p>Explicaci\u00f3n de conceptos pol\u00edticos fundamentales como estado, constituci\u00f3n, soberan\u00eda, divisi\u00f3n de poderes o sufragio acompa\u00f1ado de im\u00e1genes, enlaces a textos, v\u00eddeos y presentaciones de im\u00e1genes. <\/p>\n","protected":false},"author":2588,"featured_media":199,"comment_status":"open","ping_status":"open","sticky":false,"template":"","format":"standard","meta":{"ngg_post_thumbnail":0,"footnotes":""},"categories":[2091],"tags":[7166,343055,399,485329,485190],"aioseo_notices":[],"_links":{"self":[{"href":"https:\/\/blogsaverroes.juntadeandalucia.es\/oscarprofesociales\/wp-json\/wp\/v2\/posts\/164"}],"collection":[{"href":"https:\/\/blogsaverroes.juntadeandalucia.es\/oscarprofesociales\/wp-json\/wp\/v2\/posts"}],"about":[{"href":"https:\/\/blogsaverroes.juntadeandalucia.es\/oscarprofesociales\/wp-json\/wp\/v2\/types\/post"}],"author":[{"embeddable":true,"href":"https:\/\/blogsaverroes.juntadeandalucia.es\/oscarprofesociales\/wp-json\/wp\/v2\/users\/2588"}],"replies":[{"embeddable":true,"href":"https:\/\/blogsaverroes.juntadeandalucia.es\/oscarprofesociales\/wp-json\/wp\/v2\/comments?post=164"}],"version-history":[{"count":26,"href":"https:\/\/blogsaverroes.juntadeandalucia.es\/oscarprofesociales\/wp-json\/wp\/v2\/posts\/164\/revisions"}],"predecessor-version":[{"id":229,"href":"https:\/\/blogsaverroes.juntadeandalucia.es\/oscarprofesociales\/wp-json\/wp\/v2\/posts\/164\/revisions\/229"}],"wp:featuredmedia":[{"embeddable":true,"href":"https:\/\/blogsaverroes.juntadeandalucia.es\/oscarprofesociales\/wp-json\/wp\/v2\/media\/199"}],"wp:attachment":[{"href":"https:\/\/blogsaverroes.juntadeandalucia.es\/oscarprofesociales\/wp-json\/wp\/v2\/media?parent=164"}],"wp:term":[{"taxonomy":"category","embeddable":true,"href":"https:\/\/blogsaverroes.juntadeandalucia.es\/oscarprofesociales\/wp-json\/wp\/v2\/categories?post=164"},{"taxonomy":"post_tag","embeddable":true,"href":"https:\/\/blogsaverroes.juntadeandalucia.es\/oscarprofesociales\/wp-json\/wp\/v2\/tags?post=164"}],"curies":[{"name":"wp","href":"https:\/\/api.w.org\/{rel}","templated":true}]}}