{"id":30,"date":"2015-12-26T13:43:57","date_gmt":"2015-12-26T12:43:57","guid":{"rendered":"http:\/\/blogsaverroes.juntadeandalucia.es\/oscarprofesociales\/?p=30"},"modified":"2015-12-28T20:19:32","modified_gmt":"2015-12-28T19:19:32","slug":"repaso-de-geografia-fisica","status":"publish","type":"post","link":"https:\/\/blogsaverroes.juntadeandalucia.es\/oscarprofesociales\/2015\/12\/26\/repaso-de-geografia-fisica\/","title":{"rendered":"Repaso de Geograf\u00eda F\u00edsica"},"content":{"rendered":"<p style=\"text-align: justify\">Hoy haremos un <a href=\"http:\/\/www.slideshare.net\/omarcos\/continentes-y-ocanos\" target=\"_blank\">breve repaso de geograf\u00eda<\/a> con los principales elementos del relieve terrestre por continentes utilizando mapas. Para ello puedes pinchar en el enlace anterior. O bien verlo aqu\u00ed:<\/p>\n<p><iframe loading=\"lazy\" title=\"Continentes y oc\u00e9anos\" src=\"https:\/\/www.slideshare.net\/slideshow\/embed_code\/key\/gxV7CYDzFqqNNv\" width=\"427\" height=\"356\" frameborder=\"0\" marginwidth=\"0\" marginheight=\"0\" scrolling=\"no\" style=\"border:1px solid #CCC; border-width:1px; margin-bottom:5px; max-width: 100%;\" allowfullscreen> <\/iframe> <\/p>\n<div style=\"margin-bottom:5px\"> <strong> <a href=\"https:\/\/es.slideshare.net\/omarcos\/continentes-y-ocanos\" title=\"Continentes y oc\u00e9anos\" target=\"_blank\">Continentes y oc\u00e9anos<\/a> <\/strong> from <strong><a href=\"https:\/\/www.slideshare.net\/omarcos\" target=\"_blank\">\u00d3scar Marcos Jurado<\/a><\/strong> <\/div>\n<p>&nbsp;<\/p>\n<p>&nbsp;<\/p>\n<p>https:\/\/youtu.be\/YGweJdLAm6M<\/p>\n<p>&nbsp;<\/p>\n<p><iframe loading=\"lazy\" title=\"Las formas del relieve\" width=\"500\" height=\"281\" src=\"https:\/\/www.youtube.com\/embed\/4GavORizkdw?feature=oembed&#038;wmode=opaque\" frameborder=\"0\" allow=\"accelerometer; autoplay; clipboard-write; encrypted-media; gyroscope; picture-in-picture; web-share\" referrerpolicy=\"strict-origin-when-cross-origin\" allowfullscreen><\/iframe><\/p>\n<p>https:\/\/youtu.be\/b4Ougpigjfk<\/p>\n<p>https:\/\/youtu.be\/rv6N8bxAF-o<\/p>\n<p>https:\/\/youtu.be\/_ltZPxUKxe0<\/p>\n<p>&nbsp;<\/p>\n<p>https:\/\/youtu.be\/Q5t6khh2x7c<\/p>\n<p>https:\/\/youtu.be\/B3PKEnLggCc<\/p>\n<p style=\"text-align: justify\">A continuaci\u00f3n puedes disfrutar viendo <a href=\"http:\/\/blogsaverroes.juntadeandalucia.es\/oscarprofesociales\/2015\/12\/26\/galeria-de-imagenes\/\" target=\"_blank\">varias im\u00e1genes<\/a> y un v\u00eddeo de paisajes naturales en distintos lugares de la Tierra:<\/p>\n<p>&nbsp;<\/p>\n<div id=\"attachment_37\" style=\"width: 890px\" class=\"wp-caption aligncenter\"><a href=\"http:\/\/blogsaverroes.juntadeandalucia.es\/oscarprofesociales\/files\/2015\/12\/colorado_05.jpg\"><img loading=\"lazy\" decoding=\"async\" aria-describedby=\"caption-attachment-37\" class=\"wp-image-37 size-full\" src=\"http:\/\/blogsaverroes.juntadeandalucia.es\/oscarprofesociales\/files\/2015\/12\/colorado_05.jpg\" alt=\"colorado_05\" width=\"880\" height=\"587\" srcset=\"https:\/\/blogsaverroes.juntadeandalucia.es\/oscarprofesociales\/files\/2015\/12\/colorado_05.jpg 880w, https:\/\/blogsaverroes.juntadeandalucia.es\/oscarprofesociales\/files\/2015\/12\/colorado_05-300x200.jpg 300w\" sizes=\"(max-width: 880px) 100vw, 880px\" \/><\/a><p id=\"caption-attachment-37\" class=\"wp-caption-text\">Gran Ca\u00f1\u00f3n del Colorado<\/p><\/div>\n<div id=\"attachment_35\" style=\"width: 540px\" class=\"wp-caption aligncenter\"><a href=\"http:\/\/blogsaverroes.juntadeandalucia.es\/oscarprofesociales\/files\/2015\/12\/4-emerald-lake.jpg\"><img loading=\"lazy\" decoding=\"async\" aria-describedby=\"caption-attachment-35\" class=\"wp-image-35 size-full\" src=\"http:\/\/blogsaverroes.juntadeandalucia.es\/oscarprofesociales\/files\/2015\/12\/4-emerald-lake.jpg\" alt=\"\" width=\"530\" height=\"314\" srcset=\"https:\/\/blogsaverroes.juntadeandalucia.es\/oscarprofesociales\/files\/2015\/12\/4-emerald-lake.jpg 530w, https:\/\/blogsaverroes.juntadeandalucia.es\/oscarprofesociales\/files\/2015\/12\/4-emerald-lake-300x178.jpg 300w\" sizes=\"(max-width: 530px) 100vw, 530px\" \/><\/a><p id=\"caption-attachment-35\" class=\"wp-caption-text\">Lago Esmeralda<\/p><\/div>\n<div id=\"attachment_28\" style=\"width: 596px\" class=\"wp-caption aligncenter\"><a href=\"http:\/\/blogsaverroes.juntadeandalucia.es\/oscarprofesociales\/files\/2015\/12\/2014-07-28-13.39.45.jpg\"><img loading=\"lazy\" decoding=\"async\" aria-describedby=\"caption-attachment-28\" class=\"wp-image-28 size-large\" src=\"http:\/\/blogsaverroes.juntadeandalucia.es\/oscarprofesociales\/files\/2015\/12\/2014-07-28-13.39.45-1024x768.jpg\" alt=\"\" width=\"586\" height=\"440\" srcset=\"https:\/\/blogsaverroes.juntadeandalucia.es\/oscarprofesociales\/files\/2015\/12\/2014-07-28-13.39.45-1024x768.jpg 1024w, https:\/\/blogsaverroes.juntadeandalucia.es\/oscarprofesociales\/files\/2015\/12\/2014-07-28-13.39.45-300x225.jpg 300w, https:\/\/blogsaverroes.juntadeandalucia.es\/oscarprofesociales\/files\/2015\/12\/2014-07-28-13.39.45.jpg 1600w\" sizes=\"(max-width: 586px) 100vw, 586px\" \/><\/a><p id=\"caption-attachment-28\" class=\"wp-caption-text\">Monta\u00f1a en la cordillera de los Andes (Per\u00fa. Fotograf\u00eda original de \u00d3scar Marcos Jurado.<\/p><\/div>\n<p><a href=\"http:\/\/blogsaverroes.juntadeandalucia.es\/oscarprofesociales\/files\/2015\/12\/8f60f47eb4c4504c8dffaa471f399a03o.jpg\"><img loading=\"lazy\" decoding=\"async\" class=\"aligncenter wp-image-36 size-full\" src=\"http:\/\/blogsaverroes.juntadeandalucia.es\/oscarprofesociales\/files\/2015\/12\/8f60f47eb4c4504c8dffaa471f399a03o.jpg\" alt=\"\" width=\"800\" height=\"600\" srcset=\"https:\/\/blogsaverroes.juntadeandalucia.es\/oscarprofesociales\/files\/2015\/12\/8f60f47eb4c4504c8dffaa471f399a03o.jpg 800w, https:\/\/blogsaverroes.juntadeandalucia.es\/oscarprofesociales\/files\/2015\/12\/8f60f47eb4c4504c8dffaa471f399a03o-300x225.jpg 300w\" sizes=\"(max-width: 800px) 100vw, 800px\" \/><\/a><\/p>\n<p>&nbsp;<\/p>\n<p>Por \u00faltimo os dejo un v\u00eddeo con im\u00e1genes de naturaleza:<\/p>\n<p><iframe loading=\"lazy\" width=\"500\" height=\"375\" src=\"https:\/\/www.youtube.com\/embed\/gVGACUMoBB4?feature=oembed&#038;wmode=opaque\" frameborder=\"0\" allowfullscreen><\/iframe><\/p>\n<p style=\"text-align: justify\">Este v\u00eddeo es una idea de Christine Liboon dentro del <a href=\"http:\/\/ecoescuelalopezneyra.blogspot.com.es\/\">Proyecto Ecoescuela<\/a> del <a href=\"http:\/\/www.ieslopezneyra.com\/\" target=\"_blank\">IES L\u00f3pez Neyra <\/a>de C\u00f3rdoba durante el curso escolar 2011-2012.<\/p>\n","protected":false},"excerpt":{"rendered":"<p>Breve repaso geogr\u00e1fico por continentes con enlace a una presentaci\u00f3n de im\u00e1genes, una galer\u00eda de im\u00e1genes y un v\u00eddeo. <\/p>\n","protected":false},"author":2588,"featured_media":54,"comment_status":"open","ping_status":"open","sticky":false,"template":"","format":"standard","meta":{"ngg_post_thumbnail":0,"footnotes":""},"categories":[74],"tags":[223317,768,733187],"aioseo_notices":[],"_links":{"self":[{"href":"https:\/\/blogsaverroes.juntadeandalucia.es\/oscarprofesociales\/wp-json\/wp\/v2\/posts\/30"}],"collection":[{"href":"https:\/\/blogsaverroes.juntadeandalucia.es\/oscarprofesociales\/wp-json\/wp\/v2\/posts"}],"about":[{"href":"https:\/\/blogsaverroes.juntadeandalucia.es\/oscarprofesociales\/wp-json\/wp\/v2\/types\/post"}],"author":[{"embeddable":true,"href":"https:\/\/blogsaverroes.juntadeandalucia.es\/oscarprofesociales\/wp-json\/wp\/v2\/users\/2588"}],"replies":[{"embeddable":true,"href":"https:\/\/blogsaverroes.juntadeandalucia.es\/oscarprofesociales\/wp-json\/wp\/v2\/comments?post=30"}],"version-history":[{"count":27,"href":"https:\/\/blogsaverroes.juntadeandalucia.es\/oscarprofesociales\/wp-json\/wp\/v2\/posts\/30\/revisions"}],"predecessor-version":[{"id":161,"href":"https:\/\/blogsaverroes.juntadeandalucia.es\/oscarprofesociales\/wp-json\/wp\/v2\/posts\/30\/revisions\/161"}],"wp:featuredmedia":[{"embeddable":true,"href":"https:\/\/blogsaverroes.juntadeandalucia.es\/oscarprofesociales\/wp-json\/wp\/v2\/media\/54"}],"wp:attachment":[{"href":"https:\/\/blogsaverroes.juntadeandalucia.es\/oscarprofesociales\/wp-json\/wp\/v2\/media?parent=30"}],"wp:term":[{"taxonomy":"category","embeddable":true,"href":"https:\/\/blogsaverroes.juntadeandalucia.es\/oscarprofesociales\/wp-json\/wp\/v2\/categories?post=30"},{"taxonomy":"post_tag","embeddable":true,"href":"https:\/\/blogsaverroes.juntadeandalucia.es\/oscarprofesociales\/wp-json\/wp\/v2\/tags?post=30"}],"curies":[{"name":"wp","href":"https:\/\/api.w.org\/{rel}","templated":true}]}}