{"id":428,"date":"2016-04-14T11:29:57","date_gmt":"2016-04-14T10:29:57","guid":{"rendered":"http:\/\/blogsaverroes.juntadeandalucia.es\/oscarprofesociales\/?p=428"},"modified":"2016-05-12T00:33:46","modified_gmt":"2016-05-11T23:33:46","slug":"basura-y-reciclaje","status":"publish","type":"post","link":"https:\/\/blogsaverroes.juntadeandalucia.es\/oscarprofesociales\/2016\/04\/14\/basura-y-reciclaje\/","title":{"rendered":"Basura y reciclaje"},"content":{"rendered":"<div id=\"attachment_442\" style=\"width: 596px\" class=\"wp-caption aligncenter\"><a href=\"http:\/\/blogsaverroes.juntadeandalucia.es\/oscarprofesociales\/files\/2016\/04\/DSCF6894-copia.jpg\"><img loading=\"lazy\" decoding=\"async\" aria-describedby=\"caption-attachment-442\" class=\"wp-image-442 size-large\" src=\"http:\/\/blogsaverroes.juntadeandalucia.es\/oscarprofesociales\/files\/2016\/04\/DSCF6894-copia-1024x768.jpg\" alt=\"Cataratas del Iguaz\u00fa (frontera Argentina-Brasil)\" width=\"586\" height=\"440\" srcset=\"https:\/\/blogsaverroes.juntadeandalucia.es\/oscarprofesociales\/files\/2016\/04\/DSCF6894-copia-1024x768.jpg 1024w, https:\/\/blogsaverroes.juntadeandalucia.es\/oscarprofesociales\/files\/2016\/04\/DSCF6894-copia-300x225.jpg 300w, https:\/\/blogsaverroes.juntadeandalucia.es\/oscarprofesociales\/files\/2016\/04\/DSCF6894-copia.jpg 1600w\" sizes=\"(max-width: 586px) 100vw, 586px\" \/><\/a><p id=\"caption-attachment-442\" class=\"wp-caption-text\">Cataratas del Iguaz\u00fa (frontera Argentina-Brasil)<\/p><\/div>\n<p style=\"text-align: justify\">La sociedad industrial y el sistema econ\u00f3mico capitalista hacen que casi a diario consumamos numerosos productos. En los \u00faltimos treinta a\u00f1os en los pa\u00edses m\u00e1s ricos ha habido un aumento espectacular de los envases en los alimentos y productos que consumimos por lo cual el problema de los residuos es cada vez mayor. La contaminaci\u00f3n industrial y la dependencia del transporte de combustibles de origen f\u00f3sil (hidrocarburos) ha generado tambi\u00e9n un serio problema medioambiental con una alta emisi\u00f3n de gases contaminantes de efecto invernadero (<a href=\"http:\/\/twenergy.com\/a\/las-emisiones-contaminantes-de-los-coches-605\">sobre todo de los autom\u00f3viles<\/a>) y el agujero en la capa de ozono que en conjunto se denomina \u00ab<a href=\"http:\/\/cambioclimaticoglobal.com\/que-es-el-calentamiento-global\">calentamiento global<\/a>\u00bb y que ha llevado al deshielo de glaciares y de los polos hasta el punto de <a href=\"http:\/\/www.elmundo.es\/ciencia\/2016\/04\/11\/570b7d7d46163f6a718b45ed.html\">desplazar el eje de la Tierra<\/a>. Los pl\u00e1sticos y sus derivados tambi\u00e9n causan un <a href=\"http:\/\/cienciadesofa.com\/2013\/11\/isla-de-basura.html\">problema muy serio<\/a>.<\/p>\n<p style=\"text-align: justify\"><a href=\"http:\/\/blogsaverroes.juntadeandalucia.es\/oscarprofesociales\/files\/2016\/04\/dia-del-reciclaje-index.jpg\"><img loading=\"lazy\" decoding=\"async\" class=\"aligncenter wp-image-437 size-full\" src=\"http:\/\/blogsaverroes.juntadeandalucia.es\/oscarprofesociales\/files\/2016\/04\/dia-del-reciclaje-index.jpg\" alt=\"dia-del-reciclaje-index\" width=\"328\" height=\"285\" srcset=\"https:\/\/blogsaverroes.juntadeandalucia.es\/oscarprofesociales\/files\/2016\/04\/dia-del-reciclaje-index.jpg 328w, https:\/\/blogsaverroes.juntadeandalucia.es\/oscarprofesociales\/files\/2016\/04\/dia-del-reciclaje-index-300x261.jpg 300w\" sizes=\"(max-width: 328px) 100vw, 328px\" \/><\/a><\/p>\n<p style=\"text-align: justify\">Los <strong>residuos<\/strong> generan un problema ambiental importante ya desde el momento en que el consumidor los genera. Si hablamos de residuos municipales, el consumidor tiene que deshacerse de la llamada com\u00fanmente \u00ab<strong>basura<\/strong>\u00bb debido a cuestiones de espacio, y en el caso de la fracci\u00f3n org\u00e1nica por los malos olores y por la posible aparici\u00f3n de insectos y otros organismos vivos. Los residuos generados se acumulan de manera temporal en algunos barrios y en otros barrios esperan junto a las v\u00edas p\u00fablicas a ser recogidos por los servicios de limpieza municipales. El grave problema medioambiental se ha intentado solucionar con la adopci\u00f3n del <a href=\"http:\/\/erenovable.com\/origen-y-evolucion-del-protocolo-de-kyoto\/\">Protocolo de Kioto<\/a> firmado en 1997 y que <a href=\"http:\/\/unfccc.int\/portal_espanol\/informacion_basica\/protocolo_de_kyoto\/items\/6215.php\">expir\u00f3 en 2012<\/a>\u00a0y prorrogado hasta finales de 2020\u00a0para dar paso al <a href=\"http:\/\/www.elmundo.es\/ciencia\/2015\/12\/12\/566c43e5ca47415a7e8b464b.html\">Tratado de Par\u00eds <\/a>(diciembre de 2015) en la reuni\u00f3n conocida como <a href=\"http:\/\/www.cop21paris.org\/\">COP21<\/a>.<\/p>\n<p style=\"text-align: justify\"><img loading=\"lazy\" decoding=\"async\" id=\"__wp-temp-img-id\" title=\"\" src=\"http:\/\/carbonmarketwatch.org\/wp-content\/uploads\/2015\/09\/COP-logo-banner.jpg\" alt=\"\" width=\"586\" height=\"217\" \/><\/p>\n<p style=\"text-align: justify\"><strong>Tutorial para hacer jab\u00f3n a partir de aceite usado:<\/strong><\/p>\n<p><iframe loading=\"lazy\" title=\"Tutorial para hacer jabones con aceite usado\" width=\"500\" height=\"281\" src=\"https:\/\/www.youtube.com\/embed\/SyzD5PYgYSk?feature=oembed&#038;wmode=opaque\" frameborder=\"0\" allow=\"accelerometer; autoplay; clipboard-write; encrypted-media; gyroscope; picture-in-picture; web-share\" referrerpolicy=\"strict-origin-when-cross-origin\" allowfullscreen><\/iframe><\/p>\n<p>&nbsp;<\/p>\n<p><iframe loading=\"lazy\" title=\"Plastic Oceans | What is the impact of pollution in the sea?\" width=\"500\" height=\"281\" src=\"https:\/\/www.youtube.com\/embed\/cwTDvqaqPlM?feature=oembed&#038;wmode=opaque\" frameborder=\"0\" allow=\"accelerometer; autoplay; clipboard-write; encrypted-media; gyroscope; picture-in-picture; web-share\" referrerpolicy=\"strict-origin-when-cross-origin\" allowfullscreen><\/iframe><\/p>\n<p>&nbsp;<\/p>\n<p><a href=\"http:\/\/blogsaverroes.juntadeandalucia.es\/oscarprofesociales\/files\/2016\/04\/10-razones-para-reciclar-infografia.jpg\"><img loading=\"lazy\" decoding=\"async\" class=\"aligncenter wp-image-438 size-full\" src=\"http:\/\/blogsaverroes.juntadeandalucia.es\/oscarprofesociales\/files\/2016\/04\/10-razones-para-reciclar-infografia.jpg\" alt=\"10-razones-para-reciclar-infografia\" width=\"886\" height=\"626\" srcset=\"https:\/\/blogsaverroes.juntadeandalucia.es\/oscarprofesociales\/files\/2016\/04\/10-razones-para-reciclar-infografia.jpg 886w, https:\/\/blogsaverroes.juntadeandalucia.es\/oscarprofesociales\/files\/2016\/04\/10-razones-para-reciclar-infografia-300x212.jpg 300w\" sizes=\"(max-width: 886px) 100vw, 886px\" \/><\/a><\/p>\n","protected":false},"excerpt":{"rendered":"<p>El problema de la basura y de la contaminaci\u00f3n, acuerdos para acabar con el calentamiento global e ideas para reciclar.<\/p>\n","protected":false},"author":2588,"featured_media":437,"comment_status":"open","ping_status":"open","sticky":false,"template":"","format":"standard","meta":{"ngg_post_thumbnail":0,"footnotes":""},"categories":[1792],"tags":[733189],"aioseo_notices":[],"_links":{"self":[{"href":"https:\/\/blogsaverroes.juntadeandalucia.es\/oscarprofesociales\/wp-json\/wp\/v2\/posts\/428"}],"collection":[{"href":"https:\/\/blogsaverroes.juntadeandalucia.es\/oscarprofesociales\/wp-json\/wp\/v2\/posts"}],"about":[{"href":"https:\/\/blogsaverroes.juntadeandalucia.es\/oscarprofesociales\/wp-json\/wp\/v2\/types\/post"}],"author":[{"embeddable":true,"href":"https:\/\/blogsaverroes.juntadeandalucia.es\/oscarprofesociales\/wp-json\/wp\/v2\/users\/2588"}],"replies":[{"embeddable":true,"href":"https:\/\/blogsaverroes.juntadeandalucia.es\/oscarprofesociales\/wp-json\/wp\/v2\/comments?post=428"}],"version-history":[{"count":8,"href":"https:\/\/blogsaverroes.juntadeandalucia.es\/oscarprofesociales\/wp-json\/wp\/v2\/posts\/428\/revisions"}],"predecessor-version":[{"id":448,"href":"https:\/\/blogsaverroes.juntadeandalucia.es\/oscarprofesociales\/wp-json\/wp\/v2\/posts\/428\/revisions\/448"}],"wp:featuredmedia":[{"embeddable":true,"href":"https:\/\/blogsaverroes.juntadeandalucia.es\/oscarprofesociales\/wp-json\/wp\/v2\/media\/437"}],"wp:attachment":[{"href":"https:\/\/blogsaverroes.juntadeandalucia.es\/oscarprofesociales\/wp-json\/wp\/v2\/media?parent=428"}],"wp:term":[{"taxonomy":"category","embeddable":true,"href":"https:\/\/blogsaverroes.juntadeandalucia.es\/oscarprofesociales\/wp-json\/wp\/v2\/categories?post=428"},{"taxonomy":"post_tag","embeddable":true,"href":"https:\/\/blogsaverroes.juntadeandalucia.es\/oscarprofesociales\/wp-json\/wp\/v2\/tags?post=428"}],"curies":[{"name":"wp","href":"https:\/\/api.w.org\/{rel}","templated":true}]}}