{"id":449,"date":"2016-05-08T21:48:56","date_gmt":"2016-05-08T20:48:56","guid":{"rendered":"http:\/\/blogsaverroes.juntadeandalucia.es\/oscarprofesociales\/?p=449"},"modified":"2016-05-12T00:33:36","modified_gmt":"2016-05-11T23:33:36","slug":"guerra-civil-espanola-1936-1939","status":"publish","type":"post","link":"https:\/\/blogsaverroes.juntadeandalucia.es\/oscarprofesociales\/2016\/05\/08\/guerra-civil-espanola-1936-1939\/","title":{"rendered":"Guerra civil espa\u00f1ola (1936-1939)"},"content":{"rendered":"<p style=\"text-align: justify\">En esta entrada m\u00e1s que texto me interesa poner material visual (mapas, im\u00e1genes, presentaciones o v\u00eddeos) sobre la <strong>Guerra civil espa\u00f1ola (1936-1939).<\/strong><\/p>\n<p>&nbsp;<\/p>\n<div id=\"attachment_454\" style=\"width: 1010px\" class=\"wp-caption aligncenter\"><a href=\"http:\/\/blogsaverroes.juntadeandalucia.es\/oscarprofesociales\/files\/2016\/05\/Guerra-civil-inicio-AB.jpg\"><img loading=\"lazy\" decoding=\"async\" aria-describedby=\"caption-attachment-454\" class=\"wp-image-454 size-full\" src=\"http:\/\/blogsaverroes.juntadeandalucia.es\/oscarprofesociales\/files\/2016\/05\/Guerra-civil-inicio-AB.jpg\" alt=\"Guerra civil inicio AB\" width=\"1000\" height=\"651\" srcset=\"https:\/\/blogsaverroes.juntadeandalucia.es\/oscarprofesociales\/files\/2016\/05\/Guerra-civil-inicio-AB.jpg 1000w, https:\/\/blogsaverroes.juntadeandalucia.es\/oscarprofesociales\/files\/2016\/05\/Guerra-civil-inicio-AB-300x195.jpg 300w\" sizes=\"(max-width: 1000px) 100vw, 1000px\" \/><\/a><p id=\"caption-attachment-454\" class=\"wp-caption-text\">Situaci\u00f3n de Espa\u00f1a a los pocos d\u00edas de iniciado el golpe de Estado militar de julio de 1936.<\/p><\/div>\n<p><iframe loading=\"lazy\" title=\"Guerra Civil Espa\u00f1ola (1936-1939)\" width=\"500\" height=\"281\" src=\"https:\/\/www.youtube.com\/embed\/aL4iw_xMCg0?feature=oembed&#038;wmode=opaque\" frameborder=\"0\" allow=\"accelerometer; autoplay; clipboard-write; encrypted-media; gyroscope; picture-in-picture; web-share\" referrerpolicy=\"strict-origin-when-cross-origin\" allowfullscreen><\/iframe><\/p>\n<div id=\"attachment_455\" style=\"width: 596px\" class=\"wp-caption aligncenter\"><a href=\"http:\/\/blogsaverroes.juntadeandalucia.es\/oscarprofesociales\/files\/2016\/05\/PAR115311.jpg\"><img loading=\"lazy\" decoding=\"async\" aria-describedby=\"caption-attachment-455\" class=\"wp-image-455 size-large\" src=\"http:\/\/blogsaverroes.juntadeandalucia.es\/oscarprofesociales\/files\/2016\/05\/PAR115311-1024x676.jpg\" alt=\"SPAIN. C\u00f3rdoba front. Early September, 1936. Death of a loyalist militiaman.\" width=\"586\" height=\"387\" srcset=\"https:\/\/blogsaverroes.juntadeandalucia.es\/oscarprofesociales\/files\/2016\/05\/PAR115311-1024x676.jpg 1024w, https:\/\/blogsaverroes.juntadeandalucia.es\/oscarprofesociales\/files\/2016\/05\/PAR115311-300x198.jpg 300w, https:\/\/blogsaverroes.juntadeandalucia.es\/oscarprofesociales\/files\/2016\/05\/PAR115311.jpg 1067w\" sizes=\"(max-width: 586px) 100vw, 586px\" \/><\/a><p id=\"caption-attachment-455\" class=\"wp-caption-text\">SPAIN. C\u00f3rdoba front. Early September, 1936. Death of a loyalist militiaman. \u00a9 Robert Capa http:\/\/www.magnumphotos.com\/C.aspx?VP3=CMS3&amp;VF=MAGO31_10_VForm&amp;ERID=24KL535353<\/p><\/div>\n<p><iframe loading=\"lazy\" src=\"https:\/\/prezi.com\/embed\/y9xi_x0vj1ap\/?bgcolor=ffffff&amp;lock_to_path=0&amp;autoplay=0&amp;autohide_ctrls=0&amp;landing_data=bHVZZmNaNDBIWnNjdEVENDRhZDFNZGNIUE43MHdLNWpsdFJLb2ZHanI0U2taVG1aQWtlU0lCd2JNZDEzMUFvLzlnPT0&amp;landing_sign=RbY4GSr52QTUiio5m053BmAug6n-7gwXM_aV4Uv7hrA\" width=\"600\" height=\"400\" frameborder=\"0\"><\/iframe><\/p>\n<div id=\"attachment_453\" style=\"width: 778px\" class=\"wp-caption aligncenter\"><a href=\"http:\/\/blogsaverroes.juntadeandalucia.es\/oscarprofesociales\/files\/2016\/05\/guerra_civil_1.jpg\"><img loading=\"lazy\" decoding=\"async\" aria-describedby=\"caption-attachment-453\" class=\"wp-image-453 size-full\" src=\"http:\/\/blogsaverroes.juntadeandalucia.es\/oscarprofesociales\/files\/2016\/05\/guerra_civil_1.jpg\" alt=\"guerra_civil_1\" width=\"768\" height=\"576\" srcset=\"https:\/\/blogsaverroes.juntadeandalucia.es\/oscarprofesociales\/files\/2016\/05\/guerra_civil_1.jpg 768w, https:\/\/blogsaverroes.juntadeandalucia.es\/oscarprofesociales\/files\/2016\/05\/guerra_civil_1-300x225.jpg 300w\" sizes=\"(max-width: 768px) 100vw, 768px\" \/><\/a><p id=\"caption-attachment-453\" class=\"wp-caption-text\">Carteles de guerra de ambos bandos.<\/p><\/div>\n<div id=\"attachment_456\" style=\"width: 2115px\" class=\"wp-caption aligncenter\"><a href=\"http:\/\/blogsaverroes.juntadeandalucia.es\/oscarprofesociales\/files\/2016\/05\/DE00050.jpg\"><img loading=\"lazy\" decoding=\"async\" aria-describedby=\"caption-attachment-456\" class=\"wp-image-456 size-full\" src=\"http:\/\/blogsaverroes.juntadeandalucia.es\/oscarprofesociales\/files\/2016\/05\/DE00050.jpg\" alt=\"Guernica, cuadro de Pablo Picasso adquirido por el Estado Espa\u00f1ol en 1937 y conservado actualmente en el Museo Reina Sof\u00eda de Madrid. \" width=\"2105\" height=\"953\" srcset=\"https:\/\/blogsaverroes.juntadeandalucia.es\/oscarprofesociales\/files\/2016\/05\/DE00050.jpg 1600w, https:\/\/blogsaverroes.juntadeandalucia.es\/oscarprofesociales\/files\/2016\/05\/DE00050-300x136.jpg 300w, https:\/\/blogsaverroes.juntadeandalucia.es\/oscarprofesociales\/files\/2016\/05\/DE00050-1024x464.jpg 1024w\" sizes=\"(max-width: 2105px) 100vw, 2105px\" \/><\/a><p id=\"caption-attachment-456\" class=\"wp-caption-text\">Guernica, cuadro de Pablo Picasso adquirido por el Estado Espa\u00f1ol en 1937 y conservado actualmente en el Museo Reina Sof\u00eda de Madrid. http:\/\/www.museoreinasofia.es\/coleccion\/obra\/guernica<\/p><\/div>\n<div id=\"attachment_464\" style=\"width: 239px\" class=\"wp-caption aligncenter\"><a href=\"http:\/\/blogsaverroes.juntadeandalucia.es\/oscarprofesociales\/files\/2016\/05\/DE01116.jpg\"><img loading=\"lazy\" decoding=\"async\" aria-describedby=\"caption-attachment-464\" class=\"wp-image-464 size-medium\" src=\"http:\/\/blogsaverroes.juntadeandalucia.es\/oscarprofesociales\/files\/2016\/05\/DE01116-229x300.jpg\" alt=\"Cartel de Joan Mir\u00f3. Colecci\u00f3n Museo Reina Sof\u00eda. http:\/\/www.museoreinasofia.es\/coleccion\/obra\/aidez-lespagne-ayudad-espana\" width=\"229\" height=\"300\" srcset=\"https:\/\/blogsaverroes.juntadeandalucia.es\/oscarprofesociales\/files\/2016\/05\/DE01116-229x300.jpg 229w, https:\/\/blogsaverroes.juntadeandalucia.es\/oscarprofesociales\/files\/2016\/05\/DE01116-781x1024.jpg 781w, https:\/\/blogsaverroes.juntadeandalucia.es\/oscarprofesociales\/files\/2016\/05\/DE01116.jpg 1220w\" sizes=\"(max-width: 229px) 100vw, 229px\" \/><\/a><p id=\"caption-attachment-464\" class=\"wp-caption-text\">Cartel de Joan Mir\u00f3. Colecci\u00f3n Museo Reina Sof\u00eda. http:\/\/www.museoreinasofia.es\/coleccion\/obra\/aidez-lespagne-ayudad-espana<\/p><\/div>\n<p style=\"text-align: justify\">Los carteles de propaganda durante la guerra civil en ambos bandos fue muy numerosa interviniendo en su dise\u00f1o numerosos autores, muchos de los cuales permanecen en el anonimato. Sin embargo algunos destacaron en su labor como <a href=\"http:\/\/www.arte.sbhac.net\/Carteles\/Cartelistas\/Renau\/Renau.htm\">Josep Renau<\/a> en el bando republicano y <a href=\"http:\/\/espaciocusachs.blogspot.com.es\/2010\/01\/carlos-saenz-de-tejada-y-el-peso-del.html\">Carlos S\u00e1enz de Tejada<\/a> en el nacional. Enlaces para ver una recopilaci\u00f3n de <a href=\"http:\/\/pares.mcu.es\/cartelesGC\/AdminControlServlet?COP=6\">carteles de la guerra civi<\/a>l: <a href=\"http:\/\/www.guerracivil.org\/Carteles\/Index.htm\">republicanos<\/a>\u00a0y\u00a0<a href=\"http:\/\/centros1.pntic.mec.es\/ies.maria.moliner3\/guerra\/nacional.htm\">nacionales<\/a>. M\u00e1s enlaces aqu\u00ed y espec\u00edficos sobre <a href=\"http:\/\/www.monografica.org\/02\/Art%C3%ADculo\/4203\">Renau<\/a>\u00a0y <a href=\"http:\/\/www.museoreinasofia.es\/coleccion\/obra\/ataque-republicano-sitiados-santuario-nuestra-senora-cabeza\">S\u00e1enz de Tejada<\/a>. Y un art\u00edculo denominado <a href=\"http:\/\/www.arte.sbhac.net\/Carteles\/ArteYPro.htm\">Arte y propaganda en la Guerra Civil Espa\u00f1ola.<\/a><\/p>\n\n\t\t<style>\n\t\t\t#gallery-1 {\n\t\t\t\tmargin: auto;\n\t\t\t}\n\t\t\t#gallery-1 .gallery-item {\n\t\t\t\tfloat: left;\n\t\t\t\tmargin-top: 10px;\n\t\t\t\ttext-align: center;\n\t\t\t\twidth: 25%;\n\t\t\t}\n\t\t\t#gallery-1 img {\n\t\t\t\tborder: 2px solid #cfcfcf;\n\t\t\t}\n\t\t\t#gallery-1 .gallery-caption {\n\t\t\t\tmargin-left: 0;\n\t\t\t}\n\t\t\t\/* see gallery_shortcode() in wp-includes\/media.php *\/\n\t\t<\/style>\n\t\t<div id='gallery-1' class='gallery galleryid-449 gallery-columns-4 gallery-size-medium'><dl class='gallery-item'>\n\t\t\t<dt class='gallery-icon portrait'>\n\t\t\t\t<a href='https:\/\/blogsaverroes.juntadeandalucia.es\/oscarprofesociales\/files\/2016\/05\/renau-ej\u00e9rcito-popular.jpg'><img loading=\"lazy\" decoding=\"async\" width=\"219\" height=\"300\" src=\"https:\/\/blogsaverroes.juntadeandalucia.es\/oscarprofesociales\/files\/2016\/05\/renau-ej\u00e9rcito-popular-219x300.jpg\" class=\"attachment-medium size-medium\" alt=\"\" srcset=\"https:\/\/blogsaverroes.juntadeandalucia.es\/oscarprofesociales\/files\/2016\/05\/renau-ej\u00e9rcito-popular-219x300.jpg 219w, https:\/\/blogsaverroes.juntadeandalucia.es\/oscarprofesociales\/files\/2016\/05\/renau-ej\u00e9rcito-popular.jpg 235w\" sizes=\"(max-width: 219px) 100vw, 219px\" \/><\/a>\n\t\t\t<\/dt><\/dl><dl class='gallery-item'>\n\t\t\t<dt class='gallery-icon portrait'>\n\t\t\t\t<a href='https:\/\/blogsaverroes.juntadeandalucia.es\/oscarprofesociales\/files\/2016\/05\/renau2.jpg'><img loading=\"lazy\" decoding=\"async\" width=\"215\" height=\"300\" src=\"https:\/\/blogsaverroes.juntadeandalucia.es\/oscarprofesociales\/files\/2016\/05\/renau2-215x300.jpg\" class=\"attachment-medium size-medium\" alt=\"\" srcset=\"https:\/\/blogsaverroes.juntadeandalucia.es\/oscarprofesociales\/files\/2016\/05\/renau2-215x300.jpg 215w, https:\/\/blogsaverroes.juntadeandalucia.es\/oscarprofesociales\/files\/2016\/05\/renau2.jpg 260w\" sizes=\"(max-width: 215px) 100vw, 215px\" \/><\/a>\n\t\t\t<\/dt><\/dl><dl class='gallery-item'>\n\t\t\t<dt class='gallery-icon portrait'>\n\t\t\t\t<a href='https:\/\/blogsaverroes.juntadeandalucia.es\/oscarprofesociales\/files\/2016\/05\/Renau_Cartel.jpg'><img loading=\"lazy\" decoding=\"async\" width=\"208\" height=\"300\" src=\"https:\/\/blogsaverroes.juntadeandalucia.es\/oscarprofesociales\/files\/2016\/05\/Renau_Cartel-208x300.jpg\" class=\"attachment-medium size-medium\" alt=\"\" \/><\/a>\n\t\t\t<\/dt><\/dl><dl class='gallery-item'>\n\t\t\t<dt class='gallery-icon landscape'>\n\t\t\t\t<a href='https:\/\/blogsaverroes.juntadeandalucia.es\/oscarprofesociales\/files\/2016\/05\/Renau.jpg'><img loading=\"lazy\" decoding=\"async\" width=\"300\" height=\"246\" src=\"https:\/\/blogsaverroes.juntadeandalucia.es\/oscarprofesociales\/files\/2016\/05\/Renau-300x246.jpg\" class=\"attachment-medium size-medium\" alt=\"\" aria-describedby=\"gallery-1-477\" srcset=\"https:\/\/blogsaverroes.juntadeandalucia.es\/oscarprofesociales\/files\/2016\/05\/Renau-300x246.jpg 300w, https:\/\/blogsaverroes.juntadeandalucia.es\/oscarprofesociales\/files\/2016\/05\/Renau.jpg 800w\" sizes=\"(max-width: 300px) 100vw, 300px\" \/><\/a>\n\t\t\t<\/dt>\n\t\t\t\t<dd class='wp-caption-text gallery-caption' id='gallery-1-477'>\n\t\t\t\tRenau 0533 1937 86 x 116 Valencia PCE\n\t\t\t\t<\/dd><\/dl><br style=\"clear: both\" \/><dl class='gallery-item'>\n\t\t\t<dt class='gallery-icon portrait'>\n\t\t\t\t<a href='https:\/\/blogsaverroes.juntadeandalucia.es\/oscarprofesociales\/files\/2016\/05\/ncartel10_jpg.jpg'><img loading=\"lazy\" decoding=\"async\" width=\"209\" height=\"300\" src=\"https:\/\/blogsaverroes.juntadeandalucia.es\/oscarprofesociales\/files\/2016\/05\/ncartel10_jpg-209x300.jpg\" class=\"attachment-medium size-medium\" alt=\"\" srcset=\"https:\/\/blogsaverroes.juntadeandalucia.es\/oscarprofesociales\/files\/2016\/05\/ncartel10_jpg-209x300.jpg 209w, https:\/\/blogsaverroes.juntadeandalucia.es\/oscarprofesociales\/files\/2016\/05\/ncartel10_jpg.jpg 349w\" sizes=\"(max-width: 209px) 100vw, 209px\" \/><\/a>\n\t\t\t<\/dt><\/dl><dl class='gallery-item'>\n\t\t\t<dt class='gallery-icon portrait'>\n\t\t\t\t<a href='https:\/\/blogsaverroes.juntadeandalucia.es\/oscarprofesociales\/files\/2016\/05\/cartel.jpg'><img loading=\"lazy\" decoding=\"async\" width=\"257\" height=\"300\" src=\"https:\/\/blogsaverroes.juntadeandalucia.es\/oscarprofesociales\/files\/2016\/05\/cartel-257x300.jpg\" class=\"attachment-medium size-medium\" alt=\"\" srcset=\"https:\/\/blogsaverroes.juntadeandalucia.es\/oscarprofesociales\/files\/2016\/05\/cartel-257x300.jpg 257w, https:\/\/blogsaverroes.juntadeandalucia.es\/oscarprofesociales\/files\/2016\/05\/cartel.jpg 325w\" sizes=\"(max-width: 257px) 100vw, 257px\" \/><\/a>\n\t\t\t<\/dt><\/dl><dl class='gallery-item'>\n\t\t\t<dt class='gallery-icon portrait'>\n\t\t\t\t<a href='https:\/\/blogsaverroes.juntadeandalucia.es\/oscarprofesociales\/files\/2016\/05\/abanderados-del-tercio-de-Lacar.jpg'><img loading=\"lazy\" decoding=\"async\" width=\"218\" height=\"300\" src=\"https:\/\/blogsaverroes.juntadeandalucia.es\/oscarprofesociales\/files\/2016\/05\/abanderados-del-tercio-de-Lacar-218x300.jpg\" class=\"attachment-medium size-medium\" alt=\"\" srcset=\"https:\/\/blogsaverroes.juntadeandalucia.es\/oscarprofesociales\/files\/2016\/05\/abanderados-del-tercio-de-Lacar-218x300.jpg 218w, https:\/\/blogsaverroes.juntadeandalucia.es\/oscarprofesociales\/files\/2016\/05\/abanderados-del-tercio-de-Lacar.jpg 566w\" sizes=\"(max-width: 218px) 100vw, 218px\" \/><\/a>\n\t\t\t<\/dt><\/dl><dl class='gallery-item'>\n\t\t\t<dt class='gallery-icon portrait'>\n\t\t\t\t<a href='https:\/\/blogsaverroes.juntadeandalucia.es\/oscarprofesociales\/files\/2016\/05\/8705061.jpg'><img loading=\"lazy\" decoding=\"async\" width=\"218\" height=\"300\" src=\"https:\/\/blogsaverroes.juntadeandalucia.es\/oscarprofesociales\/files\/2016\/05\/8705061-218x300.jpg\" class=\"attachment-medium size-medium\" alt=\"\" srcset=\"https:\/\/blogsaverroes.juntadeandalucia.es\/oscarprofesociales\/files\/2016\/05\/8705061-218x300.jpg 218w, https:\/\/blogsaverroes.juntadeandalucia.es\/oscarprofesociales\/files\/2016\/05\/8705061.jpg 550w\" sizes=\"(max-width: 218px) 100vw, 218px\" \/><\/a>\n\t\t\t<\/dt><\/dl><br style=\"clear: both\" \/>\n\t\t<\/div>\n\n<p><strong><span style=\"text-decoration: underline\"><em>Fuentes de las im\u00e1genes<\/em><\/span><\/strong>:<\/p>\n<ul>\n<li>Situaci\u00f3n de los frentes al comienzo de la guerra.\u00a0Tomado de <a href=\"https:\/\/es.wikipedia.org\/wiki\/Guerra_Civil_Espa%C3%B1ola#\/media\/File:VictorHurtado-LaSublevacion-MapaFinal.jpg\">Wikipedia<\/a>.\u00a0Original de V\u00edctor Hurtado (<em>La Sublevaci\u00f3n<\/em>, <a class=\"external text\" href=\"http:\/\/www.edicionsdau.com\/es\/english_2807\" rel=\"nofollow\">Edicions DAU<\/a>, 2011). <a class=\"extiw\" title=\"es:ISBN\" href=\"https:\/\/es.wikipedia.org\/wiki\/ISBN\">ISBN<\/a>: <a title=\"Special:BookSources\/978-84-936625-6-1\" href=\"https:\/\/commons.wikimedia.org\/wiki\/Special:BookSources\/978-84-936625-6-1\">978-84-936625-6-1<\/a>.<\/li>\n<li>Fotograf\u00eda del miliciano muerto en el Frente de C\u00f3rdoba. <a href=\"http:\/\/www.magnumphotos.com\/C.aspx?VP3=CMS3&amp;VF=MAGO31_10_VForm&amp;ERID=24KL535353\">Agencia Magnum<\/a>.<\/li>\n<li>Carteles de guerra. <a href=\"http:\/\/www.libreriaalberti.com\/libros\/guiaslectura\/75o-aniversario-de-la-guerra-civil-espanola\/17\/\">Librer\u00eda Alberti<\/a>.<\/li>\n<li>Cuadro del \u00abGuernica\u00bb de Picasso. <a href=\"http:\/\/www.museoreinasofia.es\/coleccion\/obra\/guernica\">Museo Centro de Arte Reina Sof\u00eda<\/a>.<\/li>\n<li>Cartel de \u00abAyudad a Espa\u00f1a\u00bb de Joan Mir\u00f3. <a href=\"http:\/\/www.museoreinasofia.es\/coleccion\/obra\/aidez-lespagne-ayudad-espana\">Museo Centro de Arte Reina Sof\u00eda<\/a>.<\/li>\n<\/ul>\n<p>El resto de im\u00e1genes, v\u00eddeos y mapas est\u00e1n elaborados por m\u00ed mismo:<\/p>\n<p><span style=\"color: #ff0000\"><strong>\u00d3scar Marcos Jurado<\/strong><\/span> (<strong>Oscarprofesociales<\/strong>)<\/p>\n<p><span style=\"color: #000080\"><strong><em>http:\/\/blogsaverroes.juntadeandalucia.es\/oscarprofesociales<\/em><\/strong><\/span><\/p>\n<p>&nbsp;<\/p>\n<p>&nbsp;<\/p>\n","protected":false},"excerpt":{"rendered":"<p>Diversos materiales como mapas, im\u00e1genes o presentaciones sobre el conflicto b\u00e9lico m\u00e1s cruento de los ocurridos en el siglo XX en Espa\u00f1a. <\/p>\n","protected":false},"author":2588,"featured_media":464,"comment_status":"open","ping_status":"open","sticky":false,"template":"","format":"standard","meta":{"ngg_post_thumbnail":0,"footnotes":""},"categories":[380],"tags":[2312],"aioseo_notices":[],"_links":{"self":[{"href":"https:\/\/blogsaverroes.juntadeandalucia.es\/oscarprofesociales\/wp-json\/wp\/v2\/posts\/449"}],"collection":[{"href":"https:\/\/blogsaverroes.juntadeandalucia.es\/oscarprofesociales\/wp-json\/wp\/v2\/posts"}],"about":[{"href":"https:\/\/blogsaverroes.juntadeandalucia.es\/oscarprofesociales\/wp-json\/wp\/v2\/types\/post"}],"author":[{"embeddable":true,"href":"https:\/\/blogsaverroes.juntadeandalucia.es\/oscarprofesociales\/wp-json\/wp\/v2\/users\/2588"}],"replies":[{"embeddable":true,"href":"https:\/\/blogsaverroes.juntadeandalucia.es\/oscarprofesociales\/wp-json\/wp\/v2\/comments?post=449"}],"version-history":[{"count":14,"href":"https:\/\/blogsaverroes.juntadeandalucia.es\/oscarprofesociales\/wp-json\/wp\/v2\/posts\/449\/revisions"}],"predecessor-version":[{"id":482,"href":"https:\/\/blogsaverroes.juntadeandalucia.es\/oscarprofesociales\/wp-json\/wp\/v2\/posts\/449\/revisions\/482"}],"wp:featuredmedia":[{"embeddable":true,"href":"https:\/\/blogsaverroes.juntadeandalucia.es\/oscarprofesociales\/wp-json\/wp\/v2\/media\/464"}],"wp:attachment":[{"href":"https:\/\/blogsaverroes.juntadeandalucia.es\/oscarprofesociales\/wp-json\/wp\/v2\/media?parent=449"}],"wp:term":[{"taxonomy":"category","embeddable":true,"href":"https:\/\/blogsaverroes.juntadeandalucia.es\/oscarprofesociales\/wp-json\/wp\/v2\/categories?post=449"},{"taxonomy":"post_tag","embeddable":true,"href":"https:\/\/blogsaverroes.juntadeandalucia.es\/oscarprofesociales\/wp-json\/wp\/v2\/tags?post=449"}],"curies":[{"name":"wp","href":"https:\/\/api.w.org\/{rel}","templated":true}]}}