{"id":841,"date":"2018-05-16T07:57:04","date_gmt":"2018-05-16T06:57:04","guid":{"rendered":"http:\/\/blogsaverroes.juntadeandalucia.es\/oscarprofesociales\/?p=841"},"modified":"2020-03-19T21:17:44","modified_gmt":"2020-03-19T20:17:44","slug":"la-segunda-guerra-mundial-1939-1945-2","status":"publish","type":"post","link":"https:\/\/blogsaverroes.juntadeandalucia.es\/oscarprofesociales\/2018\/05\/16\/la-segunda-guerra-mundial-1939-1945-2\/","title":{"rendered":"El desarrollo de la Segunda Guerra Mundial (1939-1945)"},"content":{"rendered":"<p style=\"text-align: justify\">En esta entrada har\u00e9 un breve resumen del conflicto b\u00e9lico, insertando informaci\u00f3n que considero esencial para entender uno de las guerras m\u00e1s cruentas de la Historia y que marc\u00f3 poderosamente el devenir del siglo XX. Empezamos.<\/p>\n<p style=\"text-align: justify\">Como <span style=\"text-decoration: underline;font-size: 14pt\"><strong>introducci\u00f3n<\/strong><\/span> y para hacernos una idea clara de los antecedentes y causas que llevaron a desencadenar la Segunda Guerra Mundial (1939-1945) as\u00ed como su desarrollo, os dejo un <em><strong>v\u00eddeo resumen de ACADEMIA PLAY<\/strong><\/em>, es muy visual y aunque su autor no es un acad\u00e9mico o especialista no contiene grandes errores, dura 17 minutos y est\u00e1 muy bien. <strong>Toma nota de los datos principales e informaci\u00f3n que aporta y haz un resumen.&nbsp;<\/strong><\/p>\n<p><iframe loading=\"lazy\" title=\"La Segunda Guerra Mundial en 17 minutos\" width=\"500\" height=\"281\" src=\"https:\/\/www.youtube.com\/embed\/AYQ8hT8cVTE?feature=oembed&#038;wmode=opaque\" frameborder=\"0\" allow=\"accelerometer; autoplay; clipboard-write; encrypted-media; gyroscope; picture-in-picture; web-share\" referrerpolicy=\"strict-origin-when-cross-origin\" allowfullscreen><\/iframe><\/p>\n<p>Para una explicaci\u00f3n y desarrollo del conflicto recomiendo visitar la p\u00e1gina <a href=\"http:\/\/www.historiasiglo20.org\/HM\/5-2.htm\">Historiasiglo20.org<\/a><\/p>\n<p style=\"text-align: left\"><span style=\"font-size: 14pt\"><strong>&nbsp; &nbsp; &nbsp; &nbsp; &nbsp; &nbsp; &nbsp; &nbsp; &nbsp; &nbsp; &nbsp; &nbsp; &nbsp; &nbsp; &nbsp; &nbsp; &nbsp;&nbsp;<\/strong><\/span><span style=\"text-decoration: underline;font-size: 14pt\"><strong>Bandos Contendientes<\/strong><\/span><\/p>\n<p><span style=\"font-size: 14pt\"><span style=\"text-decoration: underline\">Potencias del Eje<\/span>&nbsp; &nbsp; &nbsp; &nbsp; &nbsp; &nbsp; &nbsp; &nbsp; &nbsp; &nbsp; &nbsp; &nbsp; &nbsp; &nbsp; &nbsp; &nbsp; &nbsp; &nbsp; &nbsp; &nbsp; &nbsp; &nbsp; &nbsp; &nbsp; &nbsp; &nbsp; &nbsp; &nbsp; &nbsp; &nbsp; &nbsp; &nbsp; &nbsp; &nbsp; &nbsp; &nbsp; &nbsp; &nbsp; &nbsp;<span style=\"text-decoration: underline\">Aliados<\/span><\/span><\/p>\n<p><span style=\"font-size: 14pt\">Alemania &nbsp; &nbsp; &nbsp; &nbsp; &nbsp; &nbsp; &nbsp; &nbsp; &nbsp; &nbsp; &nbsp; &nbsp; &nbsp; &nbsp; &nbsp; &nbsp; &nbsp; &nbsp; &nbsp; &nbsp; &nbsp; &nbsp; &nbsp; &nbsp; &nbsp; &nbsp; &nbsp; &nbsp; &nbsp; &nbsp; &nbsp; &nbsp; &nbsp; &nbsp; &nbsp; &nbsp; &nbsp; &nbsp; &nbsp; &nbsp; &nbsp; &nbsp; &nbsp; &nbsp; &nbsp;Gran Breta\u00f1a<\/span><\/p>\n<p><span style=\"font-size: 14pt\">Italia &nbsp; &nbsp; &nbsp; &nbsp; &nbsp; &nbsp; &nbsp; &nbsp; &nbsp; &nbsp; &nbsp; &nbsp; &nbsp; &nbsp; &nbsp; &nbsp; &nbsp; &nbsp; &nbsp; &nbsp; &nbsp; &nbsp; &nbsp; &nbsp; &nbsp; &nbsp; &nbsp; &nbsp; &nbsp; &nbsp; &nbsp; &nbsp; &nbsp; &nbsp; &nbsp; &nbsp; &nbsp; &nbsp; &nbsp; &nbsp; &nbsp; &nbsp; &nbsp; &nbsp; &nbsp; &nbsp; &nbsp; &nbsp; Francia<\/span><\/p>\n<p><span style=\"font-size: 14pt\">Jap\u00f3n &nbsp; &nbsp; &nbsp; &nbsp; &nbsp; &nbsp; &nbsp; &nbsp; &nbsp; &nbsp; &nbsp; &nbsp; &nbsp; &nbsp; &nbsp; &nbsp; &nbsp; &nbsp; &nbsp; &nbsp; &nbsp; &nbsp; &nbsp; &nbsp; &nbsp; &nbsp; &nbsp; &nbsp; &nbsp; &nbsp; &nbsp; &nbsp; &nbsp; &nbsp; &nbsp; &nbsp; &nbsp; &nbsp; &nbsp; &nbsp; &nbsp; &nbsp; &nbsp; &nbsp; &nbsp; &nbsp; &nbsp; URSS y EEUU (1941)<\/span><\/p>\n<p>A continuaci\u00f3n har\u00e9 un breve esquema sobre las <span style=\"font-size: 14pt\"><span style=\"text-decoration: underline\"><strong>etapas principales de la guerra<\/strong><\/span>:<\/span><\/p>\n<p><span style=\"font-size: 12pt\"><strong>1\u00aa Etapa. Ofensivas y victorias del Eje, la \u00abGuerra Rel\u00e1mpago\u00bb (1939-1941)<\/strong><\/span><\/p>\n<ul style=\"list-style-type: disc\">\n<li style=\"text-align: justify\"><span style=\"font-size: 14pt\"><b>&nbsp;<\/b><span style=\"font-size: 12pt\">Invasi\u00f3n alemana de Polonia y ocupaci\u00f3n de Escandinavia (sept 1939-abril 1940)<\/span><\/span><\/li>\n<li style=\"text-align: justify\"><span style=\"font-size: 12pt\">La ocupaci\u00f3n alemana de Pa\u00edses Bajos, B\u00e9lgica, Luxemburgo y Francia (mayo-junio 1940)<\/span><\/li>\n<li><span style=\"font-size: 12pt\">La Batalla de Inglaterra (julio 1940-mayo 1941)<\/span><\/li>\n<li><span style=\"font-size: 12pt\">La campa\u00f1a del <em>Afrika Korps<\/em> de Rommel (febrero 1941-mayo 1943)<\/span><\/li>\n<li><span style=\"font-size: 12pt\">La guerra en los Balcanes: invasi\u00f3n alemana de Yugoslavia y Grecia (abril-mayo 1941)<\/span><\/li>\n<\/ul>\n<p style=\"text-align: justify\"><span style=\"font-size: 12pt\"><strong>2\u00aa Etapa. Entrada de la URSS y EEUU en el bando aliado y fase de equilibrio (1941-1943)<\/strong><\/span><\/p>\n<ul style=\"list-style-type: disc\">\n<li><span style=\"font-size: 12pt\">Invasi\u00f3n alemana de la URSS y Campa\u00f1a de Rusia (junio 1941-diciembre 1941)<\/span><\/li>\n<li><span style=\"font-size: 12pt\">Ataque japon\u00e9s a Pearl Harbor (Hawai, diciembre 1941) e inicio de la Guerra del Pac\u00edfico.&nbsp;<\/span><\/li>\n<li><span style=\"font-size: 12pt\">Batalla de Stalingrado (agosto 1942-febrero 1943)<\/span><\/li>\n<li><span style=\"font-size: 12pt\">Batalla de Guadalcanal (septiembre 1942-febrero 1943)<\/span><\/li>\n<li><span style=\"font-size: 12pt\">Desembarco aliado en el norte de \u00c1frica (noviembre 1942)<\/span><\/li>\n<li><span style=\"font-size: 12pt\">Desembarco aliado en Sicilia (julio 1943)<\/span><\/li>\n<\/ul>\n<p><span style=\"font-size: 12pt\"><strong>3\u00aa Etapa. Retroceso del Eje y contraofensiva aliada (1943-1945)<\/strong><\/span><\/p>\n<ul style=\"list-style-type: disc\">\n<li><span style=\"font-size: 12pt\">Desembarco de Normand\u00eda (junio 1944)<\/span><\/li>\n<li><span style=\"font-size: 12pt\">Ofensiva aliada en las \u00c1rdenas (diciembre 1944)<\/span><\/li>\n<li><span style=\"font-size: 12pt\">Batalla de Iwo-Jima (febrero-marzo 1945)<\/span><\/li>\n<li><span style=\"font-size: 12pt\">Batalla de Berl\u00edn (abril-mayo 1945)<\/span><\/li>\n<li><span style=\"font-size: 12pt\">Rendici\u00f3n de Alemania (mayo 1945)<\/span><\/li>\n<li><span style=\"font-size: 12pt\">Lanzamiento de bombas nucleares sobre Hiroshima y Nagasaki (agosto 1945)<\/span><\/li>\n<li><span style=\"font-size: 12pt\">Rendici\u00f3n de Jap\u00f3n (septiembre 1945)<\/span><\/li>\n<\/ul>\n<p>&nbsp;<\/p>\n<p>A continuaci\u00f3n os inserto una presentaci\u00f3n que he hecho con mapas y explicaci\u00f3n de la guerra.<\/p>\n<p><iframe loading=\"lazy\" src=\"\/\/www.slideshare.net\/slideshow\/embed_code\/key\/kQAqPCLpCI7vl4\" width=\"595\" height=\"485\" frameborder=\"0\" marginwidth=\"0\" marginheight=\"0\" scrolling=\"no\"> <\/iframe><\/p>\n<div style=\"margin-bottom: 5px\"><strong> <a title=\"Segunda guerra mundial (1939-1945)\" href=\"\/\/www.slideshare.net\/omarcos\/segunda-guerra-mundial-19391945-97346185\" target=\"_blank\" rel=\"noopener noreferrer\">Segunda guerra mundial (1939-1945)<\/a> <\/strong> from <strong><a href=\"https:\/\/www.slideshare.net\/omarcos\" target=\"_blank\" rel=\"noopener noreferrer\">\u00d3scar Marcos Jurado<\/a><\/strong><\/div>\n<p>&nbsp;<\/p>\n<p>A modo de resumen os dejo un eje cronol\u00f3gico que os sirva de repaso.<\/p>\n<p>&nbsp;<br \/>\n<iframe loading=\"lazy\" src=\"https:\/\/cdn.knightlab.com\/libs\/timeline3\/latest\/embed\/index.html?source=1oXktvYFvrtJRgcinqLe5HOtcDoIMUj5sKYfVucBb8gQ&amp;font=Default&amp;lang=en&amp;initial_zoom=2&amp;height=650\" width=\"100%\" height=\"650\" frameborder=\"0\"><\/iframe><\/p>\n","protected":false},"excerpt":{"rendered":"<p>En esta entrada har\u00e9 un breve resumen del conflicto b\u00e9lico, insertando informaci\u00f3n que considero esencial para entender uno de las guerras m\u00e1s cruentas de la Historia y que marc\u00f3 poderosamente el devenir del siglo XX. <\/p>\n","protected":false},"author":2588,"featured_media":861,"comment_status":"open","ping_status":"open","sticky":false,"template":"","format":"standard","meta":{"ngg_post_thumbnail":0,"footnotes":""},"categories":[380],"tags":[1890],"aioseo_notices":[],"_links":{"self":[{"href":"https:\/\/blogsaverroes.juntadeandalucia.es\/oscarprofesociales\/wp-json\/wp\/v2\/posts\/841"}],"collection":[{"href":"https:\/\/blogsaverroes.juntadeandalucia.es\/oscarprofesociales\/wp-json\/wp\/v2\/posts"}],"about":[{"href":"https:\/\/blogsaverroes.juntadeandalucia.es\/oscarprofesociales\/wp-json\/wp\/v2\/types\/post"}],"author":[{"embeddable":true,"href":"https:\/\/blogsaverroes.juntadeandalucia.es\/oscarprofesociales\/wp-json\/wp\/v2\/users\/2588"}],"replies":[{"embeddable":true,"href":"https:\/\/blogsaverroes.juntadeandalucia.es\/oscarprofesociales\/wp-json\/wp\/v2\/comments?post=841"}],"version-history":[{"count":13,"href":"https:\/\/blogsaverroes.juntadeandalucia.es\/oscarprofesociales\/wp-json\/wp\/v2\/posts\/841\/revisions"}],"predecessor-version":[{"id":1035,"href":"https:\/\/blogsaverroes.juntadeandalucia.es\/oscarprofesociales\/wp-json\/wp\/v2\/posts\/841\/revisions\/1035"}],"wp:featuredmedia":[{"embeddable":true,"href":"https:\/\/blogsaverroes.juntadeandalucia.es\/oscarprofesociales\/wp-json\/wp\/v2\/media\/861"}],"wp:attachment":[{"href":"https:\/\/blogsaverroes.juntadeandalucia.es\/oscarprofesociales\/wp-json\/wp\/v2\/media?parent=841"}],"wp:term":[{"taxonomy":"category","embeddable":true,"href":"https:\/\/blogsaverroes.juntadeandalucia.es\/oscarprofesociales\/wp-json\/wp\/v2\/categories?post=841"},{"taxonomy":"post_tag","embeddable":true,"href":"https:\/\/blogsaverroes.juntadeandalucia.es\/oscarprofesociales\/wp-json\/wp\/v2\/tags?post=841"}],"curies":[{"name":"wp","href":"https:\/\/api.w.org\/{rel}","templated":true}]}}