{"id":606,"date":"2019-01-28T10:05:26","date_gmt":"2019-01-28T10:05:26","guid":{"rendered":"http:\/\/oscarquevedo83.com\/2019\/01\/28\/mi-ple\/"},"modified":"2022-12-19T09:39:37","modified_gmt":"2022-12-19T09:39:37","slug":"mi-ple","status":"publish","type":"post","link":"https:\/\/blogsaverroes.juntadeandalucia.es\/oscarquevedo83\/2019\/01\/28\/mi-ple\/","title":{"rendered":"MI PLE"},"content":{"rendered":"\n<figure class=\"wp-block-embed is-type-rich\"><div class=\"wp-block-embed__wrapper\">\n<div class=\"embed-genially\"><div style='width: 100%;'><div style='position: relative; padding-bottom:56.25%; padding-top: 0; height: 0;'><iframe frameborder='0' width='1600' height='900' style='position:absolute; top: 0; left: 0; width: 100%; height: 100%;' src='https:\/\/view.genial.ly\/5c4244bcc432a71f80869dcb' type='text\/html' allowscriptaccess='always' allowfullscreen='true' scrolling='yes' allownetworking='all'><\/iframe><\/div><\/div><\/div>\n<\/div><\/figure>\n\n\n\n<p>La\u00a0<strong>curaci\u00f3n de contenidos<\/strong>\u00a0es un elemento esencial de la competencia digital: con ella adquirimos determinadas destrezas que nos servir\u00e1n para<strong>\u00a0utilizar la informaci\u00f3n de manera eficaz<\/strong>. No s\u00f3lo es el hecho de saber\u00a0<strong>buscar<\/strong>\u00a0la informaci\u00f3n de manera eficiente, sino de<strong>\u00a0filtrarla<\/strong>,\u00a0<strong>almacenarla<\/strong>\u00a0y\u00a0<strong>evaluarla<\/strong>\u00a0de manera que aprovechemos todo su potencial para crear nuevos contenidos. <\/p>\n\n\n\n<p>Una herramienta que nos puede ayudar a la selecci\u00f3n de aplicaciones es la elaboraci\u00f3n de un PLE. Aqu\u00ed puede alojar todas aquellas que verdaderamente te resulten \u00fatiles en tu d\u00eda a d\u00eda.<\/p>\n","protected":false},"excerpt":{"rendered":"<p>La\u00a0curaci\u00f3n de contenidos\u00a0es un elemento esencial de la competencia digital: con ella adquirimos determinadas destrezas que nos servir\u00e1n para\u00a0utilizar la informaci\u00f3n de manera eficaz. No s\u00f3lo es el hecho de&#46;&#46;&#46;<\/p>\n","protected":false},"author":4794,"featured_media":755,"comment_status":"closed","ping_status":"closed","sticky":false,"template":"","format":"standard","meta":{"ngg_post_thumbnail":0,"footnotes":""},"categories":[2],"tags":[],"aioseo_notices":[],"_links":{"self":[{"href":"https:\/\/blogsaverroes.juntadeandalucia.es\/oscarquevedo83\/wp-json\/wp\/v2\/posts\/606"}],"collection":[{"href":"https:\/\/blogsaverroes.juntadeandalucia.es\/oscarquevedo83\/wp-json\/wp\/v2\/posts"}],"about":[{"href":"https:\/\/blogsaverroes.juntadeandalucia.es\/oscarquevedo83\/wp-json\/wp\/v2\/types\/post"}],"author":[{"embeddable":true,"href":"https:\/\/blogsaverroes.juntadeandalucia.es\/oscarquevedo83\/wp-json\/wp\/v2\/users\/4794"}],"replies":[{"embeddable":true,"href":"https:\/\/blogsaverroes.juntadeandalucia.es\/oscarquevedo83\/wp-json\/wp\/v2\/comments?post=606"}],"version-history":[{"count":1,"href":"https:\/\/blogsaverroes.juntadeandalucia.es\/oscarquevedo83\/wp-json\/wp\/v2\/posts\/606\/revisions"}],"predecessor-version":[{"id":1666,"href":"https:\/\/blogsaverroes.juntadeandalucia.es\/oscarquevedo83\/wp-json\/wp\/v2\/posts\/606\/revisions\/1666"}],"wp:featuredmedia":[{"embeddable":true,"href":"https:\/\/blogsaverroes.juntadeandalucia.es\/oscarquevedo83\/wp-json\/wp\/v2\/media\/755"}],"wp:attachment":[{"href":"https:\/\/blogsaverroes.juntadeandalucia.es\/oscarquevedo83\/wp-json\/wp\/v2\/media?parent=606"}],"wp:term":[{"taxonomy":"category","embeddable":true,"href":"https:\/\/blogsaverroes.juntadeandalucia.es\/oscarquevedo83\/wp-json\/wp\/v2\/categories?post=606"},{"taxonomy":"post_tag","embeddable":true,"href":"https:\/\/blogsaverroes.juntadeandalucia.es\/oscarquevedo83\/wp-json\/wp\/v2\/tags?post=606"}],"curies":[{"name":"wp","href":"https:\/\/api.w.org\/{rel}","templated":true}]}}