{"id":2964,"date":"2022-01-19T09:34:28","date_gmt":"2022-01-19T08:34:28","guid":{"rendered":"https:\/\/blogsaverroes.juntadeandalucia.es\/pablofreireelejido\/?p=2964"},"modified":"2025-09-11T11:54:25","modified_gmt":"2025-09-11T10:54:25","slug":"material-ambito-de-com-lengua","status":"publish","type":"post","link":"https:\/\/blogsaverroes.juntadeandalucia.es\/pablofreireelejido\/material-ambito-de-com-lengua\/","title":{"rendered":"MATERIAL \u00c1MBITO DE COM.-LENGUA"},"content":{"rendered":"<p style=\"text-align: center\">En el siguiente enlace puedes descargar el material del \u00c1mbito de Comunicaci\u00f3n-LENGUA que usamos en nuestro Centro para la preparaci\u00f3n de Pruebas Libres de ESO.<\/p>\n<p style=\"text-align: center\"><a href=\"https:\/\/blogsaverroes.juntadeandalucia.es\/pablofreireelejido\/material-ambito-cientifico-tecnologico-eso\/com-lengua-2020-2021-3\/\" rel=\"attachment wp-att-3110\">COM-LENGUA<\/a><\/p>\n","protected":false},"excerpt":{"rendered":"<p>En el siguiente enlace puedes descargar el material del \u00c1mbito de Comunicaci\u00f3n-LENGUA que usamos en nuestro Centro para la preparaci\u00f3n de Pruebas Libres de ESO. COM-LENGUA<\/p>\n","protected":false},"author":10425,"featured_media":0,"comment_status":"open","ping_status":"open","sticky":false,"template":"","format":"standard","meta":{"ngg_post_thumbnail":0,"footnotes":""},"categories":[2351678,768],"tags":[],"aioseo_notices":[],"_links":{"self":[{"href":"https:\/\/blogsaverroes.juntadeandalucia.es\/pablofreireelejido\/wp-json\/wp\/v2\/posts\/2964"}],"collection":[{"href":"https:\/\/blogsaverroes.juntadeandalucia.es\/pablofreireelejido\/wp-json\/wp\/v2\/posts"}],"about":[{"href":"https:\/\/blogsaverroes.juntadeandalucia.es\/pablofreireelejido\/wp-json\/wp\/v2\/types\/post"}],"author":[{"embeddable":true,"href":"https:\/\/blogsaverroes.juntadeandalucia.es\/pablofreireelejido\/wp-json\/wp\/v2\/users\/10425"}],"replies":[{"embeddable":true,"href":"https:\/\/blogsaverroes.juntadeandalucia.es\/pablofreireelejido\/wp-json\/wp\/v2\/comments?post=2964"}],"version-history":[{"count":4,"href":"https:\/\/blogsaverroes.juntadeandalucia.es\/pablofreireelejido\/wp-json\/wp\/v2\/posts\/2964\/revisions"}],"predecessor-version":[{"id":3117,"href":"https:\/\/blogsaverroes.juntadeandalucia.es\/pablofreireelejido\/wp-json\/wp\/v2\/posts\/2964\/revisions\/3117"}],"wp:attachment":[{"href":"https:\/\/blogsaverroes.juntadeandalucia.es\/pablofreireelejido\/wp-json\/wp\/v2\/media?parent=2964"}],"wp:term":[{"taxonomy":"category","embeddable":true,"href":"https:\/\/blogsaverroes.juntadeandalucia.es\/pablofreireelejido\/wp-json\/wp\/v2\/categories?post=2964"},{"taxonomy":"post_tag","embeddable":true,"href":"https:\/\/blogsaverroes.juntadeandalucia.es\/pablofreireelejido\/wp-json\/wp\/v2\/tags?post=2964"}],"curies":[{"name":"wp","href":"https:\/\/api.w.org\/{rel}","templated":true}]}}