{"id":3056,"date":"2023-07-17T08:46:47","date_gmt":"2023-07-17T07:46:47","guid":{"rendered":"https:\/\/blogsaverroes.juntadeandalucia.es\/pablofreireelejido\/?p=3056"},"modified":"2023-07-17T08:46:47","modified_gmt":"2023-07-17T07:46:47","slug":"3056-2","status":"publish","type":"post","link":"https:\/\/blogsaverroes.juntadeandalucia.es\/pablofreireelejido\/3056-2\/","title":{"rendered":""},"content":{"rendered":"<p style=\"text-align: center\"><span style=\"text-decoration: underline;font-size: 18pt\"><strong>CURSOS DE CAPACITACI\u00d3N DIGITAL<\/strong><\/span><\/p>\n<div style=\"width: 474px;\" class=\"wp-video\"><!--[if lt IE 9]><script>document.createElement('video');<\/script><![endif]-->\n<video class=\"wp-video-shortcode\" id=\"video-3056-1\" width=\"474\" height=\"267\" preload=\"metadata\" controls=\"controls\"><source type=\"video\/mp4\" src=\"https:\/\/blogsaverroes.juntadeandalucia.es\/pablofreireelejido\/files\/2023\/07\/Capacitaci\u00f3n-Digital_Freire_2023.mp4?_=1\" \/><a href=\"https:\/\/blogsaverroes.juntadeandalucia.es\/pablofreireelejido\/files\/2023\/07\/Capacitaci\u00f3n-Digital_Freire_2023.mp4\">https:\/\/blogsaverroes.juntadeandalucia.es\/pablofreireelejido\/files\/2023\/07\/Capacitaci\u00f3n-Digital_Freire_2023.mp4<\/a><\/video><\/div>\n<p style=\"text-align: center\">&nbsp;<\/p>\n<p style=\"text-align: center\">Si tienes inter\u00e9s en realizar el Curso de Capacitaci\u00f3n Digital de 30 h de duraci\u00f3n que se llevar\u00e1 a cabo en el C.E.PER. Pablo Freire (El Ejido) en oto\u00f1o de 2023, d\u00e9janos tus datos y contactaremos contigo.<\/p>\n<p style=\"text-align: center\"><a href=\"https:\/\/forms.gle\/MVCAoNyMteckChAv5\">PINCHA AQU\u00cd<\/a><\/p>\n","protected":false},"excerpt":{"rendered":"<p>CURSOS DE CAPACITACI\u00d3N DIGITAL &nbsp; Si tienes inter\u00e9s en realizar el Curso de Capacitaci\u00f3n Digital de 30 h de duraci\u00f3n que se llevar\u00e1 a cabo en el C.E.PER. Pablo Freire (El Ejido) en oto\u00f1o de 2023, d\u00e9janos tus datos y contactaremos contigo. PINCHA AQU\u00cd<\/p>\n","protected":false},"author":10425,"featured_media":0,"comment_status":"open","ping_status":"open","sticky":false,"template":"","format":"standard","meta":{"ngg_post_thumbnail":0,"footnotes":""},"categories":[526],"tags":[2351723],"aioseo_notices":[],"_links":{"self":[{"href":"https:\/\/blogsaverroes.juntadeandalucia.es\/pablofreireelejido\/wp-json\/wp\/v2\/posts\/3056"}],"collection":[{"href":"https:\/\/blogsaverroes.juntadeandalucia.es\/pablofreireelejido\/wp-json\/wp\/v2\/posts"}],"about":[{"href":"https:\/\/blogsaverroes.juntadeandalucia.es\/pablofreireelejido\/wp-json\/wp\/v2\/types\/post"}],"author":[{"embeddable":true,"href":"https:\/\/blogsaverroes.juntadeandalucia.es\/pablofreireelejido\/wp-json\/wp\/v2\/users\/10425"}],"replies":[{"embeddable":true,"href":"https:\/\/blogsaverroes.juntadeandalucia.es\/pablofreireelejido\/wp-json\/wp\/v2\/comments?post=3056"}],"version-history":[{"count":1,"href":"https:\/\/blogsaverroes.juntadeandalucia.es\/pablofreireelejido\/wp-json\/wp\/v2\/posts\/3056\/revisions"}],"predecessor-version":[{"id":3058,"href":"https:\/\/blogsaverroes.juntadeandalucia.es\/pablofreireelejido\/wp-json\/wp\/v2\/posts\/3056\/revisions\/3058"}],"wp:attachment":[{"href":"https:\/\/blogsaverroes.juntadeandalucia.es\/pablofreireelejido\/wp-json\/wp\/v2\/media?parent=3056"}],"wp:term":[{"taxonomy":"category","embeddable":true,"href":"https:\/\/blogsaverroes.juntadeandalucia.es\/pablofreireelejido\/wp-json\/wp\/v2\/categories?post=3056"},{"taxonomy":"post_tag","embeddable":true,"href":"https:\/\/blogsaverroes.juntadeandalucia.es\/pablofreireelejido\/wp-json\/wp\/v2\/tags?post=3056"}],"curies":[{"name":"wp","href":"https:\/\/api.w.org\/{rel}","templated":true}]}}