{"id":34,"date":"2020-03-23T15:22:10","date_gmt":"2020-03-23T14:22:10","guid":{"rendered":"https:\/\/blogsaverroes.juntadeandalucia.es\/pacoprofemanilva\/?p=34"},"modified":"2021-04-05T12:11:43","modified_gmt":"2021-04-05T10:11:43","slug":"aula","status":"publish","type":"post","link":"https:\/\/blogsaverroes.juntadeandalucia.es\/pacoprofemanilva\/2020\/03\/23\/aula\/","title":{"rendered":"Aula"},"content":{"rendered":"<ol>\n<li><a href=\"https:\/\/blogsaverroes.juntadeandalucia.es\/pacoprofemanilva\/files\/2020\/04\/futur-proche.pptx\">Futur proche<\/a><\/li>\n<li><a href=\"https:\/\/blogsaverroes.juntadeandalucia.es\/pacoprofemanilva\/files\/2020\/04\/Pass\u00e9-compos\u00e9-1.pptx\">Pass\u00e9 compos\u00e9 1<\/a><\/li>\n<li><a href=\"https:\/\/blogsaverroes.juntadeandalucia.es\/pacoprofemanilva\/files\/2020\/04\/Pass\u00e9-compos\u00e9-2.pptx\">Pass\u00e9 compos\u00e9 2<\/a><\/li>\n<li><a href=\"https:\/\/blogsaverroes.juntadeandalucia.es\/pacoprofemanilva\/files\/2020\/04\/Pass\u00e9-compos\u00e9-Verbos-de-movimiento.pptx\">Pass\u00e9 compos\u00e9 &#8211; Verbos de movimiento<\/a><\/li>\n<li><a href=\"https:\/\/blogsaverroes.juntadeandalucia.es\/pacoprofemanilva\/files\/2020\/03\/Le-Pr\u00e9sent.pptx\">Le Pr\u00e9sent<\/a><\/li>\n<li><a href=\"https:\/\/blogsaverroes.juntadeandalucia.es\/pacoprofemanilva\/files\/2020\/03\/Les-adjectifs-possessifs.pptx\">Les adjectifs possessifs<\/a><\/li>\n<li><a href=\"https:\/\/blogsaverroes.juntadeandalucia.es\/pacoprofemanilva\/files\/2020\/03\/Les-adjectifs-d\u00e9monstratifs.pptx\">Les adjectifs d\u00e9monstratifs<\/a><\/li>\n<li><a href=\"https:\/\/blogsaverroes.juntadeandalucia.es\/pacoprofemanilva\/files\/2020\/03\/L-imp\u00e9ratif.pptx\">L&#8217; imp\u00e9ratif<\/a><\/li>\n<li><a href=\"https:\/\/blogsaverroes.juntadeandalucia.es\/pacoprofemanilva\/files\/2020\/03\/Le-N\u00e9gatif-1\u00e8re-partie.pptx\">Le N\u00e9gatif 1\u00e8re partie<\/a><\/li>\n<li><a href=\"https:\/\/blogsaverroes.juntadeandalucia.es\/pacoprofemanilva\/files\/2020\/03\/Le-N\u00e9gatif-2.pptx\">Le N\u00e9gatif 2<\/a><\/li>\n<li><a href=\"https:\/\/blogsaverroes.juntadeandalucia.es\/pacoprofemanilva\/files\/2020\/03\/Lheure.pptx\">L&#8217;heure<\/a><\/li>\n<li><a href=\"https:\/\/blogsaverroes.juntadeandalucia.es\/pacoprofemanilva\/files\/2020\/03\/Le-pronom-EN.pptx\">Le pronom EN <\/a><\/li>\n<li><a href=\"https:\/\/blogsaverroes.juntadeandalucia.es\/pacoprofemanilva\/files\/2020\/03\/Los-pronombres-CD-y-CI.pptx\">Los pronombres CD y CI<\/a><\/li>\n<li><a href=\"https:\/\/blogsaverroes.juntadeandalucia.es\/pacoprofemanilva\/files\/2020\/03\/Le-comparatif.pptx\">Le comparatif<\/a><\/li>\n<li><a href=\"https:\/\/blogsaverroes.juntadeandalucia.es\/pacoprofemanilva\/files\/2020\/03\/Le-superlatif.pptx\">Le superlatif<\/a><\/li>\n<li><a href=\"https:\/\/blogsaverroes.juntadeandalucia.es\/pacoprofemanilva\/files\/2020\/03\/Les-relatifs.pptx\">Les relatifs<\/a><\/li>\n<li><a href=\"https:\/\/blogsaverroes.juntadeandalucia.es\/pacoprofemanilva\/files\/2020\/03\/Les-pronoms-relatifs-compos\u00e9s.pptx\">Les pronoms relatifs compos\u00e9s<\/a><\/li>\n<li><a href=\"https:\/\/blogsaverroes.juntadeandalucia.es\/pacoprofemanilva\/files\/2020\/03\/Le-passif.pptx\">Le passif<\/a><\/li>\n<li><a href=\"https:\/\/blogsaverroes.juntadeandalucia.es\/pacoprofemanilva\/files\/2020\/03\/Le-discours-rapport\u00e9.pptx\">Le discours rapport\u00e9<\/a><\/li>\n<li><a href=\"https:\/\/blogsaverroes.juntadeandalucia.es\/pacoprofemanilva\/files\/2020\/03\/L-imparfait.pptx\">L&#8217; imparfait<\/a><\/li>\n<li><a href=\"https:\/\/blogsaverroes.juntadeandalucia.es\/pacoprofemanilva\/files\/2020\/03\/Expressions-de-temps-indicatif-ou-subjonctif-.docx\">Expressions de temps, indicatif ou subjonctif&nbsp;<\/a><\/li>\n<li><a href=\"https:\/\/blogsaverroes.juntadeandalucia.es\/pacoprofemanilva\/files\/2020\/03\/\u00c9cologie-environnement.docx\">\u00c9cologie-environnement<\/a><\/li>\n<li><a href=\"https:\/\/blogsaverroes.juntadeandalucia.es\/pacoprofemanilva\/files\/2020\/03\/Instituciones-francesas.docx\">Instituciones francesas<\/a><\/li>\n<li><a href=\"https:\/\/blogsaverroes.juntadeandalucia.es\/pacoprofemanilva\/files\/2020\/03\/Le-temps-la-m\u00e9t\u00e9o.docx\">Le temps, la m\u00e9t\u00e9o<\/a><\/li>\n<li><a href=\"https:\/\/blogsaverroes.juntadeandalucia.es\/pacoprofemanilva\/files\/2020\/03\/Le-Pronom-Y.pptx\">Le Pronom Y<\/a><\/li>\n<li><a href=\"https:\/\/blogsaverroes.juntadeandalucia.es\/pacoprofemanilva\/files\/2020\/03\/Expresiones-para-redactar-o-conversar-en-Selectividad.docx\">Expresiones para redactar o conversar en Selectividad<\/a><\/li>\n<li><a href=\"https:\/\/blogsaverroes.juntadeandalucia.es\/pacoprofemanilva\/files\/2020\/03\/El-plural.pptx\">Le pluriel<\/a><\/li>\n<li>&nbsp;<\/li>\n<li>&nbsp;<\/li>\n<li>&nbsp;<\/li>\n<li>&nbsp;<\/li>\n<li>&nbsp;<\/li>\n<\/ol>\n","protected":false},"excerpt":{"rendered":"<p>Futur proche Pass\u00e9 compos\u00e9 1 Pass\u00e9 compos\u00e9 2 Pass\u00e9 compos\u00e9 &#8211; Verbos de movimiento Le Pr\u00e9sent Les adjectifs possessifs Les adjectifs d\u00e9monstratifs L&#8217; imp\u00e9ratif Le N\u00e9gatif 1\u00e8re partie Le N\u00e9gatif 2 L&#8217;heure Le pronom EN Los pronombres CD y CI Le comparatif Le superlatif Les relatifs Les pronoms relatifs compos\u00e9s Le passif Le discours rapport\u00e9 &hellip; <\/p>\n<p class=\"link-more\"><a href=\"https:\/\/blogsaverroes.juntadeandalucia.es\/pacoprofemanilva\/2020\/03\/23\/aula\/\" class=\"more-link\">Continuar leyendo<span class=\"screen-reader-text\"> \u00abAula\u00bb<\/span><\/a><\/p>\n","protected":false},"author":8958,"featured_media":0,"comment_status":"open","ping_status":"open","sticky":false,"template":"","format":"standard","meta":{"ngg_post_thumbnail":0,"footnotes":""},"categories":[5],"tags":[],"aioseo_notices":[],"_links":{"self":[{"href":"https:\/\/blogsaverroes.juntadeandalucia.es\/pacoprofemanilva\/wp-json\/wp\/v2\/posts\/34"}],"collection":[{"href":"https:\/\/blogsaverroes.juntadeandalucia.es\/pacoprofemanilva\/wp-json\/wp\/v2\/posts"}],"about":[{"href":"https:\/\/blogsaverroes.juntadeandalucia.es\/pacoprofemanilva\/wp-json\/wp\/v2\/types\/post"}],"author":[{"embeddable":true,"href":"https:\/\/blogsaverroes.juntadeandalucia.es\/pacoprofemanilva\/wp-json\/wp\/v2\/users\/8958"}],"replies":[{"embeddable":true,"href":"https:\/\/blogsaverroes.juntadeandalucia.es\/pacoprofemanilva\/wp-json\/wp\/v2\/comments?post=34"}],"version-history":[{"count":18,"href":"https:\/\/blogsaverroes.juntadeandalucia.es\/pacoprofemanilva\/wp-json\/wp\/v2\/posts\/34\/revisions"}],"predecessor-version":[{"id":183,"href":"https:\/\/blogsaverroes.juntadeandalucia.es\/pacoprofemanilva\/wp-json\/wp\/v2\/posts\/34\/revisions\/183"}],"wp:attachment":[{"href":"https:\/\/blogsaverroes.juntadeandalucia.es\/pacoprofemanilva\/wp-json\/wp\/v2\/media?parent=34"}],"wp:term":[{"taxonomy":"category","embeddable":true,"href":"https:\/\/blogsaverroes.juntadeandalucia.es\/pacoprofemanilva\/wp-json\/wp\/v2\/categories?post=34"},{"taxonomy":"post_tag","embeddable":true,"href":"https:\/\/blogsaverroes.juntadeandalucia.es\/pacoprofemanilva\/wp-json\/wp\/v2\/tags?post=34"}],"curies":[{"name":"wp","href":"https:\/\/api.w.org\/{rel}","templated":true}]}}