{"id":588,"date":"2022-05-11T21:10:07","date_gmt":"2022-05-11T19:10:07","guid":{"rendered":"https:\/\/blogsaverroes.juntadeandalucia.es\/paranonimosfaradays\/?p=588"},"modified":"2022-05-12T15:09:25","modified_gmt":"2022-05-12T13:09:25","slug":"computacional-thinking-education-in-k-12-artificial-intelligence-literacy-and-physical-computing","status":"publish","type":"post","link":"https:\/\/blogsaverroes.juntadeandalucia.es\/paranonimosfaradays\/computacional-thinking-education-in-k-12-artificial-intelligence-literacy-and-physical-computing\/","title":{"rendered":"Computacional Thinking Education in K-12 Artificial Intelligence Literacy and Physical Computing"},"content":{"rendered":"<p>&nbsp;&nbsp; Hace unos d\u00edas, un twit de<a href=\"https:\/\/programamos.es\/\"> Programamos<\/a> anunciaba la publicaci\u00f3n de un libro sobre \u00abLa Educaci\u00f3n del Pensamiento Computacional en Infantil, Primaria y Secundaria: Alfabetizaci\u00f3n&nbsp; en Inteligencia Artificial y Computaci\u00f3n F\u00edsica\u00bb. La precedente frase entrecomillada&nbsp; es como ven\u00edan a traducir en la pr\u00e1ctica el t\u00edtulo del libro: Computacional Thinking Education in K-12 Artificial Intelligence Literacy and Physical Computing. Este libro ha sido editado por MIT Press y cuenta con la colaboraci\u00f3n de docente e investigadores distinguidos (entre los que se encuentran varios espa\u00f1oles: Marcos Rom\u00e1n, Jes\u00fas Moreno y Gregorio Robles). Se anunciaba tambi\u00e9n que por generosidad de los autores, era posible descargar una versi\u00f3n digital del libro. Llegados a este punto os traslado el enlace a la obra para que pod\u00e1is conocer de primera mano quienes son los autores y cuales son los contenidos.<\/p>\n<p><a href=\"https:\/\/direct.mit.edu\/books\/oa-edited-volume\/5312\/Computational-Thinking-Education-in-K-12Artificial\">Haz click aqu\u00ed para ir a la obra<\/a>.<\/p>\n<p>&nbsp;&nbsp; Pod\u00e9is consultar la noticia en la p\u00e1gina de Programamos usando el siguiente enlace: <a href=\"https:\/\/programamos.es\/el-libro-educativo-del-ano-ya-esta-a-la-venta-pero-ademas-puedes-descargarlo-gratis-y-con-licencia-libre\/\">haz click aqu\u00ed<\/a>.<\/p>\n<p>&nbsp;&nbsp; Los pr\u00f3ximos cambios en el sistema educativo dan bastante peso al pensamiento computacional por lo que esta obra, sin dudas, va a ser de gran ayuda. Muchas gracias a los autores por su generosidad y a Programamos por difundir esta noticia.<\/p>\n<p>&nbsp;<\/p>\n<p>&nbsp;<\/p>\n","protected":false},"excerpt":{"rendered":"<p>&nbsp;&nbsp; Hace unos d\u00edas, un twit de Programamos anunciaba la publicaci\u00f3n de un libro sobre \u00abLa Educaci\u00f3n del Pensamiento Computacional en Infantil, Primaria y Secundaria: Alfabetizaci\u00f3n&nbsp; en Inteligencia Artificial y Computaci\u00f3n F\u00edsica\u00bb. La precedente&#46;&#46;&#46;<\/p>\n","protected":false},"author":9541,"featured_media":0,"comment_status":"open","ping_status":"open","sticky":false,"template":"","format":"standard","meta":{"ngg_post_thumbnail":0,"footnotes":""},"categories":[8,11,1],"tags":[],"aioseo_notices":[],"_links":{"self":[{"href":"https:\/\/blogsaverroes.juntadeandalucia.es\/paranonimosfaradays\/wp-json\/wp\/v2\/posts\/588"}],"collection":[{"href":"https:\/\/blogsaverroes.juntadeandalucia.es\/paranonimosfaradays\/wp-json\/wp\/v2\/posts"}],"about":[{"href":"https:\/\/blogsaverroes.juntadeandalucia.es\/paranonimosfaradays\/wp-json\/wp\/v2\/types\/post"}],"author":[{"embeddable":true,"href":"https:\/\/blogsaverroes.juntadeandalucia.es\/paranonimosfaradays\/wp-json\/wp\/v2\/users\/9541"}],"replies":[{"embeddable":true,"href":"https:\/\/blogsaverroes.juntadeandalucia.es\/paranonimosfaradays\/wp-json\/wp\/v2\/comments?post=588"}],"version-history":[{"count":5,"href":"https:\/\/blogsaverroes.juntadeandalucia.es\/paranonimosfaradays\/wp-json\/wp\/v2\/posts\/588\/revisions"}],"predecessor-version":[{"id":593,"href":"https:\/\/blogsaverroes.juntadeandalucia.es\/paranonimosfaradays\/wp-json\/wp\/v2\/posts\/588\/revisions\/593"}],"wp:attachment":[{"href":"https:\/\/blogsaverroes.juntadeandalucia.es\/paranonimosfaradays\/wp-json\/wp\/v2\/media?parent=588"}],"wp:term":[{"taxonomy":"category","embeddable":true,"href":"https:\/\/blogsaverroes.juntadeandalucia.es\/paranonimosfaradays\/wp-json\/wp\/v2\/categories?post=588"},{"taxonomy":"post_tag","embeddable":true,"href":"https:\/\/blogsaverroes.juntadeandalucia.es\/paranonimosfaradays\/wp-json\/wp\/v2\/tags?post=588"}],"curies":[{"name":"wp","href":"https:\/\/api.w.org\/{rel}","templated":true}]}}