{"id":32,"date":"2020-05-10T22:25:12","date_gmt":"2020-05-10T20:25:12","guid":{"rendered":"https:\/\/blogsaverroes.juntadeandalucia.es\/paratodosparatodas\/?p=32"},"modified":"2020-05-16T14:08:55","modified_gmt":"2020-05-16T12:08:55","slug":"articulo-sobre-repositorio","status":"publish","type":"post","link":"https:\/\/blogsaverroes.juntadeandalucia.es\/paratodosparatodas\/articulo-sobre-repositorio\/","title":{"rendered":"Art\u00edculo sobre repositorio"},"content":{"rendered":"<p>Hoy quiero hablaros de repositorios de recursos educativos. Todos buscamos en nuestra tarea docente distintas actividades para nuestro alumnos: nuevas, distintas, digitales, que les motive\u2026. Y a veces, nos resulta dif\u00edcil encontrar algo con cierta calidad y que no se haya visto ya. Podemos usar estos repositorios oficiales que a continuaci\u00f3n explico brevemente:<\/p>\n<p><strong><a href=\"http:\/\/agrega.educacion.es\/visualizadorcontenidos2\/Portada\/Portada.do\">Agrega2<\/a>.<\/strong> Es un potente repositorio o almac\u00e9n de recursos digitales. Esta base de datos de contenidos se agrupa por <a href=\"http:\/\/agrega.educacion.es\/visualizadorcontenidos2\/Portada\/Portada.do\"><img loading=\"lazy\" decoding=\"async\" class=\" wp-image-59 alignright\" src=\"https:\/\/blogsaverroes.juntadeandalucia.es\/paratodosparatodas\/files\/2020\/05\/Captura-de-pantalla-2020-04-27-a-las-13.58.05-300x98.png\" alt=\"\" width=\"269\" height=\"88\" srcset=\"https:\/\/blogsaverroes.juntadeandalucia.es\/paratodosparatodas\/files\/2020\/05\/Captura-de-pantalla-2020-04-27-a-las-13.58.05-300x98.png 300w, https:\/\/blogsaverroes.juntadeandalucia.es\/paratodosparatodas\/files\/2020\/05\/Captura-de-pantalla-2020-04-27-a-las-13.58.05-768x251.png 768w, https:\/\/blogsaverroes.juntadeandalucia.es\/paratodosparatodas\/files\/2020\/05\/Captura-de-pantalla-2020-04-27-a-las-13.58.05-1024x335.png 1024w, https:\/\/blogsaverroes.juntadeandalucia.es\/paratodosparatodas\/files\/2020\/05\/Captura-de-pantalla-2020-04-27-a-las-13.58.05-24x8.png 24w, https:\/\/blogsaverroes.juntadeandalucia.es\/paratodosparatodas\/files\/2020\/05\/Captura-de-pantalla-2020-04-27-a-las-13.58.05-36x12.png 36w, https:\/\/blogsaverroes.juntadeandalucia.es\/paratodosparatodas\/files\/2020\/05\/Captura-de-pantalla-2020-04-27-a-las-13.58.05-48x16.png 48w\" sizes=\"(max-width: 269px) 100vw, 269px\" \/><\/a>comunidades, ya que esta gestionado y mantenido por el Ministerio de Educaci\u00f3n y las distintas conserjer\u00edas auton\u00f3micas de educaci\u00f3n, pudiendo buscar en todo el portal a nivel nacional o seleccionando contenidos creados en una comunidad. Los contenidos digitales educativos que puedes encontrar en Agrega2 est\u00e1n preparados para la descarga y su uso tanto por docentes como por alumnos.<\/p>\n<p>As\u00ed podemos encontrar desde propuestas did\u00e1cticas completas y amplias hasta actividades mucho m\u00e1s concretas; o planes de formaci\u00f3n, art\u00edculos de investigaci\u00f3n o experiencias, etc..<\/p>\n<p>Para filtrar la informaci\u00f3n y concretar las b\u00fasquedas se puede pulsa en la opci\u00f3n \u201cavanzada\u201d del buscador principal y luego activar el filtro \u201cTaxonomia\u201d. As\u00ed nos va a permitir seleccionar contenidos atendiendo a criterios como nivel educativo o especialidad. Algunos ejemplos son:<\/p>\n<p><strong>La oraci\u00f3n<\/strong> (<a href=\"http:\/\/agrega.juntadeandalucia.es\/visualizar\/es\/es-an_2019032913_9132149\/false\">http:\/\/agrega.juntadeandalucia.es\/visualizar\/es\/es-an_2019032913_9132149\/false<\/a>), autora: Meritxell Regidor Ibars, Licencia Creative Commons.&nbsp;Atribuci\u00f3n-NoComercial-CompartirIgual CC BY-NC-SA<\/p>\n<p>&nbsp;<\/p>\n<p><strong>Entrenamiento perceptivo.&nbsp;<\/strong><\/p>\n<p><a href=\"http:\/\/agrega.juntadeandalucia.es\/ODE2\/es\/es_2009041613_7310370\/embed\" target=\"_blank\" rel=\"noopener noreferrer\"><img decoding=\"async\" title=\"es_2009041613_7310370\" src=\"https:\/\/blogsaverroes.juntadeandalucia.es\/paratodosparatodas\/files\/2020\/05\/Captura-de-pantalla-2020-05-15-a-las-13.06.15-e1589541017577.png\" alt=\"ENTRENAMIENTO COGNITIVO: PERCEPCI\u00d3N\"><\/a><\/p>\n<p>Licencia Creative Commons.&nbsp;Atribuci\u00f3n-NoComercial-CompartirIgual CC BY-NC-SA<\/p>\n<p>&nbsp;<\/p>\n<p><strong>CREA.<\/strong> Otro repositorio para encontrar contenidos o recursos digitales oficiales es CREA. Este es un espacio creado y <a href=\"http:\/\/www.juntadeandalucia.es\/educacion\/permanente\/materiales\/index.php\"><img loading=\"lazy\" decoding=\"async\" class=\"size-medium wp-image-58 alignleft\" src=\"https:\/\/blogsaverroes.juntadeandalucia.es\/paratodosparatodas\/files\/2020\/05\/Captura-de-pantalla-2020-04-27-a-las-13.57.19-300x93.png\" alt=\"\" width=\"300\" height=\"93\" srcset=\"https:\/\/blogsaverroes.juntadeandalucia.es\/paratodosparatodas\/files\/2020\/05\/Captura-de-pantalla-2020-04-27-a-las-13.57.19-300x93.png 300w, https:\/\/blogsaverroes.juntadeandalucia.es\/paratodosparatodas\/files\/2020\/05\/Captura-de-pantalla-2020-04-27-a-las-13.57.19-768x238.png 768w, https:\/\/blogsaverroes.juntadeandalucia.es\/paratodosparatodas\/files\/2020\/05\/Captura-de-pantalla-2020-04-27-a-las-13.57.19-1024x318.png 1024w, https:\/\/blogsaverroes.juntadeandalucia.es\/paratodosparatodas\/files\/2020\/05\/Captura-de-pantalla-2020-04-27-a-las-13.57.19-24x7.png 24w, https:\/\/blogsaverroes.juntadeandalucia.es\/paratodosparatodas\/files\/2020\/05\/Captura-de-pantalla-2020-04-27-a-las-13.57.19-36x11.png 36w, https:\/\/blogsaverroes.juntadeandalucia.es\/paratodosparatodas\/files\/2020\/05\/Captura-de-pantalla-2020-04-27-a-las-13.57.19-48x15.png 48w\" sizes=\"(max-width: 300px) 100vw, 300px\" \/><\/a>mantenido por la Consejer\u00eda de Educaci\u00f3n y Deporte de la Junta de Andaluc\u00eda, destinado principalmente a las ense\u00f1anzas de educaci\u00f3n secundaria, educaci\u00f3n de adultos, idiomas y formaci\u00f3n profesional. Para el \u00e1mbito de primaria quiz\u00e1s no sea este el repositorio donde m\u00e1s informaci\u00f3n \u00fatil se pueda encontrar aunque si he utilizado puntualmente algunos documentos dentro del espacio Otros Recursos &gt;&gt; Espa\u00f1ol para extranjeros, como por ejemplo: La gu\u00eda del alumnos para presentaciones y vocabulario b\u00e1sico <a href=\"https:\/\/www.juntadeandalucia.es\/educacion\/portals\/delegate\/content\/771fdeee-04d1-4c9f-9250-074891dc321a\">https:\/\/www.juntadeandalucia.es\/educacion\/portals\/delegate\/content\/771fdeee-04d1-4c9f-9250-074891dc321a<\/a><\/p>\n<p>Los contenidos se encuentran divididos en secciones, por las que puedes navegar f\u00e1cilmente y encontrar los recursos que te interesen.<\/p>\n<p>&nbsp;<\/p>\n<p><strong><a href=\"http:\/\/procomun.educalab.es\/es\">PROCOMUN<\/a>.<\/strong> El \u00faltimo repositorio analizado es Procomun. \u00c9ste es un espacio gestionado por el Instituto Nacional de Tecnologias Educativas y de Formaci\u00f3n del profesorado (INTEF) dependiente del Ministerio de Educaci\u00f3n y Formaci\u00f3n Profesional. En \u00e9l se pueden encontrar multitud de recursos educativos en abierto, es decir, de acceso para docentes y alumnado. Dispone de un \u00fatil buscador con filtro por tipo de contenidos (recurso educativos, art\u00edculos, Webinar, podcast, usuarios,\u2026), filtros por \u00e1reas de conocimiento o por contexto educativo. Utilizando este ultimo filtro de contexto educativo, y seleccionando la opci\u00f3n Educaci\u00f3n Especial encuentro recurso como el que sigue:<\/p>\n<p><a href=\"http:\/\/procomun.educalab.es\/es\/ode\/view\/1571379878491\">http:\/\/procomun.educalab.es\/es\/ode\/view\/1571379878491<\/a><\/p>\n<p>Autoras: Carmen Dominguez, Mar\u00eda Olmos y Raquel P\u00e9rez. Licencia Creative Commons.&nbsp;Attribution 4.0 Internacional (CC BY 4.0)<\/p>\n<p><a href=\"http:\/\/procomun.educalab.es\/es\"><img loading=\"lazy\" decoding=\"async\" class=\"size-medium wp-image-60 aligncenter\" src=\"https:\/\/blogsaverroes.juntadeandalucia.es\/paratodosparatodas\/files\/2020\/05\/Captura-de-pantalla-2020-04-27-a-las-13.58.38-300x104.png\" alt=\"\" width=\"300\" height=\"104\" srcset=\"https:\/\/blogsaverroes.juntadeandalucia.es\/paratodosparatodas\/files\/2020\/05\/Captura-de-pantalla-2020-04-27-a-las-13.58.38-300x104.png 300w, https:\/\/blogsaverroes.juntadeandalucia.es\/paratodosparatodas\/files\/2020\/05\/Captura-de-pantalla-2020-04-27-a-las-13.58.38-768x266.png 768w, https:\/\/blogsaverroes.juntadeandalucia.es\/paratodosparatodas\/files\/2020\/05\/Captura-de-pantalla-2020-04-27-a-las-13.58.38-1024x355.png 1024w, https:\/\/blogsaverroes.juntadeandalucia.es\/paratodosparatodas\/files\/2020\/05\/Captura-de-pantalla-2020-04-27-a-las-13.58.38-24x8.png 24w, https:\/\/blogsaverroes.juntadeandalucia.es\/paratodosparatodas\/files\/2020\/05\/Captura-de-pantalla-2020-04-27-a-las-13.58.38-36x12.png 36w, https:\/\/blogsaverroes.juntadeandalucia.es\/paratodosparatodas\/files\/2020\/05\/Captura-de-pantalla-2020-04-27-a-las-13.58.38-48x17.png 48w\" sizes=\"(max-width: 300px) 100vw, 300px\" \/><\/a><\/p>\n<p>No quiero cerrar esta entrada sin hacer una menci\u00f3n o aclaraci\u00f3n entorno a las categor\u00edas o etiquetas. Esto son marcadores o clasificadores que se le asigna a cada recurso educativos, archivo o espacio que va a provocar ir organizando cada uno de los contenidos. Las categor\u00edas y etiquetas nos permiten encontrar actividades y recursos con una tem\u00e1tica com\u00fan, la propia categor\u00eda o etiqueta. Es un sistema de organizaci\u00f3n muy \u00fatil que nos permite ahorrar tiempo en nuestras b\u00fasquedas.<\/p>\n","protected":false},"excerpt":{"rendered":"<p>Hoy quiero hablaros de repositorios de recursos educativos. Todos buscamos en nuestra tarea docente distintas actividades para nuestro alumnos: nuevas, distintas, digitales, que les motive\u2026. Y a veces, nos resulta dif\u00edcil encontrar algo con&#46;&#46;&#46;<\/p>\n","protected":false},"author":3238,"featured_media":59,"comment_status":"open","ping_status":"open","sticky":false,"template":"","format":"standard","meta":{"ngg_post_thumbnail":0,"footnotes":""},"categories":[2],"tags":[14,5],"aioseo_notices":[],"_links":{"self":[{"href":"https:\/\/blogsaverroes.juntadeandalucia.es\/paratodosparatodas\/wp-json\/wp\/v2\/posts\/32"}],"collection":[{"href":"https:\/\/blogsaverroes.juntadeandalucia.es\/paratodosparatodas\/wp-json\/wp\/v2\/posts"}],"about":[{"href":"https:\/\/blogsaverroes.juntadeandalucia.es\/paratodosparatodas\/wp-json\/wp\/v2\/types\/post"}],"author":[{"embeddable":true,"href":"https:\/\/blogsaverroes.juntadeandalucia.es\/paratodosparatodas\/wp-json\/wp\/v2\/users\/3238"}],"replies":[{"embeddable":true,"href":"https:\/\/blogsaverroes.juntadeandalucia.es\/paratodosparatodas\/wp-json\/wp\/v2\/comments?post=32"}],"version-history":[{"count":18,"href":"https:\/\/blogsaverroes.juntadeandalucia.es\/paratodosparatodas\/wp-json\/wp\/v2\/posts\/32\/revisions"}],"predecessor-version":[{"id":74,"href":"https:\/\/blogsaverroes.juntadeandalucia.es\/paratodosparatodas\/wp-json\/wp\/v2\/posts\/32\/revisions\/74"}],"wp:featuredmedia":[{"embeddable":true,"href":"https:\/\/blogsaverroes.juntadeandalucia.es\/paratodosparatodas\/wp-json\/wp\/v2\/media\/59"}],"wp:attachment":[{"href":"https:\/\/blogsaverroes.juntadeandalucia.es\/paratodosparatodas\/wp-json\/wp\/v2\/media?parent=32"}],"wp:term":[{"taxonomy":"category","embeddable":true,"href":"https:\/\/blogsaverroes.juntadeandalucia.es\/paratodosparatodas\/wp-json\/wp\/v2\/categories?post=32"},{"taxonomy":"post_tag","embeddable":true,"href":"https:\/\/blogsaverroes.juntadeandalucia.es\/paratodosparatodas\/wp-json\/wp\/v2\/tags?post=32"}],"curies":[{"name":"wp","href":"https:\/\/api.w.org\/{rel}","templated":true}]}}